{"id":6142,"date":"2022-05-04T10:07:44","date_gmt":"2022-05-04T13:07:44","guid":{"rendered":"https:\/\/imais.online\/portal\/?p=6142"},"modified":"2022-05-04T10:07:45","modified_gmt":"2022-05-04T13:07:45","slug":"sinfonica-de-indaiatuba-retorna-ao-palco-do-ciaei-no-dia-13","status":"publish","type":"post","link":"https:\/\/imais.online\/portal\/sinfonica-de-indaiatuba-retorna-ao-palco-do-ciaei-no-dia-13\/","title":{"rendered":"Sinf\u00f4nica de Indaiatuba retorna ao palco do CIAEI no dia 13"},"content":{"rendered":"<div class=\"imais-before-content-placement\" id=\"imais-3077133914\"><script async src=\"\/\/pagead2.googlesyndication.com\/pagead\/js\/adsbygoogle.js?client=ca-pub-8787528412751566\" crossorigin=\"anonymous\"><\/script><ins class=\"adsbygoogle\" style=\"display:block;\" data-ad-client=\"ca-pub-8787528412751566\" \ndata-ad-slot=\"\" \ndata-ad-format=\"auto\"><\/ins>\n<script> \n(adsbygoogle = window.adsbygoogle || []).push({}); \n<\/script>\n<\/div>\n<p class=\"has-text-align-center\"><em>Apresenta\u00e7\u00e3o, que integra programa\u00e7\u00e3o do Maio Musical, ter\u00e1 participa\u00e7\u00e3o do violonista Fabio Zanon<\/em><\/p>\n\n\n\n<p>A <a href=\"http:\/\/www.orquestradeindaiatuba.org.br\" target=\"_blank\" rel=\"noreferrer noopener\"><strong>Orquestra Sinf\u00f4nica de Indaiatuba<\/strong><\/a>&nbsp;retorna, <strong>no dia 13<\/strong>, \u00e0s 20h, \u00e0 Sala Acr\u00edsio de Camargo, no CIAEI (Centro Integrado de Apoio \u00e0 Educa\u00e7\u00e3o de Indaiatuba), para apresentar a obra <strong>Concierto Del Sur<\/strong>. Em sess\u00e3o \u00fanica, o concerto receber\u00e1 ainda <strong>Fabio Zanon<\/strong>, um dos maiores nomes do viol\u00e3o no cen\u00e1rio internacional. Essa noite musical integra as atra\u00e7\u00f5es do <strong>30\u00ba Maio Musical <\/strong>&#8211; promovido pela Prefeitura de Indaiatuba -, que contar\u00e1 tamb\u00e9m com show do <strong>Quarteto de Cordas da Sinf\u00f4nica e a cantora Sonia Di Morais<\/strong> no dia 12, e apresenta\u00e7\u00e3o da<strong> Orquestra Jovem<\/strong> no dia 14.&nbsp;Todos os eventos s\u00e3o gratuitos e com apoio cultural das empresas <a href=\"http:\/\/www.corbellatintas.com.br\/\" target=\"_blank\" rel=\"noreferrer noopener\"><strong>Corbella<\/strong><\/a><a href=\"http:\/\/www.corbellatintas.com.br\/\" target=\"_blank\" rel=\"noreferrer noopener\">&nbsp;<\/a>e <a href=\"https:\/\/www.coral.com.br\/\" target=\"_blank\" rel=\"noreferrer noopener\"><strong>Coral<\/strong><\/a><strong>.&nbsp;<\/strong><\/p>\n\n\n\n<p>De autoria do mexicano <a href=\"https:\/\/pt.wikipedia.org\/wiki\/Manuel_Mar%C3%ADa_Ponce\" target=\"_blank\" rel=\"noreferrer noopener\">Manuel Ponce<\/a>, a pe\u00e7a <strong>Concierto del Sur<\/strong> foi composta para o violonista espanhol Andr\u00e9s Segovia, reconhecido como um dos pais do viol\u00e3o erudito. Para o concerto, que tem dire\u00e7\u00e3o art\u00edstica e reg\u00eancia do maestro Paulo de Paula, a <strong>Sinf\u00f4nica<\/strong> dividir\u00e1 o palco com um convidado especial: o<strong> violonista Fabio Zanon<\/strong>. Considerado um dos maiores nomes do viol\u00e3o na atualidade, Zanon j\u00e1 levou sua arte para mais de 50 pa\u00edses. Inclusive, venceu o <a href=\"http:\/\/www.certamenguitarrabenicassim.com\/historia\" target=\"_blank\" rel=\"noreferrer noopener\"><em>Concurso<\/em> <em>Francisco T\u00e1rrega<\/em><\/a>, uma das premia\u00e7\u00f5es mais importantes desse instrumento.&nbsp;<\/p>\n\n\n\n<p><strong>PROGRAMA\u00c7\u00c3O <\/strong>Celebrar o privil\u00e9gio do amanhecer de cada dia \u00e9 o prop\u00f3sito que o show <em><strong>De Volta ao Come\u00e7o<\/strong><\/em> traz <strong>no dia 12<\/strong>, a partir das 20h, para a Sala Acr\u00edsio de Camargo, no CIAEI. Na ocasi\u00e3o, sobem ao palco o <strong>Quarteto de Cordas da Sinf\u00f4nica<\/strong>, formado por Jessica Benedecte e Ricardo Sander nos violinos; Daniele Benedecte (viola) e S\u00e9rgio Ribeiro (arranjos de cordas e violoncelo), e a<strong> cantora Sonia Di Morais<\/strong>. A apresenta\u00e7\u00e3o se constr\u00f3i a partir de uma perspectiva genuinamente brasileira, trazendo composi\u00e7\u00f5es de Marisa Monte, Gonzaguinha, Lenine, Djavan, entre outros nomes da m\u00fasica nacional.<\/p>\n\n\n\n<p>Para somar a essa experi\u00eancia, acompanhar\u00e3o ainda os m\u00fasicos Eron Guarnieri ao piano; Gerson Lima Filho \u00e0 bateria; e Viktor Lima no baixo. Os arranjos, dire\u00e7\u00e3o musical e vocais s\u00e3o da <strong>cantora e maestrina Sonia Di Morais<\/strong>, especialista em Can\u00e7\u00e3o Popular e regente da Orquestra e Coral da Funda\u00e7\u00e3o Bradesco em Osasco. Sonia tamb\u00e9m j\u00e1 se apresentou ao lado de artistas importantes dentro da cena musical brasileira, como Milton Nascimento, Ivan Lins, Gal Costa, entre outros.<\/p>\n\n\n\n<p>A <strong>Orquestra Jovem de Indaiatuba<\/strong> tamb\u00e9m participa do festival, <strong>no dia 14<\/strong>, \u00e0s 19h, proporcionando uma viagem musical pelo Brasil, em conjunto com o <strong>Trio Entre Aspas<\/strong>. O itiner\u00e1rio desse passeio levantar\u00e1 voo nas influ\u00eancias musicais do Nordeste, passar\u00e1 por S\u00e3o Paulo e aterrissar\u00e1 no Rio de Janeiro. Entre as obras escolhidas est\u00e3o can\u00e7\u00f5es de Guerra-Peixe, Edu Lobo, Pixinguinha e Tom Jobim.&nbsp;<\/p>\n\n\n\n<p>O <strong>Trio Entre Aspas<\/strong> \u00e9 composto por Paulinho Paz (piano), Isaac Miranda (contrabaixo ac\u00fastico) e Clayton de Moraes (bateria). O concerto, que ser\u00e1 realizado em frente ao pa\u00e7o municipal, em um palco externo, tem dire\u00e7\u00e3o art\u00edstica e reg\u00eancia do maestro Felipe Oliveira.<\/p>\n\n\n\n<p><strong>FESTIVAL <\/strong>Al\u00e9m dessas apresenta\u00e7\u00f5es, a <strong>Orquestra Sinf\u00f4nica de Indaiatuba<\/strong> tamb\u00e9m abriu a programa\u00e7\u00e3o oficial do <strong>30\u00ba Maio Musical<\/strong>, ao lado da banda <strong>Os Paralamas do Sucesso<\/strong>, no domingo, 1\u00ba de maio, em frente ao pa\u00e7o municipal, com recorde de p\u00fablico.&nbsp;<\/p>\n\n\n\n<p><strong>COMO ASSISTIR?<\/strong> Para prestigiar as apresenta\u00e7\u00f5es que acontecem na Sala Acr\u00edsio de Camargo \u00e9 preciso retirar o ingresso, que estar\u00e1 dispon\u00edvel uma hora antes do hor\u00e1rio dos eventos na bilheteria do CIAEI. J\u00e1 para o concerto da Orquestra Jovem, a sugest\u00e3o \u00e9 chegar com alguns minutos de anteced\u00eancia para garantir os lugares.<\/p>\n\n\n\n<p>Vale lembrar que, em conformidade com as recomenda\u00e7\u00f5es do <a href=\"https:\/\/www.saopaulo.sp.gov.br\/noticias-coronavirus\/governo-de-sp-anuncia-a-flexibilizacao-das-mascaras-em-todos-os-ambientes\/\" target=\"_blank\" rel=\"noreferrer noopener\">Governo do Estado de S\u00e3o Paulo<\/a><a href=\"https:\/\/www.saopaulo.sp.gov.br\/noticias-coronavirus\/governo-de-sp-anuncia-a-flexibilizacao-das-mascaras-em-todos-os-ambientes\/\" target=\"_blank\" rel=\"noreferrer noopener\">,<\/a> o uso de m\u00e1scaras em ambientes internos e externos passa a ser facultativo, por\u00e9m, a Orquestra segue encorajando o uso para aqueles que assim desejarem.<\/p>\n\n\n\n<p>Essa programa\u00e7\u00e3o \u00e9 realizada pela <strong>AMOJI (Associa\u00e7\u00e3o Mantenedora da Orquestra Sinf\u00f4nica de Indaiatuba)<\/strong>, em parceria com a <strong>Prefeitura de Indaiatuba<\/strong>, por meio da Secretaria Municipal de Cultura, e apoio cultural das empresas <a href=\"http:\/\/www.corbellatintas.com.br\/\" target=\"_blank\" rel=\"noreferrer noopener\"><strong>Corbella<\/strong><\/a>&nbsp;e <a href=\"https:\/\/www.coral.com.br\/\" target=\"_blank\" rel=\"noreferrer noopener\"><strong>Coral<\/strong><\/a><strong>.&nbsp;<\/strong><\/p>\n\n\n\n<p>O palco externo est\u00e1 localizado em frente ao pa\u00e7o municipal, que fica na avenida Engenheiro F\u00e1bio Roberto Barnab\u00e9, 2800, Jardim Esplanada. J\u00e1 o CIAEI est\u00e1 situado \u00e0 avenida Engenheiro F\u00e1bio Roberto Barnab\u00e9, 3665, no Jardim Regina. Ambos endere\u00e7os s\u00e3o de Indaiatuba (SP).<\/p>\n\n\n\n<p><strong>SERVI\u00c7O<\/strong><strong><br>Orquestra Sinf\u00f4nica de Indaiatuba &#8211; Concierto del Sur<br>Data: <\/strong>13\/05<br><strong>Hor\u00e1rio: <\/strong>20h<br><strong>Ingresso gratuito: bilheteria do CIAEI, 1h antes do concerto<\/strong><strong><br>Local: <\/strong>Sala Acr\u00edsio de Camargo &#8211; CIAEI, avenida Engenheiro F\u00e1bio Roberto Barnab\u00e9, 3665, Jardim Regina (MAPA AQUI), Indaiatuba (SP) &#8211; <a href=\"https:\/\/goo.gl\/maps\/2Pz44AkmFMAdGbPcA\" target=\"_blank\" rel=\"noreferrer noopener\">MAPA AQUI<\/a><\/p>\n\n\n\n<p><strong>Quarteto de Cordas da Sinf\u00f4nica e Sonia Di Morais &#8211; Show De Volta ao Come\u00e7o<\/strong><strong><br>Data: <\/strong>12\/05<br><strong>Hor\u00e1rio: <\/strong>20h<br><strong>Ingresso gratuito: bilheteria do CIAEI, 1h antes do show<\/strong><strong><br>Local: <\/strong>Sala Acr\u00edsio de Camargo &#8211; CIAEI, avenida Engenheiro F\u00e1bio Roberto Barnab\u00e9, 3665, Jardim Regina, Indaiatuba (SP) &#8211; <a href=\"https:\/\/goo.gl\/maps\/2Pz44AkmFMAdGbPcA\" target=\"_blank\" rel=\"noreferrer noopener\">MAPA AQUI<\/a>&nbsp;<strong>Orquestra Jovem de Indaiatuba&nbsp;<\/strong><strong><br><strong>Data: <\/strong><\/strong>14\/05<br><strong>Hor\u00e1rio: <\/strong>19h<br><strong>Entrada gratuita e por ordem de chegada<\/strong><strong><br>Local: <\/strong><strong>Palco externo em frente ao pa\u00e7o municipal <\/strong><strong>&#8211; <\/strong><strong>avenida Engenheiro F\u00e1bio Roberto Barnab\u00e9, 2800, Jardim Esplanada, Indaiatuba (SP) &#8211; <a href=\"https:\/\/goo.gl\/maps\/n7ztubqStoRBwphX9\" target=\"_blank\" rel=\"noreferrer noopener\">MAPA AQUI<\/a><\/strong><\/p>\n","protected":false},"excerpt":{"rendered":"<p>Apresenta\u00e7\u00e3o, que integra programa\u00e7\u00e3o do Maio Musical, ter\u00e1 participa\u00e7\u00e3o do violonista Fabio Zanon A Orquestra Sinf\u00f4nica de Indaiatuba&nbsp;retorna, no dia 13, \u00e0s 20h, \u00e0 Sala Acr\u00edsio de Camargo, no CIAEI (Centro Integrado de Apoio \u00e0 Educa\u00e7\u00e3o de Indaiatuba), para apresentar a obra Concierto Del Sur. Em sess\u00e3o \u00fanica, o concerto receber\u00e1 ainda Fabio Zanon, um [&hellip;]<\/p>\n","protected":false},"author":7,"featured_media":6143,"comment_status":"closed","ping_status":"open","sticky":false,"template":"","format":"standard","meta":{"rop_custom_images_group":[],"rop_custom_messages_group":[],"rop_publish_now":"initial","rop_publish_now_accounts":[],"rop_publish_now_history":[],"rop_publish_now_status":"pending","footnotes":""},"categories":[200],"tags":[],"class_list":["post-6142","post","type-post","status-publish","format-standard","has-post-thumbnail","hentry","category-cultura"],"amp_enabled":true,"_links":{"self":[{"href":"https:\/\/imais.online\/portal\/wp-json\/wp\/v2\/posts\/6142","targetHints":{"allow":["GET"]}}],"collection":[{"href":"https:\/\/imais.online\/portal\/wp-json\/wp\/v2\/posts"}],"about":[{"href":"https:\/\/imais.online\/portal\/wp-json\/wp\/v2\/types\/post"}],"author":[{"embeddable":true,"href":"https:\/\/imais.online\/portal\/wp-json\/wp\/v2\/users\/7"}],"replies":[{"embeddable":true,"href":"https:\/\/imais.online\/portal\/wp-json\/wp\/v2\/comments?post=6142"}],"version-history":[{"count":1,"href":"https:\/\/imais.online\/portal\/wp-json\/wp\/v2\/posts\/6142\/revisions"}],"predecessor-version":[{"id":6144,"href":"https:\/\/imais.online\/portal\/wp-json\/wp\/v2\/posts\/6142\/revisions\/6144"}],"wp:featuredmedia":[{"embeddable":true,"href":"https:\/\/imais.online\/portal\/wp-json\/wp\/v2\/media\/6143"}],"wp:attachment":[{"href":"https:\/\/imais.online\/portal\/wp-json\/wp\/v2\/media?parent=6142"}],"wp:term":[{"taxonomy":"category","embeddable":true,"href":"https:\/\/imais.online\/portal\/wp-json\/wp\/v2\/categories?post=6142"},{"taxonomy":"post_tag","embeddable":true,"href":"https:\/\/imais.online\/portal\/wp-json\/wp\/v2\/tags?post=6142"}],"curies":[{"name":"wp","href":"https:\/\/api.w.org\/{rel}","templated":true}]}}