{"id":6275,"date":"2022-05-07T16:47:38","date_gmt":"2022-05-07T19:47:38","guid":{"rendered":"https:\/\/imais.online\/portal\/?p=6275"},"modified":"2022-05-07T16:47:39","modified_gmt":"2022-05-07T19:47:39","slug":"onibus-de-dupla-sertaneja-tomba-na-regis-bittencourt-e-deixa-mortos-e-feridos","status":"publish","type":"post","link":"https:\/\/imais.online\/portal\/onibus-de-dupla-sertaneja-tomba-na-regis-bittencourt-e-deixa-mortos-e-feridos\/","title":{"rendered":"\u00d4nibus de dupla sertaneja tomba na R\u00e9gis Bittencourt e deixa mortos e feridos"},"content":{"rendered":"<div class=\"imais-before-content-placement\" id=\"imais-40189782\"><script async src=\"\/\/pagead2.googlesyndication.com\/pagead\/js\/adsbygoogle.js?client=ca-pub-8787528412751566\" crossorigin=\"anonymous\"><\/script><ins class=\"adsbygoogle\" style=\"display:block;\" data-ad-client=\"ca-pub-8787528412751566\" \ndata-ad-slot=\"\" \ndata-ad-format=\"auto\"><\/ins>\n<script> \n(adsbygoogle = window.adsbygoogle || []).push({}); \n<\/script>\n<\/div>\n<h2 class=\"wp-block-heading\">Ve\u00edculo da dupla Conrado e Aleksandro com 19 passageiros sofre acidente em rodovia no sentido Curitiba, no Vale do Ribeira (SP)<\/h2>\n\n\n\n<p>Um \u00f4nibus tombou na rodovia R\u00e9gis Bittencourt, sentido Paran\u00e1, em Miracatu, no Vale do Ribeira, em S\u00e3o Paulo, na manh\u00e3 deste s\u00e1bado (7). A pista foi bloqueada no in\u00edcio da tarde para o atendimento \u00e0s v\u00edtimas, segundo a Pol\u00edcia Rodovi\u00e1ria e o Corpo de Bombeiros.<\/p>\n\n\n\n<p>O acidente ocorreu no km 402 da pista norte da BR-116. Segundo informa\u00e7\u00f5es, havia 19 pessoas no coletivo. Foram confirmados ao menos seis mortos no acidente, entre eles o\u00a0<strong>cantor Aleksandro, de 34 anos, que faz dupla com Conrado<\/strong>. De acordo com informa\u00e7\u00f5es do porta-voz do Corpo de Bombeiros, Marcos Palumbo, sete viaturas trabalham no resgate das v\u00edtimas.\u00a0<\/p>\n\n\n\n<p>At\u00e9 o momento, oito v\u00edtimas foram socorridas pela concession\u00e1ria e pela ambul\u00e2ncia, outras cinco est\u00e3o resgatadas das ferragens. &#8220;Infelizmente, \u00e9 um acidente grav\u00edssimo que estamos trabalhando no resgate&#8221;, afirmou o capit\u00e3o Palumbo.<\/p>\n\n\n\n<p>Segundo informa\u00e7\u00f5es da PRF (Pol\u00edcia Rodovi\u00e1ria Federal), o pneu dianteiro esquerdo estourou, fazendo com que o motorista do \u00f4nibus perdesse o controle da dire\u00e7\u00e3o e tombasse na pista, atingindo o canteiro central.<\/p>\n\n\n\n<p>A dupla sertaneja havia realizado um show na cidade de Tijucas do Sul, no estado do Paran\u00e1, e iria a S\u00e3o Pedro para um evento na noite deste s\u00e1bado. De acordo com o Corpo de Bombeiros, das 13 v\u00edtimas, oito foram socorridas pela concession\u00e1ria, que as levou para prontos-socorros das cidades de Miracatu, Juqui\u00e1 e Registro.<\/p>\n\n\n\n<figure class=\"wp-block-image\"><img decoding=\"async\" src=\"https:\/\/img.r7.com\/images\/cantor-aleksandro-morre-em-acidente-07052022134520539?dimensions=771x420\" alt=\"Dupla Aleksandro e Conrado estava no ve\u00edculo, que tombou na R\u00e9gis Bittencourt\" title=\"Dupla Aleksandro e Conrado estava no ve\u00edculo, que tombou na R\u00e9gis Bittencourt\"\/><figcaption>Dupla Aleksandro e Conrado estava no ve\u00edculo, que tombou na R\u00e9gis Bittencourt<br>REPRODU\u00c7\u00c3O\/ INTAGRAM @CONRADOEALEKSANDRO<\/figcaption><\/figure>\n\n\n\n<p>Fonte R7<\/p>\n","protected":false},"excerpt":{"rendered":"<p>Ve\u00edculo da dupla Conrado e Aleksandro com 19 passageiros sofre acidente em rodovia no sentido Curitiba, no Vale do Ribeira (SP) Um \u00f4nibus tombou na rodovia R\u00e9gis Bittencourt, sentido Paran\u00e1, em Miracatu, no Vale do Ribeira, em S\u00e3o Paulo, na manh\u00e3 deste s\u00e1bado (7). A pista foi bloqueada no in\u00edcio da tarde para o atendimento [&hellip;]<\/p>\n","protected":false},"author":8,"featured_media":6276,"comment_status":"closed","ping_status":"open","sticky":false,"template":"","format":"standard","meta":{"rop_custom_images_group":[],"rop_custom_messages_group":[],"rop_publish_now":"initial","rop_publish_now_accounts":[],"rop_publish_now_history":[],"rop_publish_now_status":"pending","footnotes":""},"categories":[195],"tags":[],"class_list":["post-6275","post","type-post","status-publish","format-standard","has-post-thumbnail","hentry","category-sao-paulo"],"amp_enabled":true,"_links":{"self":[{"href":"https:\/\/imais.online\/portal\/wp-json\/wp\/v2\/posts\/6275","targetHints":{"allow":["GET"]}}],"collection":[{"href":"https:\/\/imais.online\/portal\/wp-json\/wp\/v2\/posts"}],"about":[{"href":"https:\/\/imais.online\/portal\/wp-json\/wp\/v2\/types\/post"}],"author":[{"embeddable":true,"href":"https:\/\/imais.online\/portal\/wp-json\/wp\/v2\/users\/8"}],"replies":[{"embeddable":true,"href":"https:\/\/imais.online\/portal\/wp-json\/wp\/v2\/comments?post=6275"}],"version-history":[{"count":1,"href":"https:\/\/imais.online\/portal\/wp-json\/wp\/v2\/posts\/6275\/revisions"}],"predecessor-version":[{"id":6277,"href":"https:\/\/imais.online\/portal\/wp-json\/wp\/v2\/posts\/6275\/revisions\/6277"}],"wp:featuredmedia":[{"embeddable":true,"href":"https:\/\/imais.online\/portal\/wp-json\/wp\/v2\/media\/6276"}],"wp:attachment":[{"href":"https:\/\/imais.online\/portal\/wp-json\/wp\/v2\/media?parent=6275"}],"wp:term":[{"taxonomy":"category","embeddable":true,"href":"https:\/\/imais.online\/portal\/wp-json\/wp\/v2\/categories?post=6275"},{"taxonomy":"post_tag","embeddable":true,"href":"https:\/\/imais.online\/portal\/wp-json\/wp\/v2\/tags?post=6275"}],"curies":[{"name":"wp","href":"https:\/\/api.w.org\/{rel}","templated":true}]}}