{"id":6297,"date":"2022-05-09T10:11:09","date_gmt":"2022-05-09T13:11:09","guid":{"rendered":"https:\/\/imais.online\/portal\/?p=6297"},"modified":"2022-05-09T10:11:11","modified_gmt":"2022-05-09T13:11:11","slug":"homem-perde-guarda-mata-filho-e-tira-a-propria-vida","status":"publish","type":"post","link":"https:\/\/imais.online\/portal\/homem-perde-guarda-mata-filho-e-tira-a-propria-vida\/","title":{"rendered":"Homem perde guarda, mata filho e tira a pr\u00f3pria vida"},"content":{"rendered":"<div class=\"imais-before-content-placement\" id=\"imais-1593616445\"><script async src=\"\/\/pagead2.googlesyndication.com\/pagead\/js\/adsbygoogle.js?client=ca-pub-8787528412751566\" crossorigin=\"anonymous\"><\/script><ins class=\"adsbygoogle\" style=\"display:block;\" data-ad-client=\"ca-pub-8787528412751566\" \ndata-ad-slot=\"\" \ndata-ad-format=\"auto\"><\/ins>\n<script> \n(adsbygoogle = window.adsbygoogle || []).push({}); \n<\/script>\n<\/div>\n<p class=\"has-text-align-center\">Suspeito ligou para a ex-companheira e amea\u00e7ou matar a v\u00edtima, de 8 anos, caso eles n\u00e3o voltassem com a guarda compartilhada<\/p>\n\n\n\n<p>Um homem matou o pr\u00f3prio filho, de 8 anos, ap\u00f3s um desentendimento em raz\u00e3o da guarda da crian\u00e7a, em um hotel no Ja\u00e7an\u00e3, zona norte de S\u00e3o Paulo, no domingo (8). Ap\u00f3s o crime, ele tirou a pr\u00f3pria vida.<\/p>\n\n\n\n<p>A v\u00edtima, identificada como Johan Nijon Pelepenko, \u00e9 filho de Jhoathan Jo\u00e3o Pelepenko, autor do crime, e sua ex-mulher.<\/p>\n\n\n\n<p>Ap\u00f3s o fim do relacionamento, h\u00e1 pouco mais de um ano, Jhoathan se mudou para o estado de Santa Catarina e passou a dividir a guarda da crian\u00e7a com a ex-esposa. De acordo com o rep\u00f3rter Thiago Gardinali, da&nbsp;<strong>Record TV<\/strong>, ap\u00f3s uma disputa judicial, a m\u00e3e de Johan conseguiu a guarda unilateral do filho.<\/p>\n\n\n\n<p>No s\u00e1bado (7), Jhoathan retornou a S\u00e3o Paulo informando que queria ver o filho e, ap\u00f3s conversa com a mulher, combinou que passaria o dia que antecede o Dia das M\u00e3es com a crian\u00e7a.<\/p>\n\n\n\n<p>Com o acordo, a m\u00e3e de Johan arrumou a mochila com os pertences do filho, para que ele pudesse passar um tempo com o pai, e o levou at\u00e9 o local combinado.<\/p>\n\n\n\n<p>Horas ap\u00f3s encontrar o filho, Jhoathan ligou para a ex-companheira e amea\u00e7ou matar a crian\u00e7a caso ela n\u00e3o voltasse com a guarda compartilhada.<\/p>\n\n\n\n<p>Preocupada com as amea\u00e7as, a mulher entrou em contato com a recep\u00e7\u00e3o do North Palace Hotel, local onde o ex-marido estava hospedado com Johan, e pediu para o recepcionista checar o quarto dos familiares. Ignorada pelo funcion\u00e1rio, a m\u00e3e da crian\u00e7a acionou a Pol\u00edcia Militar para checar as condi\u00e7\u00f5es de seu filho.<\/p>\n\n\n\n<p>Segundo o Tenente Carvalho, respons\u00e1vel pela ocorr\u00eancia, a corpora\u00e7\u00e3o recebeu um acionamento para disparo de arma de fogo para a rua Santa Teresa de Jesus. No local, de acordo com a corpora\u00e7\u00e3o, as equipes localizaram a m\u00e3e de Johan que informou que recebia amea\u00e7as do pai da crian\u00e7a via telefone.<\/p>\n\n\n\n<p>Os policiais pediram que o porteiro entrasse em contato com o quarto dos h\u00f3spedes. Sem sucesso, os agentes se deslocaram at\u00e9 o dormit\u00f3rio e arrombaram a porta.<\/p>\n\n\n\n<p>Dentro do quarto os agentes encontraram as v\u00edtimas j\u00e1 atingidas pelos disparos. Segundo a PM, o homem atirou contra o pr\u00f3prio filho e, em seguida, contra si. O \u00f3bito da crian\u00e7a e do atirador foi constatado ainda no local.<\/p>\n\n\n\n<p>Em uma carta de despedida, deixada por Jhoathan, ele confirmou que o motivo do crime teria sido a disputa com a ex-mulher em rela\u00e7\u00e3o \u00e0 guarda do filho.<\/p>\n\n\n\n<p>Equipes da 3\u00aa Companhia do 5\u00ba Batalh\u00e3o de Pol\u00edcia Militar atenderam a ocorr\u00eancia. O caso foi registrado no 8\u00b0 DP (Br\u00e1s).<\/p>\n\n\n\n<p>Fonte: R7.com<br>Let\u00edcia Assis, da Ag\u00eancia Record<\/p>\n","protected":false},"excerpt":{"rendered":"<p>Suspeito ligou para a ex-companheira e amea\u00e7ou matar a v\u00edtima, de 8 anos, caso eles n\u00e3o voltassem com a guarda compartilhada Um homem matou o pr\u00f3prio filho, de 8 anos, ap\u00f3s um desentendimento em raz\u00e3o da guarda da crian\u00e7a, em um hotel no Ja\u00e7an\u00e3, zona norte de S\u00e3o Paulo, no domingo (8). Ap\u00f3s o crime, [&hellip;]<\/p>\n","protected":false},"author":7,"featured_media":6298,"comment_status":"closed","ping_status":"open","sticky":false,"template":"","format":"standard","meta":{"rop_custom_images_group":[],"rop_custom_messages_group":[],"rop_publish_now":"initial","rop_publish_now_accounts":[],"rop_publish_now_history":[],"rop_publish_now_status":"pending","footnotes":""},"categories":[195],"tags":[],"class_list":["post-6297","post","type-post","status-publish","format-standard","has-post-thumbnail","hentry","category-sao-paulo"],"amp_enabled":true,"_links":{"self":[{"href":"https:\/\/imais.online\/portal\/wp-json\/wp\/v2\/posts\/6297","targetHints":{"allow":["GET"]}}],"collection":[{"href":"https:\/\/imais.online\/portal\/wp-json\/wp\/v2\/posts"}],"about":[{"href":"https:\/\/imais.online\/portal\/wp-json\/wp\/v2\/types\/post"}],"author":[{"embeddable":true,"href":"https:\/\/imais.online\/portal\/wp-json\/wp\/v2\/users\/7"}],"replies":[{"embeddable":true,"href":"https:\/\/imais.online\/portal\/wp-json\/wp\/v2\/comments?post=6297"}],"version-history":[{"count":1,"href":"https:\/\/imais.online\/portal\/wp-json\/wp\/v2\/posts\/6297\/revisions"}],"predecessor-version":[{"id":6299,"href":"https:\/\/imais.online\/portal\/wp-json\/wp\/v2\/posts\/6297\/revisions\/6299"}],"wp:featuredmedia":[{"embeddable":true,"href":"https:\/\/imais.online\/portal\/wp-json\/wp\/v2\/media\/6298"}],"wp:attachment":[{"href":"https:\/\/imais.online\/portal\/wp-json\/wp\/v2\/media?parent=6297"}],"wp:term":[{"taxonomy":"category","embeddable":true,"href":"https:\/\/imais.online\/portal\/wp-json\/wp\/v2\/categories?post=6297"},{"taxonomy":"post_tag","embeddable":true,"href":"https:\/\/imais.online\/portal\/wp-json\/wp\/v2\/tags?post=6297"}],"curies":[{"name":"wp","href":"https:\/\/api.w.org\/{rel}","templated":true}]}}