{"id":6402,"date":"2022-05-14T15:30:00","date_gmt":"2022-05-14T18:30:00","guid":{"rendered":"https:\/\/imais.online\/portal\/?p=6402"},"modified":"2022-05-14T15:30:03","modified_gmt":"2022-05-14T18:30:03","slug":"previsao-do-tempo-frio-em-sp-vai-apertar-e-pode-bater-recorde-de-15-anos","status":"publish","type":"post","link":"https:\/\/imais.online\/portal\/previsao-do-tempo-frio-em-sp-vai-apertar-e-pode-bater-recorde-de-15-anos\/","title":{"rendered":"Previs\u00e3o do tempo: Frio em SP vai apertar e pode bater recorde de 15 anos"},"content":{"rendered":"<div class=\"imais-before-content-placement\" id=\"imais-11886208\"><script async src=\"\/\/pagead2.googlesyndication.com\/pagead\/js\/adsbygoogle.js?client=ca-pub-8787528412751566\" crossorigin=\"anonymous\"><\/script><ins class=\"adsbygoogle\" style=\"display:block;\" data-ad-client=\"ca-pub-8787528412751566\" \ndata-ad-slot=\"\" \ndata-ad-format=\"auto\"><\/ins>\n<script> \n(adsbygoogle = window.adsbygoogle || []).push({}); \n<\/script>\n<\/div>\n<h2 class=\"has-text-align-center wp-block-heading\">Na capital paulista, a previs\u00e3o \u00e9 de m\u00ednimas abaixo dos 9\u00baC, o que n\u00e3o acontece em um m\u00eas de maio desde 2007<\/h2>\n\n\n\n<p>O ventinho mais gelado dos \u00faltimos dias foi s\u00f3 um cart\u00e3o de visita para a onda de frio que poder\u00e1 sacudir todo o pa\u00eds e o estado de\u00a0S\u00e3o Paulo\u00a0a partir da semana que vem. Na capital paulista, as m\u00ednimas ficar\u00e3o abaixo dos 10\u00baC e poder\u00e3o bater recorde negativo para o m\u00eas de maio dos \u00faltimos 15 anos.\u00a0<\/p>\n\n\n\n<p>Segundo os servi\u00e7os de meteorologia, tudo isso \u00e9 culpa de uma intensa massa de ar polar que est\u00e1 se aproximando e vai chegar ao pa\u00eds a partir de hoje, j\u00e1 derrubando as temperaturas na regi\u00e3o Sul. Para ajudar, um ciclone extratropical vai estacionar no oceano e empurrar ainda mais frio para o continente.\u00a0<\/p>\n\n\n\n<p>Em S\u00e3o Paulo, os casacos, cachec\u00f3is, luvas e gorros dever\u00e3o sair dos arm\u00e1rios a partir deste domingo, mas ser\u00e3o mesmo necess\u00e1rios na semana que vem, quando o frio ficar\u00e1 mais intenso, com m\u00ednimas abaixo dos 10\u00baC.&nbsp;<\/p>\n\n\n\n<p>\u201cNa capital paulista, a menor temperatura deve ser registrada entre quinta e sexta-feira. A tend\u00eancia, at\u00e9 o momento, \u00e9 de m\u00ednimas em torno 7\u00baC a 9\u00b0C. Na capital, a temperatura n\u00e3o fica abaixo de 9\u00b0C em um m\u00eas de maio desde 2007\u201d, informou a Climatempo.&nbsp;<\/p>\n\n\n\n<p>No interior do estado, as temperaturas poder\u00e3o cair aos 5\u00baC, com possibilidade de rajadas de vento e geadas \u2013 entre moderadas e fracas. O litoral tamb\u00e9m sentir\u00e1 a onda de frio, mas com m\u00ednimas mais elevadas, que v\u00e3o variar entre 10\u00baC e 13\u00baC<\/p>\n\n\n\n<h2 class=\"wp-block-heading\">Term\u00f4metro abaixo de zero no Sul<\/h2>\n\n\n\n<p>&nbsp;As popula\u00e7\u00f5es das serras ga\u00fachas e catarinenses e do planalto sul do Paran\u00e1 ser\u00e3o as mais impactadas pela frente fria. Nestas regi\u00f5es, segundo o Inmet (Instituto Nacional de Meteorologia), \u201cas temperaturas poder\u00e3o ser negativas\u201d na semana que vem, com o registro de fortes geadas.&nbsp;<\/p>\n\n\n\n<p>A onda de frio tamb\u00e9m vai atacar os estados do Centro-Oeste e chegar at\u00e9 o Norte, em Rond\u00f4nia e no Acre<\/p>\n\n\n\n<p>Fonte Ag\u00eancia Brasil<\/p>\n","protected":false},"excerpt":{"rendered":"<p>Na capital paulista, a previs\u00e3o \u00e9 de m\u00ednimas abaixo dos 9\u00baC, o que n\u00e3o acontece em um m\u00eas de maio desde 2007 O ventinho mais gelado dos \u00faltimos dias foi s\u00f3 um cart\u00e3o de visita para a onda de frio que poder\u00e1 sacudir todo o pa\u00eds e o estado de\u00a0S\u00e3o Paulo\u00a0a partir da semana que [&hellip;]<\/p>\n","protected":false},"author":8,"featured_media":6403,"comment_status":"closed","ping_status":"open","sticky":false,"template":"","format":"standard","meta":{"rop_custom_images_group":[],"rop_custom_messages_group":[],"rop_publish_now":"initial","rop_publish_now_accounts":[],"rop_publish_now_history":[],"rop_publish_now_status":"pending","footnotes":""},"categories":[195],"tags":[73],"class_list":["post-6402","post","type-post","status-publish","format-standard","has-post-thumbnail","hentry","category-sao-paulo","tag-featured"],"amp_enabled":true,"_links":{"self":[{"href":"https:\/\/imais.online\/portal\/wp-json\/wp\/v2\/posts\/6402","targetHints":{"allow":["GET"]}}],"collection":[{"href":"https:\/\/imais.online\/portal\/wp-json\/wp\/v2\/posts"}],"about":[{"href":"https:\/\/imais.online\/portal\/wp-json\/wp\/v2\/types\/post"}],"author":[{"embeddable":true,"href":"https:\/\/imais.online\/portal\/wp-json\/wp\/v2\/users\/8"}],"replies":[{"embeddable":true,"href":"https:\/\/imais.online\/portal\/wp-json\/wp\/v2\/comments?post=6402"}],"version-history":[{"count":1,"href":"https:\/\/imais.online\/portal\/wp-json\/wp\/v2\/posts\/6402\/revisions"}],"predecessor-version":[{"id":6404,"href":"https:\/\/imais.online\/portal\/wp-json\/wp\/v2\/posts\/6402\/revisions\/6404"}],"wp:featuredmedia":[{"embeddable":true,"href":"https:\/\/imais.online\/portal\/wp-json\/wp\/v2\/media\/6403"}],"wp:attachment":[{"href":"https:\/\/imais.online\/portal\/wp-json\/wp\/v2\/media?parent=6402"}],"wp:term":[{"taxonomy":"category","embeddable":true,"href":"https:\/\/imais.online\/portal\/wp-json\/wp\/v2\/categories?post=6402"},{"taxonomy":"post_tag","embeddable":true,"href":"https:\/\/imais.online\/portal\/wp-json\/wp\/v2\/tags?post=6402"}],"curies":[{"name":"wp","href":"https:\/\/api.w.org\/{rel}","templated":true}]}}