{"id":6450,"date":"2022-05-16T14:28:53","date_gmt":"2022-05-16T17:28:53","guid":{"rendered":"https:\/\/imais.online\/portal\/?p=6450"},"modified":"2022-05-16T14:28:55","modified_gmt":"2022-05-16T17:28:55","slug":"marqueteiro-de-lula-e-investigado-por-enriquecimento-ilicito","status":"publish","type":"post","link":"https:\/\/imais.online\/portal\/marqueteiro-de-lula-e-investigado-por-enriquecimento-ilicito\/","title":{"rendered":"Marqueteiro de Lula \u00e9 investigado por enriquecimento il\u00edcito"},"content":{"rendered":"<div class=\"imais-before-content-placement\" id=\"imais-313082151\"><script async src=\"\/\/pagead2.googlesyndication.com\/pagead\/js\/adsbygoogle.js?client=ca-pub-8787528412751566\" crossorigin=\"anonymous\"><\/script><ins class=\"adsbygoogle\" style=\"display:block;\" data-ad-client=\"ca-pub-8787528412751566\" \ndata-ad-slot=\"\" \ndata-ad-format=\"auto\"><\/ins>\n<script> \n(adsbygoogle = window.adsbygoogle || []).push({}); \n<\/script>\n<\/div>\n<h2 class=\"wp-block-heading\">Sid\u00f4nio Palmeira \u00e9 alvo de a\u00e7\u00e3o civil p\u00fablica na Bahia por suspeita de fraudes em contrato no valor de R$ 7,5 milh\u00f5es<\/h2>\n\n\n\n<p>Sid\u00f4nio Palmeira, o marqueteiro da campanha do\u00a0ex-presidente Lula\u00a0nas elei\u00e7\u00f5es de outubro deste ano, foi denunciado pelo Minist\u00e9rio P\u00fablico da Bahia por suspeita de improbidade administrativa. Segundo a den\u00fancia, a empresa de Palmeira teria recebido R$ 7,5 milh\u00f5es da C\u00e2mara Municipal de Salvador sem que houvesse prestado servi\u00e7os. O valor original da licita\u00e7\u00e3o tamb\u00e9m \u00e9 contestado ap\u00f3s sofrer acr\u00e9scimo de 275%, passando de R$ 2 milh\u00f5es para os R$ 7,5 milh\u00f5es.<\/p>\n\n\n\n<p>Os objetos da a\u00e7\u00e3o s\u00e3o contratos firmados em 2006 entre a C\u00e2mara e a empresa de comunica\u00e7\u00e3o do publicit\u00e1rio, a Leiaute Propaganda, que liderou o cons\u00f3rcio vencedor da licita\u00e7\u00e3o. Uma auditoria do Tribunal de Contas dos Munic\u00edpios da Bahia identificou o pagamento \u00e0 empresa sem a presta\u00e7\u00e3o dos servi\u00e7os e com diversos aditamentos que elevaram o valor do contrato.<\/p>\n\n\n\n<p>O Minist\u00e9rio P\u00fablico quer que o marqueteiro devolva R$ 5 milh\u00f5es aos cofres p\u00fablicos. Em nota enviada ao\u00a0<strong>R7<\/strong>, a defesa de Palmeira nega as acusa\u00e7\u00f5es e diz que o valor adicional \u00e9 referente \u00e0 prorroga\u00e7\u00e3o do contrato, e que os aditamentos foram aprovados pela Procuradoria da C\u00e2mara de Salvador.<\/p>\n\n\n\n<p>&#8220;Essa \u00e9 a metodologia que \u00e9 utilizada em todo o territ\u00f3rio nacional, por todas as inst\u00e2ncias de poder. Ora, se o contrato era de R$ 2 milh\u00f5es anuais e foram prestados cinco anos de servi\u00e7o, \u00e9 natural que ao final do per\u00edodo o valor total fosse superior ao valor anual&#8221;, justificou.<\/p>\n\n\n\n<p>Sobre a acusa\u00e7\u00e3o de que o servi\u00e7o n\u00e3o foi prestado, Palmeira diz que a den\u00fancia n\u00e3o se sustenta, j\u00e1 que foi entregue ao MP um dossi\u00ea com 800 p\u00e1ginas que comprova a presta\u00e7\u00e3o de servi\u00e7o, al\u00e9m de 17 m\u00eddias em CDs com imagens do material publicit\u00e1rio desenvolvido pela empresa.<\/p>\n\n\n\n<p>O publicit\u00e1rio baiano \u00e9 um antigo conhecido do PT. Ele foi o respons\u00e1vel pelo marketing da campanha de Fernando Haddad (PT) \u00e0 Presid\u00eancia em 2018. Tamb\u00e9m atuou em campanhas do governador da Bahia, Rui Costa (PT), e do seu antecessor, Jaques Wagner.<\/p>\n\n\n\n<h3 class=\"wp-block-heading\">Crise na comunica\u00e7\u00e3o de Lula<\/h3>\n\n\n\n<p>Uma\u00a0crise no comit\u00ea de campanha de Lula se arrasta h\u00e1 semanas, com cr\u00edticas internas \u00e0 comunica\u00e7\u00e3o. Sid\u00f4nio assumiu a campanha de Lula em abril, ap\u00f3s\u00a0Augusto Fonseca ser demitido do cargo. Fonseca \u00e9 da ag\u00eancia MPB Estrat\u00e9gia e Cria\u00e7\u00e3o e participou das campanhas de Fernando Henrique Cardoso (PSDB), em 1994, de Lula (PT), em 2002, de A\u00e9cio Neves (PSDB), em 2014, e de Ciro Gomes (PDT), em 2018.<\/p>\n\n\n\n<p>A disputa tamb\u00e9m envolve o comando de uma \u00e1rea que concentra grande parte do dinheiro destinado \u00e0 campanha. Os recursos para a produ\u00e7\u00e3o e divulga\u00e7\u00e3o se destacam entre os gastos das candidaturas. O valor cobrado por Fonseca pesou na decis\u00e3o. Segundo petistas que estavam insatisfeitos com o trabalho dele, o contrato passava dos R$ 40 milh\u00f5es.<\/p>\n\n\n\n<p>Entre os problemas enfrentados, est\u00e3o as declara\u00e7\u00f5es mal recebidas por parte do eleitorado, como a defesa da revoga\u00e7\u00e3o da reforma trabalhista de 2017 e, especialmente, da legaliza\u00e7\u00e3o do aborto. Essas defesas foram, depois de feitas, amenizadas pelo pr\u00f3prio Lula ou por colegas de partido, o que acabou gerando um ambiente de contradi\u00e7\u00e3o interna.<\/p>\n\n\n\n<p>Outro ponto da crise \u00e9 o di\u00e1logo com o eleitorado jovem. Em vez de falar em resgatar os legados do partido, membros do PT defendem a ideia de que Lula fale em reconstru\u00e7\u00e3o e em um novo tempo ap\u00f3s o mandato de Jair Bolsonaro (PL). &#8220;Pediram para dar uma rejuvenescida nas redes&#8221;, escreveu a equipe do ex-presidente no Instagram ao postar uma foto de Lula usando \u00f3culos do modelo Juliet. A postagem foi a que gerou mais engajamento nas redes do pr\u00e9-candidato em mais de um m\u00eas.<\/p>\n\n\n\n<p>O PT tamb\u00e9m fez mudan\u00e7as na\u00a0comunica\u00e7\u00e3o geral da campanha eleitoral, que trocou o jornalista Franklin Martins por Edinho Silva, prefeito de Araraquara, cidade do interior de S\u00e3o Paulo. Edinho foi tesoureiro da campanha \u00e0 reelei\u00e7\u00e3o da ex-presidente Dilma Rousseff e ministro-chefe da Secretaria de Comunica\u00e7\u00e3o. O prefeito est\u00e1 em um inqu\u00e9rito da Pol\u00edcia Federal aberto com base em uma dela\u00e7\u00e3o do empres\u00e1rio Joesley Batista, do grupo J&amp;F.<\/p>\n\n\n\n<p>Fonte R7 <\/p>\n","protected":false},"excerpt":{"rendered":"<p>Sid\u00f4nio Palmeira \u00e9 alvo de a\u00e7\u00e3o civil p\u00fablica na Bahia por suspeita de fraudes em contrato no valor de R$ 7,5 milh\u00f5es Sid\u00f4nio Palmeira, o marqueteiro da campanha do\u00a0ex-presidente Lula\u00a0nas elei\u00e7\u00f5es de outubro deste ano, foi denunciado pelo Minist\u00e9rio P\u00fablico da Bahia por suspeita de improbidade administrativa. Segundo a den\u00fancia, a empresa de Palmeira teria [&hellip;]<\/p>\n","protected":false},"author":8,"featured_media":6451,"comment_status":"closed","ping_status":"open","sticky":false,"template":"","format":"standard","meta":{"rop_custom_images_group":[],"rop_custom_messages_group":[],"rop_publish_now":"initial","rop_publish_now_accounts":[],"rop_publish_now_history":[],"rop_publish_now_status":"pending","footnotes":""},"categories":[233],"tags":[],"class_list":["post-6450","post","type-post","status-publish","format-standard","has-post-thumbnail","hentry","category-eleicoes"],"amp_enabled":true,"_links":{"self":[{"href":"https:\/\/imais.online\/portal\/wp-json\/wp\/v2\/posts\/6450","targetHints":{"allow":["GET"]}}],"collection":[{"href":"https:\/\/imais.online\/portal\/wp-json\/wp\/v2\/posts"}],"about":[{"href":"https:\/\/imais.online\/portal\/wp-json\/wp\/v2\/types\/post"}],"author":[{"embeddable":true,"href":"https:\/\/imais.online\/portal\/wp-json\/wp\/v2\/users\/8"}],"replies":[{"embeddable":true,"href":"https:\/\/imais.online\/portal\/wp-json\/wp\/v2\/comments?post=6450"}],"version-history":[{"count":1,"href":"https:\/\/imais.online\/portal\/wp-json\/wp\/v2\/posts\/6450\/revisions"}],"predecessor-version":[{"id":6452,"href":"https:\/\/imais.online\/portal\/wp-json\/wp\/v2\/posts\/6450\/revisions\/6452"}],"wp:featuredmedia":[{"embeddable":true,"href":"https:\/\/imais.online\/portal\/wp-json\/wp\/v2\/media\/6451"}],"wp:attachment":[{"href":"https:\/\/imais.online\/portal\/wp-json\/wp\/v2\/media?parent=6450"}],"wp:term":[{"taxonomy":"category","embeddable":true,"href":"https:\/\/imais.online\/portal\/wp-json\/wp\/v2\/categories?post=6450"},{"taxonomy":"post_tag","embeddable":true,"href":"https:\/\/imais.online\/portal\/wp-json\/wp\/v2\/tags?post=6450"}],"curies":[{"name":"wp","href":"https:\/\/api.w.org\/{rel}","templated":true}]}}