{"id":6459,"date":"2022-05-16T15:10:48","date_gmt":"2022-05-16T18:10:48","guid":{"rendered":"https:\/\/imais.online\/portal\/?p=6459"},"modified":"2022-05-16T15:10:50","modified_gmt":"2022-05-16T18:10:50","slug":"voz-iconica-do-merchan-da-iogurteira-aracy-diz-que-e-reconhecida-ate-no-exterior-sou-bem-humilde","status":"publish","type":"post","link":"https:\/\/imais.online\/portal\/voz-iconica-do-merchan-da-iogurteira-aracy-diz-que-e-reconhecida-ate-no-exterior-sou-bem-humilde\/","title":{"rendered":"Voz ic\u00f4nica do merchan da iogurteira, Aracy diz que \u00e9 reconhecida at\u00e9 no exterior: &#8220;Sou bem humilde&#8221;"},"content":{"rendered":"<div class=\"imais-before-content-placement\" id=\"imais-4271976998\"><script async src=\"\/\/pagead2.googlesyndication.com\/pagead\/js\/adsbygoogle.js?client=ca-pub-8787528412751566\" crossorigin=\"anonymous\"><\/script><ins class=\"adsbygoogle\" style=\"display:block;\" data-ad-client=\"ca-pub-8787528412751566\" \ndata-ad-slot=\"\" \ndata-ad-format=\"auto\"><\/ins>\n<script> \n(adsbygoogle = window.adsbygoogle || []).push({}); \n<\/script>\n<\/div>\n<h2 class=\"wp-block-heading\">Famosa por sua voz inconfund\u00edvel, empres\u00e1ria conhecida como &#8216;Aracy da Top Therm&#8217; fala sobre fama, sa\u00fade, tratamentos est\u00e9ticos, sonhos, internet, fam\u00edlia, filhos e casamento<\/h2>\n\n\n\n<p><strong>Aracy Wolf<\/strong>, mais conhecida como &#8216;Aracy da Top Therm&#8217;, n\u00e3o tem d\u00favida: sua voz \u00e9 o que a faz ser notada por onde passa. &#8220;\u00c0s vezes, estou em determinados lugares bem quietinha e ningu\u00e9m me olha. A hora que falo uma palavra, todo mundo vem para mim: &#8216;Aracy! Aracy da Top Therm!&#8217; (<em>risos<\/em>) Muito mais do que minha apar\u00eancia, minha voz \u00e9 que chama a aten\u00e7\u00e3o, \u00e9 impressionante&#8221;, reconhece, aos risos.<\/p>\n\n\n\n<p>A &#8216;voz do merchan no Brasil&#8217; \u00e9 reconhecida dentro e fora do pa\u00eds. &#8220;Uma vez, estava na It\u00e1lia, na fila para entrar no avi\u00e3o, conversando com meu marido, e uma mo\u00e7a na minha frente, que era brasileira, gritou: &#8216;Aracy, voc\u00ea por aqui!&#8217; Onde eu vou e tem brasileiro acontece isso. Teve outra vez, que eu estava sentada na Disney, almo\u00e7ando e, quando olhei, tinha uma brasileira me filmando. Fui l\u00e1, conversei com ela e acabei tirando foto com o grupo todo, tinham umas 20 pessoas. Todo mundo se juntou e tirei foto (<em>risos<\/em>)&#8221;, afirma.<\/p>\n\n\n\n<p>Aos 75 anos de idade, ela \u00e9 uma das principais e mais populares estrelas dos merchans dos programas ao vivo da Record TV, do SBT e da Rede TV! O carro-chefe de seus produtos \u00e9 sua famosa iogurteira, criada pelo seu marido,&nbsp;<strong>Gerhard M Wolf<\/strong>, de 80 anos. Outro produto que faz muito sucesso \u00e9 o suplemento alimentar de \u00d4mega 3. A presen\u00e7a marcante na TV h\u00e1 28 anos de Aracy \u00e9 um meme na internet, tendo imita\u00e7\u00f5es de suas vendas viralizadas nas redes sociais.<\/p>\n\n\n\n<p>&#8220;Outro dia, vi um v\u00eddeo de uma menininha, de uns quatro, cinco anos, me imitando no TikTok. Falei: &#8216;n\u00e3o \u00e9 poss\u00edvel, at\u00e9 os pequenininhos&#8217; (<em>risos<\/em>). Olha, o que tem de m\u00e3e que me manda mensagem falando que seus beb\u00eas, que n\u00e3o falam ainda, bem novinhos, ficam hipnotizados na hora que eu apare\u00e7o na televis\u00e3o&#8230; Elas contam que as crian\u00e7as ficam quietas e adoram\u00a0 minha voz, param de fazer o que est\u00e3o fazendo e ficam olhando para a televis\u00e3o. Minha voz \u00e9 diferente, \u00e9 mais fina, acho que \u00e9 por isso que as crian\u00e7as gostam&#8221;, sup\u00f5e, aos risos.<\/p>\n\n\n\n<figure class=\"wp-block-image\"><img decoding=\"async\" src=\"https:\/\/s2.glbimg.com\/YNSOK1gXh2sxJP22cz45Wp8-sC4=\/620x800\/top\/e.glbimg.com\/og\/ed\/f\/original\/2022\/05\/10\/aracy_2.jpg\" alt=\"Aracy Wolf (Foto: Divulga\u00e7\u00e3o)\" title=\"Aracy Wolf (Foto: Divulga\u00e7\u00e3o)\"\/><figcaption>Aracy Wolf (Foto: Divulga\u00e7\u00e3o)<\/figcaption><\/figure>\n\n\n\n<p><strong>DA TV PARA A WEB<\/strong><\/p>\n\n\n\n<p>Com 24,8 mil seguidores no Instagram, Aracy admite ainda estar engatinhando na rede social. Mas est\u00e1 feliz com o retorno que tem recebido do p\u00fablico, especialmente o mais jovem. &#8220;Tenho uma neta que trabalha com internet e mora nos Estados Unidos e ela falou: &#8216;v\u00f3, seu Instagram est\u00e1 t\u00e3o bacana, \u00e9 voc\u00ea que est\u00e1 fazendo?&#8217; Falei: &#8216;n\u00e3o, bem, n\u00e3o sou eu, s\u00e3o as meninas superpoderosas (<em>risos<\/em>). A Sabrina e Mariana que fazem, eu n\u00e3o sei mexer com rede social, n\u00e3o sei nada&#8221;, reconhece, rindo.<\/p>\n\n\n\n<p>&#8220;Quero falar a l\u00edngua dos jovens. Sei que eles gostam de mim. Estava em um anivers\u00e1rio esses dias e um menino de uns 15 anos falou: &#8216;Aracy, voc\u00ea precisa anunciar algum produto para os jovens. \u00c9 impressionante como meus amigos gostam de voc\u00ea&#8217;. Os influenciadores, os jovenzinhos gostam de mim, tem uma que fala que sou a deusa do pop, menina&#8221;, diverte-se.<\/p>\n\n\n\n<p>O perfil de Aracy \u00e9 recheado de dicas de sa\u00fade e bem-estar. E, de acordo com ela, mostra bem como \u00e9 seu dia a dia. &#8220;Todo mundo est\u00e1 comentando que est\u00e1 adorando. At\u00e9 a Christina Rocha, apresentadora, falou outro dia: &#8216;Aracy, sua rede social est\u00e1 diferente, est\u00e1 bacana&#8217;. &#8216;Pois \u00e9&#8217;, disse a ela, &#8216;\u00e9 uma empresa que est\u00e1 fazendo isso&#8217;. A gente quer mais intera\u00e7\u00e3o com os jovens e as meninas que trabalham comigo est\u00e3o conseguindo isso. Elas fizeram um post meu no TikTok que deu dois milh\u00f5es e meio de visualiza\u00e7\u00f5es. Olha que espet\u00e1culo! Estou supercontente!&#8221;, diz.<\/p>\n\n\n\n<p><strong>POR ACASO<\/strong><\/p>\n\n\n\n<p>Casada com Gerhard M Wolf, de 80 anos, o criador da iogurteira da marca, Aracy passou a apresentar os produtos da empresa por acaso. &#8220;Comecei quando a Ana Maria Braga estreou na Record. Fazia pouqu\u00edssimo tempo que ela estava na emissora. Primeiro foi o Wolf que fez os merchans por um m\u00eas, mas ele n\u00e3o gostou. Da\u00ed ele p\u00f4s nossa filha nutricionista, que fez por um tempo, mas ela ficou gr\u00e1vida. Ent\u00e3o ele falou: &#8216;n\u00e3o tem jeito, tem que ser voc\u00ea&#8217;. Eu n\u00e3o queria ir e falei: &#8216;vai ser um horror, porque sou t\u00edmida, n\u00e3o gosto, nunca fiz fonoaudiologia, nada&#8217;. No fim, fui para mostrar que n\u00e3o ia dar certo&#8221;, recorda.<\/p>\n\n\n\n<p>Mas, para a surpresa de Aracy, sua apari\u00e7\u00e3o na TV n\u00e3o s\u00f3 deu certo, como alavancou ainda mais as vendas do produto. &#8220;Se tinham 100 liga\u00e7\u00f5es e passou a ter 500 liga\u00e7\u00f5es a partir do dia que eu fui. O pessoal falou que o sucesso era por causa da &#8216;Dona Aracy&#8217;. Isso porque eu queria provar que n\u00e3o ia dar certo (<em>risos<\/em>). Eu tenho esse filme da minha primeira vez, a minha m\u00e3o tremia, n\u00e3o era s\u00f3 a voz que tremia, tremia a m\u00e3o, tremia o corpo inteiro (<em>risos<\/em>). Vendeu que foi uma loucura. Eu acho que \u00e9 aquela hist\u00f3ria&#8230; De a dona de casa ver uma pessoa como ela na TV, uma pessoa comum, sem aquela voz for\u00e7ada e aquela postura de apresentadora&#8230; Tenho impress\u00e3o que foi por a\u00ed, \u00e9 a \u00fanica explica\u00e7\u00e3o&#8221;, avalia.<\/p>\n\n\n\n<figure class=\"wp-block-image\"><img decoding=\"async\" src=\"https:\/\/s2.glbimg.com\/Ee4qze_DFdS4qszUraKNTbNGnMM=\/620x480\/top\/e.glbimg.com\/og\/ed\/f\/original\/2022\/05\/10\/casal_2_MZwyG4g.jpg\" alt=\"Aracy Wolf e Gerhard M Wolf (Foto: Divulga\u00e7\u00e3o)\" title=\"Aracy Wolf e Gerhard M Wolf (Foto: Divulga\u00e7\u00e3o)\"\/><figcaption>Aracy Wolf e Gerhard M Wolf (Foto: Divulga\u00e7\u00e3o)<\/figcaption><\/figure>\n\n\n\n<p><strong>DO INTERIOR<\/strong><\/p>\n\n\n\n<p>Natural de Presidente Venceslau, em S\u00e3o Paulo, Aracy nunca perdeu o sotaque. &#8220;O povo gosta do sotaque do interior. Com o tempo, eu fui melhorando, mas, quando eu comecei a fazer Ana Maria Braga, era porta aberta (puxando o &#8216;r&#8217;). No primeiro merchan que eu fiz, quando terminou, Ana Maria falou: &#8216;de que regi\u00e3o voc\u00ea \u00e9? Voc\u00ea fala com o sotaque&#8230;&#8217; E eu respondi: &#8216;pois \u00e9, sou de Presidente Venceslau, o pessoal fala &#8216;porta aberta&#8217;, n\u00e3o tem jeito&#8217; (<em>risos<\/em>). As pessoas gostam de sotaque diferente. Lembro que tinha um senhor que tamb\u00e9m tinha um produto na \u00e9poca e me convidou para que eu fizesse propaganda para ele tamb\u00e9m. Eu falei: &#8216;eu n\u00e3o posso, sou dona da Top Therm e fa\u00e7o s\u00f3 para a Top Therm&#8217;. E ele falou: &#8216;pois ent\u00e3o vou arrumar algu\u00e9m que fale com o sotaque do interior'&#8221;, lembra.<\/p>\n\n\n\n<p>Discreta, Aracy se considera simples e p\u00e9 no ch\u00e3o. E, apesar das \u00f3timas condi\u00e7\u00f5es de vida, tem sonhos modestos. &#8220;Sou bem humilde. Sonho em desfilar no Carnaval. Falei para o meu marido: &#8216;se eu morrer sem ter ido a uma escola de samba no Rio de Janeiro ou em S\u00e3o Paulo, eu volto para puxar sua perna (<em>risos<\/em>)&#8217;. Como eu sou do interior, minha m\u00e3e, minhas tias todas moravam em Venceslau, e, quando chegava o Carnaval, eu e meus primos e primas faz\u00edamos roupas para ir aos bloquinhos, todo mundo ia fantasiado igual. Sou apaixonada pelo Carnaval. Mas meu marido n\u00e3o gosta. Ele nunca me chamou para ir em um Carnaval&#8221;, lamenta.<\/p>\n\n\n\n<p>M\u00e3e de quatro filhas &#8211;\u00a0<strong>Nara<\/strong>,\u00a0<strong>Eliana<\/strong>,\u00a0<strong>Luciana\u00a0<\/strong>e\u00a0<strong>Ana Cristina<\/strong>\u00a0&#8211; e av\u00f3 de sete netos, Aracy tamb\u00e9m sonha em ver a fam\u00edlia bem e feliz. &#8220;Outro dia at\u00e9 falei para as meninas: nossos sonhos mudam, conforme a idade vai passando. Meu sonho atualmente \u00e9 ver meus netos realizados, formados, trabalhando em empresas que eles gostam, ver minhas filhas felizes, minha m\u00e3ezinha bem. Toda noite, eu passo vista pela minha tropa, quando deito a cabe\u00e7a no travesseiro. Penso nas quatro filhas, nos netos, nos genros, na minha m\u00e3e, no meu marido&#8230;Se est\u00e1 todo mundo bem, a\u00ed durmo tranquila. \u00c0s vezes um est\u00e1 com um problemainha e fico matutando, tentando resolver. Meu sonho atual \u00e9 ver a felicidade dos meus filhos, netos, da minha m\u00e3e, do meu marido, dos meus genros&#8230;&#8221;, conta.<\/p>\n\n\n\n<p><strong>O IN\u00cdCIO<\/strong><\/p>\n\n\n\n<p>Aracy conta que a ideia da iogurteira surgiu nos anos de 1990. &#8220;O Wolf come\u00e7ou a imaginar uma iogurteira para n\u00f3s e acabou chegando \u00e0quela iogurteira de 12 potinhos e tal e muitas pessoas falavam: &#8216;Wolf, por que voc\u00ea n\u00e3o comercializa o produto? Porque n\u00e3o existe igual&#8217;. No fim, as pessoas falaram tanto que ele acabou indo na Ana Maria Braga vender a iogurteira e foi um sucesso absoluto. O que a gente vendia de iogurteira era um neg\u00f3cio absurdo. Foi sucesso mesmo! Foi nosso primeiro produto. Depois, com o tempo, lendo livros, come\u00e7amos a lan\u00e7ar os suplementos. Hoje nossa empresa \u00e9 grande, temos o nosso telemarketing. E, gra\u00e7as a Deus, a gente conseguiu se manter na pandemia&#8221;, conta.<\/p>\n\n\n\n<p>Aracy recorda que, no in\u00edcio, trabalhava muito. &#8220;Antes eu fazia ao vivo, ficava o dia inteirinho na Record fazendo Ana Maria Braga, depois ia para a Rede TV!, fazer a Leonor Corr\u00eaa, irm\u00e3 do Faust\u00e3o, e ainda fazia a S\u00f4nia Abr\u00e3o. Ia para todas as emissoras, ficava o dia inteirinho com a minha sacolinha com iogurte, porque montava sobremesa na hora e ficava de manh\u00e3 at\u00e9 a noite correndo de uma emissora para outra. Fazia todos os programas ao vivo. Era muito legal&#8221;, lembra.<\/p>\n\n\n\n<p>Ela admite, contudo, que, no come\u00e7o, n\u00e3o gostava de assumir a fun\u00e7\u00e3o. &#8220;Eu n\u00e3o via a hora de acabar o dia para eu me livrar. Depois parece que o bichinho pica a gente e acabei gostando de aparecer na televis\u00e3o (<em>risos<\/em>). Depois de um tempo eu adorava, n\u00e3o queria outra vida. Agora j\u00e1 estou querendo aposentar. Hoje em dia coloquei merchandetes na Rede Vida, na Gazeta e na Rede TV!, no programa da S\u00f4nia Abra\u00e3o. Continuo fazendo SBT. Fa\u00e7o de manh\u00e3 o Marc\u00e3o do Povo, que apresenta o &#8216;Primeiro Impacto&#8217;, depois fa\u00e7o o &#8216;Fofocalizando&#8217;, com a Chris Flores, e o &#8216;Casos de Fam\u00edlia&#8217;, da Christina Rocha. Falei para o pessoal: &#8216;j\u00e1 trabalhei muito, j\u00e1 corri muito de uma emissora para outra, agora quero sossego&#8217; (<em>risos<\/em>). Todos esses programas eu gravo para um m\u00eas, \u00e0s vezes para 15 dias, ent\u00e3o \u00e9 mais tranquilo&#8221;, explica.<\/p>\n\n\n\n<p><strong>IMP\u00c9RIO TOP THERM<\/strong><\/p>\n\n\n\n<p>Com o passar dos anos, a empresa de Gerhard M Wolf foi crescendo, impulsionada pela \u00f3tima aceita\u00e7\u00e3o da iogurteira, o que possibilitou a inaugura\u00e7\u00e3o de sua sede pr\u00f3pria no bairro paulista do Jabaquara, j\u00e1 com aproximadamente 100 posi\u00e7\u00f5es de atendimento. Com a aquisi\u00e7\u00e3o de uma segunda sede, foi criada uma nova unidade de atendimento no bairro do Cambuci, com 300 operadores. Atualmente, a empresa conta com, aproximadamente, 450 colaboradores.<\/p>\n\n\n\n<p>Um centro de armazenamento e distribui\u00e7\u00e3o de 3 mil m2, localizado em Santana do Parnaiba (SP), garante o fornecimento de sa\u00fade e bem-estar para milh\u00f5es de clientes de todo o Brasil. Sempre discreta, Aracy n\u00e3o detalha o que conquistou ap\u00f3s o sucesso da empresa. Mas garante que pode oferecer uma vida c\u00f4moda \u00e0 fam\u00edlia. &#8220;Foi um sonho realizado e, atrav\u00e9s da empresa, consigo dar um conforto maior para mim e para a minha fam\u00edlia&#8221;, conta.<\/p>\n\n\n\n<figure class=\"wp-block-image\"><img decoding=\"async\" src=\"https:\/\/s2.glbimg.com\/vRdywocmG7pFnIlk2t-Oj6qDiKk=\/620x520\/top\/e.glbimg.com\/og\/ed\/f\/original\/2022\/05\/10\/foto_19.jpeg\" alt=\"Aracy Wolf com a m\u00e3e, a filha mais velha, o genro, e a neta (Foto: Divulga\u00e7\u00e3o)\" title=\"Aracy Wolf com a m\u00e3e, a filha mais velha, o genro, e a neta (Foto: Divulga\u00e7\u00e3o)\"\/><figcaption>Aracy Wolf com a m\u00e3e, a filha mais velha, o genro, e a neta (Foto: Divulga\u00e7\u00e3o)<\/figcaption><\/figure>\n\n\n\n<p><strong>SA\u00daDE E BEM-ESTAR<\/strong><\/p>\n\n\n\n<p>Adepta de um estilo de vida saud\u00e1vel, Aracy tem uma alimenta\u00e7\u00e3o natural e faz exerc\u00edcios com regularidade. &#8220;At\u00e9 hoje, com a minha idade, viajo, passeio, n\u00e3o tenho uma dor sequer&#8230; Estou superbem e cheia de sa\u00fade, porque me cuido e quero passar isso para os jovens. Uma seguidora escreveu outro dia em uma foto que postei com minha m\u00e3e, de 95 anos: &#8216;bora tomar o suplemento da Aracy. A m\u00e3e dela parece irm\u00e3 dela&#8217;. Minha m\u00e3e tamb\u00e9m est\u00e1 superbem&#8221;, conta, aos risos.<\/p>\n\n\n\n<p>Aracy faz exerc\u00edcios \u00e0s segundas, quartas e sextas. &#8220;N\u00f3s temos um personal, eu e meu marido. Segunda e sexta vamos \u00e0 academia e \u00e0s quartas fazemos eletroestimula\u00e7\u00e3o porque trabalha 300 m\u00fasculos. Estou sentindo que estou mais ativa ainda, dormindo melhor, com tudo isso. Eu sempre fiz exerc\u00edcio f\u00edsico, mas agora estamos mais focado, n\u00e3o perdemos uma aula. Fazemos no mesmo hor\u00e1rio e nos outros dias da semana caminhamos no parque. A gente tem atividade f\u00edsica todos os dias. S\u00f3 no domingo que n\u00e3o vamos ao parque porque \u00e9 muito cheio&#8221;, explica.<\/p>\n\n\n\n<p>Na hora de se alimentar, Aracy abusa do iogurte. &#8220;Nossa alimenta\u00e7\u00e3o \u00e9 muito saud\u00e1vel, tem muita fruta e iogurte n\u00e3o falta. Qualquer dia que voc\u00ea olhar a minha geladeira ver\u00e1 iogurte l\u00e1. Bato fruta com iogurte, fa\u00e7o salada de fruta e coloco iogurte em cima, substituo o creme de leite pelo iogurte no estrogonofe. Quando comecei a fazer merchan, s\u00f3 levava o iogurte. Depois eu comecei a fazer testes. Eu levava bolo feito com iogurte, pudim feito com iogurte, gelatina batida com iogurte para a Ana Maria Braga&#8221;, diz.<\/p>\n\n\n\n<p>Aracy conta que \u00e9 bem vaidosa. &#8220;Estou querendo dar uma puxadinha de leve no meu rosto de novo. H\u00e1 15 anos fiz cirurgia pl\u00e1stica nas p\u00e1lpebras superior e inferior, faz tempo que n\u00e3o fa\u00e7o nada. S\u00f3 coloco botox a cada seis meses, uso meus creminhos, sabonete pr\u00f3prio na hora de lavar o rosto, protetor solar. Procuro usar produtos bons e me preocupo bastante em me cuidar. Quero chegar aos 100 anos magrinha e bonitona, se Deus quiser. Procuro sempre olhar o lado bom da vida&#8221;, conta.<\/p>\n\n\n\n<figure class=\"wp-block-image\"><img decoding=\"async\" src=\"https:\/\/s2.glbimg.com\/GlHZ8JoGpVT0dVQM_D9B3N-KNIE=\/top\/e.glbimg.com\/og\/ed\/f\/original\/2022\/05\/12\/foto_6.jpeg\" alt=\"Aracy Wolf faz exerc\u00edcios com frequ\u00eancia (Foto: Arquivo pessoal)\" title=\"Aracy Wolf faz exerc\u00edcios com frequ\u00eancia (Foto: Arquivo pessoal)\"\/><figcaption>Aracy Wolf faz exerc\u00edcios com frequ\u00eancia (Foto: Arquivo pessoal)<\/figcaption><\/figure>\n\n\n\n<figure class=\"wp-block-image\"><img decoding=\"async\" src=\"https:\/\/s2.glbimg.com\/flCe__iVj2fP32tqpt5aR5LLLD8=\/620x800\/top\/e.glbimg.com\/og\/ed\/f\/original\/2022\/05\/10\/foto_10.jpeg\" alt=\"Aracy Wolf e Christina Rocha (Foto: Arquivo pessoal)\" title=\"Aracy Wolf e Christina Rocha (Foto: Arquivo pessoal)\"\/><figcaption>Aracy Wolf e Christina Rocha (Foto: Arquivo pessoal)<\/figcaption><\/figure>\n\n\n\n<p><strong>BODAS DE AMETISTA<\/strong><\/p>\n\n\n\n<p>Casada h\u00e1 55 anos com Wolf, Aracy se derrete ao falar sobre a rela\u00e7\u00e3o com o marido. &#8220;Eu tinha 15 anos quando conheci o Wolf e casei aos 20. Na verdade, a gente se conhece e est\u00e1 junto h\u00e1 60 anos. \u00c9 uma amizade, um companheirismo&#8230; \u00c9 aquela hist\u00f3ria, n\u00e3o tem nada de fam\u00edlia margarina, tem os probleminhas, mas procuramos resolver da melhor forma poss\u00edvel. \u00c9 sempre quando um ajuda e \u00e9 amigo do outro. \u00c9 um casamento que deu certo, pelo menos at\u00e9 agora&#8221;, elogia, rindo.<\/p>\n\n\n\n<p>Os dois s\u00e3o t\u00e3o entrosados que se d\u00e3o bem pessoal e profissionalmente. &#8220;Um complementa o outro. \u00c9 um casamento perfeito at\u00e9 na vida profissional. Uma vez uma dentista falou isso para mim: &#8216;Aracy, que encontro bacana! At\u00e9 no trabalho voc\u00eas se completaram!&#8217; Realmente foi um encontro muito bacana, eu agrade\u00e7o a Deus! Uma vida inteira com esse menino. At\u00e9 hoje eu chamo ele de menino (<em>risos<\/em>). Somos dois meninos, ele com 80 anos e eu com 75&#8243;, afirma.<\/p>\n\n\n\n<p>O entrosamento se estende para a fam\u00edlia. &#8220;Meus filhos e netos falam e t\u00eam o maior orgulho do que eu fa\u00e7o. Meu neto Gabriel, que \u00e9 compositor, estava num grupo de amigos m\u00fasicos dele esses dias e me contou que eles queriam demais que eu mandasse um v\u00eddeo falando o nome de cada um. Da\u00ed ele veio para S\u00e3o Paulo e gravei um v\u00eddeo para os amigos dele, muito bacana&#8221;, conta.<\/p>\n\n\n\n<p>Aracy se sente feliz ao receber tanto carinho do p\u00fablico. &#8220;A gente entra na casa das pessoas. Sinto tanto carinho, tanta simpatia. Nunca percebi hostilidade de ningu\u00e9m, absolutamente nada. Constru\u00edmos uma hist\u00f3ria muito bonita. Quando eu vou nas emissoras, nossa, \u00e9 tapete vermelho. Fico feliz com tudo isso, porque nunca imaginei que minha vida fosse virar para esse lado. Eu era professora de alfabetiza\u00e7\u00e3o, meus aluninhos eram crian\u00e7as de 5, 6 anos. Dei aula mais de 20 anos. Aqui em S\u00e3o Paulo dei aula mais de 11 anos num col\u00e9gio de freira e tinha paix\u00e3o pelos alunos, sempre gostei muito de crian\u00e7a. E, no fim, a vida tomou esse rumo totalmente diferente&#8221;, avalia.<\/p>\n\n\n\n<p>Questinada sobre como encara o sucesso, Aracy diz ver com serenidade. &#8220;O Marc\u00e3o do Povo esses dias falou que ele estava conversando com Tirullipa e todo mundo me conhece. Ele falou que o Tirullipa gosta muito de mim. Eu fico feliz com tudo isso e encaro de uma forma serena. A gente est\u00e1 famosa, n\u00e3o sei como vai ser amanh\u00e3, continuo com meu jeit\u00e3o humilde, quietinha,&nbsp; no meu canto&#8221;, avalia.<\/p>\n\n\n\n<figure class=\"wp-block-image\"><img decoding=\"async\" src=\"https:\/\/s2.glbimg.com\/6Vvz2ZsTy3DodactzH7XsYTrqkQ=\/620x800\/top\/e.glbimg.com\/og\/ed\/f\/original\/2022\/05\/10\/foto_2.jpeg\" alt=\"Aracy Wolf e Gerhard M Wolf (Foto: Arquivo pessoal)\" title=\"Aracy Wolf e Gerhard M Wolf (Foto: Arquivo pessoal)\"\/><figcaption>Aracy Wolf e Gerhard M Wolf (Foto: Arquivo pessoal)<\/figcaption><\/figure>\n\n\n\n<figure class=\"wp-block-image\"><img decoding=\"async\" src=\"https:\/\/s2.glbimg.com\/rVRhagmUcNqUs3-6VVJNBh_D-d4=\/620x800\/top\/e.glbimg.com\/og\/ed\/f\/original\/2022\/05\/10\/foto_7.jpeg\" alt=\"Aracy Wolf e Gerhard M Wolf (Foto: Arquivo pessoal)\" title=\"Aracy Wolf e Gerhard M Wolf (Foto: Arquivo pessoal)\"\/><figcaption>Aracy Wolf e Gerhard M Wolf (Foto: Arquivo pessoal)<\/figcaption><\/figure>\n\n\n\n<figure class=\"wp-block-image\"><img decoding=\"async\" src=\"https:\/\/s2.glbimg.com\/ztArM37oL15HvVmJIO1p6khCRyk=\/620x800\/top\/e.glbimg.com\/og\/ed\/f\/original\/2022\/05\/10\/foto_16.jpeg\" alt=\"Aracy Wolf e Ana Maria Braga no in\u00edcio dos merchans (Foto: Divulga\u00e7\u00e3o)\" title=\"Aracy Wolf e Ana Maria Braga no in\u00edcio dos merchans (Foto: Arquivo pessoal)\"\/><figcaption>Aracy Wolf e Ana Maria Braga no in\u00edcio dos merchans (Foto: Arquivo pessoal)<\/figcaption><\/figure>\n\n\n\n<p>Fonte Revista Quem<\/p>\n","protected":false},"excerpt":{"rendered":"<p>Famosa por sua voz inconfund\u00edvel, empres\u00e1ria conhecida como &#8216;Aracy da Top Therm&#8217; fala sobre fama, sa\u00fade, tratamentos est\u00e9ticos, sonhos, internet, fam\u00edlia, filhos e casamento Aracy Wolf, mais conhecida como &#8216;Aracy da Top Therm&#8217;, n\u00e3o tem d\u00favida: sua voz \u00e9 o que a faz ser notada por onde passa. &#8220;\u00c0s vezes, estou em determinados lugares bem [&hellip;]<\/p>\n","protected":false},"author":8,"featured_media":6460,"comment_status":"closed","ping_status":"open","sticky":false,"template":"","format":"standard","meta":{"rop_custom_images_group":[],"rop_custom_messages_group":[],"rop_publish_now":"initial","rop_publish_now_accounts":[],"rop_publish_now_history":[],"rop_publish_now_status":"pending","footnotes":""},"categories":[16],"tags":[],"class_list":["post-6459","post","type-post","status-publish","format-standard","has-post-thumbnail","hentry","category-entertainment"],"amp_enabled":true,"_links":{"self":[{"href":"https:\/\/imais.online\/portal\/wp-json\/wp\/v2\/posts\/6459","targetHints":{"allow":["GET"]}}],"collection":[{"href":"https:\/\/imais.online\/portal\/wp-json\/wp\/v2\/posts"}],"about":[{"href":"https:\/\/imais.online\/portal\/wp-json\/wp\/v2\/types\/post"}],"author":[{"embeddable":true,"href":"https:\/\/imais.online\/portal\/wp-json\/wp\/v2\/users\/8"}],"replies":[{"embeddable":true,"href":"https:\/\/imais.online\/portal\/wp-json\/wp\/v2\/comments?post=6459"}],"version-history":[{"count":1,"href":"https:\/\/imais.online\/portal\/wp-json\/wp\/v2\/posts\/6459\/revisions"}],"predecessor-version":[{"id":6461,"href":"https:\/\/imais.online\/portal\/wp-json\/wp\/v2\/posts\/6459\/revisions\/6461"}],"wp:featuredmedia":[{"embeddable":true,"href":"https:\/\/imais.online\/portal\/wp-json\/wp\/v2\/media\/6460"}],"wp:attachment":[{"href":"https:\/\/imais.online\/portal\/wp-json\/wp\/v2\/media?parent=6459"}],"wp:term":[{"taxonomy":"category","embeddable":true,"href":"https:\/\/imais.online\/portal\/wp-json\/wp\/v2\/categories?post=6459"},{"taxonomy":"post_tag","embeddable":true,"href":"https:\/\/imais.online\/portal\/wp-json\/wp\/v2\/tags?post=6459"}],"curies":[{"name":"wp","href":"https:\/\/api.w.org\/{rel}","templated":true}]}}