{"id":6501,"date":"2022-05-17T14:08:14","date_gmt":"2022-05-17T17:08:14","guid":{"rendered":"https:\/\/imais.online\/portal\/?p=6501"},"modified":"2022-05-17T14:08:21","modified_gmt":"2022-05-17T17:08:21","slug":"com-alerta-vermelho-para-o-frio-e-possibilidade-de-ciclone-aulas-sao-suspensas-no-rs","status":"publish","type":"post","link":"https:\/\/imais.online\/portal\/com-alerta-vermelho-para-o-frio-e-possibilidade-de-ciclone-aulas-sao-suspensas-no-rs\/","title":{"rendered":"Com alerta vermelho para o frio e possibilidade de ciclone, aulas s\u00e3o suspensas no RS"},"content":{"rendered":"<div class=\"imais-before-content-placement\" id=\"imais-2342598285\"><script async src=\"\/\/pagead2.googlesyndication.com\/pagead\/js\/adsbygoogle.js?client=ca-pub-8787528412751566\" crossorigin=\"anonymous\"><\/script><ins class=\"adsbygoogle\" style=\"display:block;\" data-ad-client=\"ca-pub-8787528412751566\" \ndata-ad-slot=\"\" \ndata-ad-format=\"auto\"><\/ins>\n<script> \n(adsbygoogle = window.adsbygoogle || []).push({}); \n<\/script>\n<\/div>\n<h2 class=\"wp-block-heading\">Regi\u00e3o Sul \u00e9 afetada pelo frio intenso; S\u00e3o Jos\u00e9 dos Ausentes, no interior do estado ga\u00facho, teve neve e sensa\u00e7\u00e3o de -2\u00b0C<\/h2>\n\n\n\n<p>O Rio Grande do Sul est\u00e1 em alerta vermelho devido \u00e0\u00a0<strong>previs\u00e3o de ocorr\u00eancia de um ciclone<\/strong>, que pode, em algumas regi\u00f5es, virar um fura\u00e7\u00e3o caso as rajadas de vento passem de 120 km\/h. Por isso, as autoridades do estado optaram por suspender as aulas nas escolas e universidades nesta ter\u00e7a-feira (17).<\/p>\n\n\n\n<p>De acordo com o Inmet (Instituto Nacional de Meteorologia), os ventos dever\u00e3o superar os 100 km\/h, o que pode causar\u00a0avarias em pr\u00e9dios e casas, derrubada de \u00e1rvores e corte de energia el\u00e9trica.<\/p>\n\n\n\n<p>Segundo informa\u00e7\u00f5es do rep\u00f3rter Jairo Bastos, da\u00a0<strong>Record TV<\/strong>, a cidade de S\u00e3o Jos\u00e9 dos Ausentes, a 290 km da capital ga\u00facha, Porto Alegre, registrou por volta das 11h desta ter\u00e7a a temperatura de 1\u00b0C, com sensa\u00e7\u00e3o t\u00e9rmica de -2\u00b0C . Chegou a nevar no interior do munic\u00edpio tamb\u00e9m na manh\u00e3 de hoje.<\/p>\n\n\n\n<p>A Defesa Civil est\u00e1 monitorando algumas regi\u00f5es do estado e faz alerta aos moradores para que se mantenham em casa devido \u00e0 intensidade do vento que j\u00e1 \u00e9 sentida na regi\u00e3o. Ainda conforme o instituto de meteorologia, h\u00e1 risco de transtornos no transporte rodovi\u00e1rio e impacto nas lavouras.<\/p>\n\n\n\n<p>A regi\u00e3o mais afetada dever\u00e1 ser o leste ga\u00facho, especialmente a Lagoa dos Patos \u2014 em algumas cidades, as rajadas poder\u00e3o passar dos 120 km\/h.<\/p>\n\n\n\n<p>De acordo com o Metsul Meteorologia, o ciclone que vai atingir o Sul do Brasil dever\u00e1 provocar chuva torrencial em algumas cidades ga\u00fachas. A tempestade poder\u00e1 se deslocar rapidamente pela costa do Rio Grande do Sul. Por isso, a chuva n\u00e3o ser\u00e1 t\u00e3o concentrada. Por\u00e9m, a previs\u00e3o \u00e9 de precipita\u00e7\u00e3o entre 50 mm e 100 mm.<\/p>\n\n\n\n<p>Em Santa Catarina, na cidade de S\u00e3o Joaquim, a temperatura chegou a -1\u00b0C e apresentou neve.\u00a0<\/p>\n\n\n\n<p>Fonte R7<\/p>\n","protected":false},"excerpt":{"rendered":"<p>Regi\u00e3o Sul \u00e9 afetada pelo frio intenso; S\u00e3o Jos\u00e9 dos Ausentes, no interior do estado ga\u00facho, teve neve e sensa\u00e7\u00e3o de -2\u00b0C O Rio Grande do Sul est\u00e1 em alerta vermelho devido \u00e0\u00a0previs\u00e3o de ocorr\u00eancia de um ciclone, que pode, em algumas regi\u00f5es, virar um fura\u00e7\u00e3o caso as rajadas de vento passem de 120 km\/h. [&hellip;]<\/p>\n","protected":false},"author":8,"featured_media":6502,"comment_status":"closed","ping_status":"open","sticky":false,"template":"","format":"standard","meta":{"rop_custom_images_group":[],"rop_custom_messages_group":[],"rop_publish_now":"initial","rop_publish_now_accounts":[],"rop_publish_now_history":[],"rop_publish_now_status":"pending","footnotes":""},"categories":[189],"tags":[],"class_list":["post-6501","post","type-post","status-publish","format-standard","has-post-thumbnail","hentry","category-brasil"],"amp_enabled":true,"_links":{"self":[{"href":"https:\/\/imais.online\/portal\/wp-json\/wp\/v2\/posts\/6501","targetHints":{"allow":["GET"]}}],"collection":[{"href":"https:\/\/imais.online\/portal\/wp-json\/wp\/v2\/posts"}],"about":[{"href":"https:\/\/imais.online\/portal\/wp-json\/wp\/v2\/types\/post"}],"author":[{"embeddable":true,"href":"https:\/\/imais.online\/portal\/wp-json\/wp\/v2\/users\/8"}],"replies":[{"embeddable":true,"href":"https:\/\/imais.online\/portal\/wp-json\/wp\/v2\/comments?post=6501"}],"version-history":[{"count":2,"href":"https:\/\/imais.online\/portal\/wp-json\/wp\/v2\/posts\/6501\/revisions"}],"predecessor-version":[{"id":6504,"href":"https:\/\/imais.online\/portal\/wp-json\/wp\/v2\/posts\/6501\/revisions\/6504"}],"wp:featuredmedia":[{"embeddable":true,"href":"https:\/\/imais.online\/portal\/wp-json\/wp\/v2\/media\/6502"}],"wp:attachment":[{"href":"https:\/\/imais.online\/portal\/wp-json\/wp\/v2\/media?parent=6501"}],"wp:term":[{"taxonomy":"category","embeddable":true,"href":"https:\/\/imais.online\/portal\/wp-json\/wp\/v2\/categories?post=6501"},{"taxonomy":"post_tag","embeddable":true,"href":"https:\/\/imais.online\/portal\/wp-json\/wp\/v2\/tags?post=6501"}],"curies":[{"name":"wp","href":"https:\/\/api.w.org\/{rel}","templated":true}]}}