{"id":6527,"date":"2022-05-18T14:42:13","date_gmt":"2022-05-18T17:42:13","guid":{"rendered":"https:\/\/imais.online\/portal\/?p=6527"},"modified":"2022-05-18T14:42:14","modified_gmt":"2022-05-18T17:42:14","slug":"morador-de-rua-morre-em-fila-para-pegar-cafe-da-manha-em-sp","status":"publish","type":"post","link":"https:\/\/imais.online\/portal\/morador-de-rua-morre-em-fila-para-pegar-cafe-da-manha-em-sp\/","title":{"rendered":"Morador de rua morre em fila para pegar caf\u00e9 da manh\u00e3 em SP"},"content":{"rendered":"<div class=\"imais-before-content-placement\" id=\"imais-2157501926\"><script async src=\"\/\/pagead2.googlesyndication.com\/pagead\/js\/adsbygoogle.js?client=ca-pub-8787528412751566\" crossorigin=\"anonymous\"><\/script><ins class=\"adsbygoogle\" style=\"display:block;\" data-ad-client=\"ca-pub-8787528412751566\" \ndata-ad-slot=\"\" \ndata-ad-format=\"auto\"><\/ins>\n<script> \n(adsbygoogle = window.adsbygoogle || []).push({}); \n<\/script>\n<\/div>\n<h2 class=\"wp-block-heading\">Testemunha informou que o homem dormiu na rua durante a madrugada porque o n\u00facleo de acolhimento abriu s\u00f3 de manh\u00e3<\/h2>\n\n\n\n<p>Um morador de rua, de 66 anos, morreu enquanto aguardava na fila para pegar o caf\u00e9 da manh\u00e3 no N\u00facleo de Conviv\u00eancia S\u00e3o Martinho Lima, localizado na rua Siqueira Cardoso no Belenzinho, zona leste de S\u00e3o Paulo. O caso aconteceu por volta de 8h desta quarta-feira (18).<\/p>\n\n\n\n<p>Segundo informa\u00e7\u00f5es de Robson Mendon\u00e7a, presidente do Movimento Estadual da Popula\u00e7\u00e3o em Situa\u00e7\u00e3o de Rua, o morador Isaias de Faria aguardava na fila para receber seu caf\u00e9 da manh\u00e3, quando teve uma poss\u00edvel convuls\u00e3o. O \u00f3bito foi constatado no local.<\/p>\n\n\n\n<p>Uma testemunha informou que o morador dormiu na rua na madrugada desta quarta-feira pois o N\u00facleo abriu apenas de manh\u00e3.<\/p>\n\n\n\n<p>Tamb\u00e9m de acordo com ele, devido \u00e0s\u00a0<strong>baixas temperaturas que atingiram a capital paulista<\/strong>, a exposi\u00e7\u00e3o ao frio pode ter agravado algum problema card\u00edaco, mas ainda n\u00e3o h\u00e1 a confirma\u00e7\u00e3o exata do motivo da morte de Isaias.<\/p>\n\n\n\n<p>A ocorr\u00eancia permanece em atendimento e o corpo aguarda libera\u00e7\u00e3o para um IML (Instituto M\u00e9dico Legal). O caso dever\u00e1 ser encaminhado ao 1\u00b0 DP (S\u00e9).<\/p>\n\n\n\n<h3 class=\"wp-block-heading\">Moradores de rua podem se abrigar na esta\u00e7\u00e3o Pedro II do Metr\u00f4 no frio<\/h3>\n\n\n\n<p>Para acolher a popula\u00e7\u00e3o em situa\u00e7\u00e3o de rua nestes dias de baixas temperaturas, o governo\u00a0<strong>abriu a esta\u00e7\u00e3o Pedro II do Metr\u00f4 para funcionar como abrigo<\/strong>. A medida come\u00e7ou na ter\u00e7a-feira (17), com o apoio da Defesa Civil estadual e do Fundo Social de S\u00e3o Paulo.<\/p>\n\n\n\n<p>Com capacidade para abrigar cem pessoas, no local tamb\u00e9m \u00e9 servido jantar por uma unidade do Bom Prato M\u00f3vel. Depois os abrigados s\u00e3o encaminhados \u00e0 unidade 25 de Mar\u00e7o do Bom Prato para o caf\u00e9 da manh\u00e3.&nbsp;O acolhimento vai ocorrer, inicialmente, at\u00e9 sexta-feira (20), entre 19h e 8h do dia seguinte.<\/p>\n\n\n\n<figure class=\"wp-block-image\"><img decoding=\"async\" src=\"https:\/\/img.r7.com\/images\/abrigo-estacao-pedro-ii-metro-18052022081554181?dimensions=442x241\" alt=\"Houve distribui\u00e7\u00e3o de 500 colch\u00f5es\n\" title=\"Houve distribui\u00e7\u00e3o de 500 colch\u00f5es\n\"\/><figcaption>Houve distribui\u00e7\u00e3o de 500 colch\u00f5es<br>DIVULGA\u00c7\u00c3O \/ GOVERNO DE SP<\/figcaption><\/figure>\n\n\n\n<p>Segundo o governo, foram distribu\u00eddos 400 cobertores em cinco pontos de abrigo para pessoas em situa\u00e7\u00e3o de rua no centro da cidade. Durante a semana, outros 500 cobertores e 2.000 sacos de dormir ser\u00e3o enviados \u00e0 Prefeitura de S\u00e3o Paulo para atendimento nas dez tendas espalhadas pela capital.<\/p>\n\n\n\n<p>A Defesa Civil tamb\u00e9m participa da distribui\u00e7\u00e3o de 500 colch\u00f5es, 354 cestas b\u00e1sicas, cerca de 1.000 litros de \u00e1gua sanit\u00e1ria e 200 kits de higiene pessoal nestes quatro centros de acolhimento da cidade: Miss\u00e3o Bel\u00e9m \u2013 Vida Nova e Casa Guadalupe, Sefras (Associa\u00e7\u00e3o Franciscana de Solidariedade) e Pastoral do Povo da Rua.<\/p>\n\n\n\n<p>Fonte R7<\/p>\n","protected":false},"excerpt":{"rendered":"<p>Testemunha informou que o homem dormiu na rua durante a madrugada porque o n\u00facleo de acolhimento abriu s\u00f3 de manh\u00e3 Um morador de rua, de 66 anos, morreu enquanto aguardava na fila para pegar o caf\u00e9 da manh\u00e3 no N\u00facleo de Conviv\u00eancia S\u00e3o Martinho Lima, localizado na rua Siqueira Cardoso no Belenzinho, zona leste de [&hellip;]<\/p>\n","protected":false},"author":8,"featured_media":6528,"comment_status":"closed","ping_status":"open","sticky":false,"template":"","format":"standard","meta":{"rop_custom_images_group":[],"rop_custom_messages_group":[],"rop_publish_now":"initial","rop_publish_now_accounts":[],"rop_publish_now_history":[],"rop_publish_now_status":"pending","footnotes":""},"categories":[195],"tags":[],"class_list":["post-6527","post","type-post","status-publish","format-standard","has-post-thumbnail","hentry","category-sao-paulo"],"amp_enabled":true,"_links":{"self":[{"href":"https:\/\/imais.online\/portal\/wp-json\/wp\/v2\/posts\/6527","targetHints":{"allow":["GET"]}}],"collection":[{"href":"https:\/\/imais.online\/portal\/wp-json\/wp\/v2\/posts"}],"about":[{"href":"https:\/\/imais.online\/portal\/wp-json\/wp\/v2\/types\/post"}],"author":[{"embeddable":true,"href":"https:\/\/imais.online\/portal\/wp-json\/wp\/v2\/users\/8"}],"replies":[{"embeddable":true,"href":"https:\/\/imais.online\/portal\/wp-json\/wp\/v2\/comments?post=6527"}],"version-history":[{"count":1,"href":"https:\/\/imais.online\/portal\/wp-json\/wp\/v2\/posts\/6527\/revisions"}],"predecessor-version":[{"id":6529,"href":"https:\/\/imais.online\/portal\/wp-json\/wp\/v2\/posts\/6527\/revisions\/6529"}],"wp:featuredmedia":[{"embeddable":true,"href":"https:\/\/imais.online\/portal\/wp-json\/wp\/v2\/media\/6528"}],"wp:attachment":[{"href":"https:\/\/imais.online\/portal\/wp-json\/wp\/v2\/media?parent=6527"}],"wp:term":[{"taxonomy":"category","embeddable":true,"href":"https:\/\/imais.online\/portal\/wp-json\/wp\/v2\/categories?post=6527"},{"taxonomy":"post_tag","embeddable":true,"href":"https:\/\/imais.online\/portal\/wp-json\/wp\/v2\/tags?post=6527"}],"curies":[{"name":"wp","href":"https:\/\/api.w.org\/{rel}","templated":true}]}}