{"id":6594,"date":"2022-05-19T18:54:28","date_gmt":"2022-05-19T21:54:28","guid":{"rendered":"https:\/\/imais.online\/portal\/?p=6594"},"modified":"2022-05-19T18:54:29","modified_gmt":"2022-05-19T21:54:29","slug":"prefeito-empossa-a-nova-diretoria-do-conselho-municipal-de-politicas-sobre-drogas","status":"publish","type":"post","link":"https:\/\/imais.online\/portal\/prefeito-empossa-a-nova-diretoria-do-conselho-municipal-de-politicas-sobre-drogas\/","title":{"rendered":"Prefeito empossa a nova diretoria do Conselho Municipal de Pol\u00edticas Sobre Drogas"},"content":{"rendered":"<div class=\"imais-before-content-placement\" id=\"imais-1682513155\"><script async src=\"\/\/pagead2.googlesyndication.com\/pagead\/js\/adsbygoogle.js?client=ca-pub-8787528412751566\" crossorigin=\"anonymous\"><\/script><ins class=\"adsbygoogle\" style=\"display:block;\" data-ad-client=\"ca-pub-8787528412751566\" \ndata-ad-slot=\"\" \ndata-ad-format=\"auto\"><\/ins>\n<script> \n(adsbygoogle = window.adsbygoogle || []).push({}); \n<\/script>\n<\/div>\n<p>Nesta quarta-feira (18) o prefeito Nilson Gaspar (MDB) empossou, no gabinete, os conselheiros do Conselho Municipal de Pol\u00edticas Sobre Drogas (Comad) com mandato at\u00e9 2023. Foram nomeados para presidente, Gerson Luiz Vieira, que \u00e9 representante de entidade religiosa e Karina Castro Borges da Silva, representante da Secretaria de Sa\u00fade, como vice-presidente.&nbsp;Tamb\u00e9m receberam a nomea\u00e7\u00e3o,&nbsp;Maria de Lourdes F\u00e9lix Pereira da OAB, para 1\u00aa secret\u00e1ria e Sabrina Hellen Ferreira Oliveira dos Santos do Conselho Tutelar, como 2\u00aa secret\u00e1ria. Na ocasi\u00e3o, esteve presente o secret\u00e1rio de Assist\u00eancia Social, D\u00e9cio Rocha.<\/p>\n\n\n\n<p>A diretoria atual \u00e9 formada por 20 pessoas, entre titulares e suplentes.&nbsp;Tamb\u00e9m fazem parte do conselho:<\/p>\n\n\n\n<p>Juliana Rodrigues Sandy (suplente) como representante da Secretaria Municipal de Sa\u00fade.<\/p>\n\n\n\n<p>Ana Carolina Garcia Rodrigues (titular) e Vagner Pereira do Amaral ( suplente) como representantes da Secretaria Municipal de Assist\u00eancia Social.<\/p>\n\n\n\n<p>Cassiano Ricardo Emidio (titular) e Murillo Carneiro Ferreira ( suplente) como representantes da Secretaria Municipal de Seguran\u00e7a P\u00fablica.<\/p>\n\n\n\n<p>Renata Ozawa Pena (titular) e Fabiana Queriqueli Sander (suplente) como representantes da Secretaria Municipal de Educa\u00e7\u00e3o.<\/p>\n\n\n\n<p>Patr\u00edcia Watanabe Melli (titular) e Juliana Paula dos Santos ( suplente) como representantes da Secretaria Municipal de Neg\u00f3cios Jur\u00eddicos.<\/p>\n\n\n\n<p>Ana Roberta Freitas Ribeiro (titular) como representante do Conselho Tutelar.<\/p>\n\n\n\n<p>Ricardo Aparecido de Souza (titular) e Regis Tadeu leite de Moura ( suplente) como representantes da Policia Militar.<\/p>\n\n\n\n<p>Miriane Antunes Peres (suplente) como representante da OAB.<\/p>\n\n\n\n<p>Francisco del Giudice Mo\u00e1 Borges (titular) e Uilza Maria Vieira do Amaral (suplente) como representantes da comunidade.<\/p>\n\n\n\n<p>Valdir Aparecido Borzane (suplente) como representante de Entidade Religiosa.<\/p>\n\n\n\n<p><strong><u>SOBRE O COMAD<\/u><\/strong><\/p>\n\n\n\n<p>O Comad \u00e9 composto por conselheiros titulares e suplentes entre os representantes do poder p\u00fablico e da sociedade civil, eleitos e indicados, respectivamente. \u00a0O conselho tem como objetivo integrar, estimular e coordenar a participa\u00e7\u00e3o de todos os segmentos p\u00fablicos e sociais do munic\u00edpio, de modo a assegurar a m\u00e1xima efic\u00e1cia das a\u00e7\u00f5es e pol\u00edticas p\u00fablicas a serem desenvolvidas no \u00e2mbito da redu\u00e7\u00e3o e preven\u00e7\u00e3o da demanda do uso e abuso indevido de tabaco, \u00e1lcool e outras drogas em parceria com poder judici\u00e1rio, executivo e legislativo do munic\u00edpio de Indaiatuba.<\/p>\n\n\n\n<p><\/p>\n","protected":false},"excerpt":{"rendered":"<p>Nesta quarta-feira (18) o prefeito Nilson Gaspar (MDB) empossou, no gabinete, os conselheiros do Conselho Municipal de Pol\u00edticas Sobre Drogas (Comad) com mandato at\u00e9 2023. Foram nomeados para presidente, Gerson Luiz Vieira, que \u00e9 representante de entidade religiosa e Karina Castro Borges da Silva, representante da Secretaria de Sa\u00fade, como vice-presidente.&nbsp;Tamb\u00e9m receberam a nomea\u00e7\u00e3o,&nbsp;Maria de [&hellip;]<\/p>\n","protected":false},"author":8,"featured_media":6595,"comment_status":"closed","ping_status":"open","sticky":false,"template":"","format":"standard","meta":{"rop_custom_images_group":[],"rop_custom_messages_group":[],"rop_publish_now":"initial","rop_publish_now_accounts":[],"rop_publish_now_history":[],"rop_publish_now_status":"pending","footnotes":""},"categories":[188],"tags":[],"class_list":["post-6594","post","type-post","status-publish","format-standard","has-post-thumbnail","hentry","category-indaiatuba"],"amp_enabled":true,"_links":{"self":[{"href":"https:\/\/imais.online\/portal\/wp-json\/wp\/v2\/posts\/6594","targetHints":{"allow":["GET"]}}],"collection":[{"href":"https:\/\/imais.online\/portal\/wp-json\/wp\/v2\/posts"}],"about":[{"href":"https:\/\/imais.online\/portal\/wp-json\/wp\/v2\/types\/post"}],"author":[{"embeddable":true,"href":"https:\/\/imais.online\/portal\/wp-json\/wp\/v2\/users\/8"}],"replies":[{"embeddable":true,"href":"https:\/\/imais.online\/portal\/wp-json\/wp\/v2\/comments?post=6594"}],"version-history":[{"count":1,"href":"https:\/\/imais.online\/portal\/wp-json\/wp\/v2\/posts\/6594\/revisions"}],"predecessor-version":[{"id":6596,"href":"https:\/\/imais.online\/portal\/wp-json\/wp\/v2\/posts\/6594\/revisions\/6596"}],"wp:featuredmedia":[{"embeddable":true,"href":"https:\/\/imais.online\/portal\/wp-json\/wp\/v2\/media\/6595"}],"wp:attachment":[{"href":"https:\/\/imais.online\/portal\/wp-json\/wp\/v2\/media?parent=6594"}],"wp:term":[{"taxonomy":"category","embeddable":true,"href":"https:\/\/imais.online\/portal\/wp-json\/wp\/v2\/categories?post=6594"},{"taxonomy":"post_tag","embeddable":true,"href":"https:\/\/imais.online\/portal\/wp-json\/wp\/v2\/tags?post=6594"}],"curies":[{"name":"wp","href":"https:\/\/api.w.org\/{rel}","templated":true}]}}