{"id":6603,"date":"2022-05-19T19:25:41","date_gmt":"2022-05-19T22:25:41","guid":{"rendered":"https:\/\/imais.online\/portal\/?p=6603"},"modified":"2022-05-19T19:25:42","modified_gmt":"2022-05-19T22:25:42","slug":"ate-quando-vai-o-frio-no-centro-sul-do-brasil-nova-frente-fria-ja-esta-no-radar-dos-meteorologistas","status":"publish","type":"post","link":"https:\/\/imais.online\/portal\/ate-quando-vai-o-frio-no-centro-sul-do-brasil-nova-frente-fria-ja-esta-no-radar-dos-meteorologistas\/","title":{"rendered":"At\u00e9 quando vai o frio no centro-sul do Brasil? Nova frente fria j\u00e1 est\u00e1 no radar dos meteorologistas"},"content":{"rendered":"<div class=\"imais-before-content-placement\" id=\"imais-3994674140\"><script async src=\"\/\/pagead2.googlesyndication.com\/pagead\/js\/adsbygoogle.js?client=ca-pub-8787528412751566\" crossorigin=\"anonymous\"><\/script><ins class=\"adsbygoogle\" style=\"display:block;\" data-ad-client=\"ca-pub-8787528412751566\" \ndata-ad-slot=\"\" \ndata-ad-format=\"auto\"><\/ins>\n<script> \n(adsbygoogle = window.adsbygoogle || []).push({}); \n<\/script>\n<\/div>\n<h2 class=\"wp-block-heading\">Pr\u00f3xima semana deve ter temperaturas mais quentes em boa parte do Brasil. &#8216;Rescaldo&#8217; da frente fria pode ocasionar temporais em Alagoas e Pernambuco j\u00e1 nesta sexta (20).<\/h2>\n\n\n\n<p>A onda de frio que atingiu os estados do Centro-Sul ainda promete baixar as temperaturas nesta sexta-feira (19) e no final de semana em boa parte do pa\u00eds, mas, a partir da pr\u00f3xima segunda (23), j\u00e1 come\u00e7a a dar uma tr\u00e9gua\u00a0<em>(veja a previs\u00e3o para os pr\u00f3ximos dias abaixo).<\/em><\/p>\n\n\n\n<p>Nesta quarta-feira (18), a\u00a0m\u00e1xima de S\u00e3o Paulo foi 12,3\u00baC, a tarde mais fria do m\u00eas de maio em toda a s\u00e9rie hist\u00f3rica.\u00a0Na segunda, no entanto, os term\u00f4metros da capital paulista devem marcar 24\u00baC. No Rio, a mudan\u00e7a vai ser ainda maior, com term\u00f4metros na casa dos 27\u00baC na in\u00edcio da pr\u00f3xima semana.<\/p>\n\n\n\n<p>J\u00e1 na regi\u00e3o Sul, Porto Alegre, Florian\u00f3polis e Curitiba ter\u00e3o, respectivamente, m\u00e1ximas de 22\u00baC, 23\u00baC e 21\u00baC. No Centro-Oeste, as m\u00e1ximas v\u00e3o ser ainda mais altas, com previs\u00e3o de um &#8220;calor\u00e3o&#8221; de 32\u00baC em Cuiab\u00e1 e de 28\u00baC em Campo Grande e Goi\u00e2nia.<\/p>\n\n\n\n<p>M\u00e1ximas &#8211; Sudeste<\/p>\n\n\n\n<figure class=\"wp-block-table\"><table><tbody><tr><td>Capital<\/td><td>Sex &#8211; 20\/05<\/td><td>S\u00e1b &#8211; 21\/05<\/td><td>Dom &#8211; 22\/05<\/td><td>Seg &#8211; 23\/05<\/td><\/tr><tr><td>S\u00e3o Paulo (SP)<\/td><td>19\u00baC<\/td><td>21\u00baC<\/td><td>22\u00baC<\/td><td>24\u00baC<\/td><\/tr><tr><td>Rio de Janeiro (RJ)<\/td><td>22\u00baC<\/td><td>24\u00baC<\/td><td>26\u00baC<\/td><td>27\u00baC<\/td><\/tr><tr><td>Belo Horizonte (MG)<\/td><td>21\u00baC<\/td><td>22\u00baC<\/td><td>22\u00baC<\/td><td>23\u00baC<\/td><\/tr><\/tbody><\/table><\/figure>\n\n\n\n<p>Fonte: Climatempo<\/p>\n\n\n\n<p>M\u00e1ximas &#8211; Sul<\/p>\n\n\n\n<figure class=\"wp-block-table\"><table><tbody><tr><td>Capital<\/td><td>Sex &#8211; 20\/05<\/td><td>S\u00e1b &#8211; 21\/05<\/td><td>Dom &#8211; 22\/05<\/td><td>Seg &#8211; 23\/05<\/td><\/tr><tr><td>Porto Alegre (RS)<\/td><td>17\u00baC<\/td><td>18\u00baC<\/td><td>19\u00baC<\/td><td>22\u00baC<\/td><\/tr><tr><td>Florian\u00f3polis (SC)<\/td><td>20\u00baC<\/td><td>22\u00baC<\/td><td>22\u00baC<\/td><td>23\u00baC<\/td><\/tr><tr><td>Curitiba (Paran\u00e1)<\/td><td>17\u00baC<\/td><td>19\u00baC<\/td><td>19\u00baC<\/td><td>21\u00ba\u20a2<\/td><\/tr><\/tbody><\/table><\/figure>\n\n\n\n<p>Fonte: Climatempo<\/p>\n\n\n\n<p>M\u00e1ximas &#8211; Centro-Oeste<\/p>\n\n\n\n<figure class=\"wp-block-table\"><table><tbody><tr><td>Capital<\/td><td>Sex &#8211; 20\/05<\/td><td>S\u00e1b &#8211; 21\/05<\/td><td>Dom &#8211; 22\/05<\/td><td>Seg &#8211; 23\/05<\/td><\/tr><tr><td>Bras\u00edlia (DF)<\/td><td>22\u00ba\u20a2<\/td><td>24\u00baC<\/td><td>24\u00baC<\/td><td>25\u00baC<\/td><\/tr><tr><td>Goi\u00e2nia (GO)<\/td><td>24\u00baC<\/td><td>26\u00baC<\/td><td>27\u00baC<\/td><td>28\u00ba\u20a2<\/td><\/tr><tr><td>Cuiab\u00e1 (MT)<\/td><td>26\u00baC<\/td><td>29\u00ba\u20a2<\/td><td>30\u00baC<\/td><td>32\u00ba\u20a2<\/td><\/tr><tr><td>Campo Grande (MS)<\/td><td>20\u00baC<\/td><td>23\u00ba\u20a2<\/td><td>26\u00ba\u20a2<\/td><td>28\u00baC<\/td><\/tr><\/tbody><\/table><\/figure>\n\n\n\n<p>Fonte: Climatempo<\/p>\n\n\n\n<h2 class=\"wp-block-heading\">Previs\u00e3o para a pr\u00f3xima semana<\/h2>\n\n\n\n<p>Cesar Soares, meteorologista da Climatempo, explica que o ar frio de fato s\u00f3 vai perder for\u00e7a a partir de quarta-feira, quando o Sol ir\u00e1 aparecer mais ao longo do dia, aumentando as temperaturas.<\/p>\n\n\n\n<blockquote class=\"wp-block-quote is-layout-flow wp-block-quote-is-layout-flow\"><p>&#8220;Mas as madrugadas frias devem continuar com a gente pelo menos at\u00e9 o fim da pr\u00f3xima semana&#8221;, explica ele.<\/p><\/blockquote>\n\n\n\n<p>Segundo o especialista,\u00a0a tempestade subtropical Yakecan, uma das respons\u00e1veis pelo frio, agora est\u00e1 &#8220;morrendo&#8221;\u00a0e deslocando para o alto-mar na altura dos estados de S\u00e3o Paulo e Rio de Janeiro.<\/p>\n\n\n\n<p>Por isso, o mar permanece agitado pelo menos at\u00e9 o final desta semana entre o litoral do Rio e o Rio Grande do Sul.<\/p>\n\n\n\n<p>J\u00e1 no Nordeste, as temperaturas tamb\u00e9m v\u00e3o subir, mas a presen\u00e7a da frente fria por l\u00e1 ir\u00e1 favorecer a ocorr\u00eancia de temporais, principalmente na regi\u00e3o do leste de Alagoas e Pernambuco.<\/p>\n\n\n\n<p>Segundo o Climatempo, nesta sexta (20) h\u00e1 previs\u00e3o de chuva a qualquer hora do dia em Macei\u00f3 e pancadas de chuva \u00e0 tarde no Recife.<\/p>\n\n\n\n<h2 class=\"wp-block-heading\">Outra onda de frio?<\/h2>\n\n\n\n<p>Sobre a possibilidade de outra onda de frio nos pr\u00f3ximos dias, Cesar explica que, por enquanto, isso vai demorar.<\/p>\n\n\n\n<p>H\u00e1 uma onda de frio prevista para a primeira quinzena de junho, mas nada t\u00e3o intenso quanto essa de agora.<\/p>\n\n\n\n<p>&#8220;Inclusive, esta deve ter sido a onda de frio mais intensa deste ano aqui no Brasil&#8221;, avalia.<\/p>\n\n\n\n<p>Fonte G1<\/p>\n","protected":false},"excerpt":{"rendered":"<p>Pr\u00f3xima semana deve ter temperaturas mais quentes em boa parte do Brasil. &#8216;Rescaldo&#8217; da frente fria pode ocasionar temporais em Alagoas e Pernambuco j\u00e1 nesta sexta (20). A onda de frio que atingiu os estados do Centro-Sul ainda promete baixar as temperaturas nesta sexta-feira (19) e no final de semana em boa parte do pa\u00eds, [&hellip;]<\/p>\n","protected":false},"author":8,"featured_media":6604,"comment_status":"closed","ping_status":"open","sticky":false,"template":"","format":"standard","meta":{"rop_custom_images_group":[],"rop_custom_messages_group":[],"rop_publish_now":"initial","rop_publish_now_accounts":[],"rop_publish_now_history":[],"rop_publish_now_status":"pending","footnotes":""},"categories":[1],"tags":[],"class_list":["post-6603","post","type-post","status-publish","format-standard","has-post-thumbnail","hentry","category-sem-categoria"],"amp_enabled":true,"_links":{"self":[{"href":"https:\/\/imais.online\/portal\/wp-json\/wp\/v2\/posts\/6603","targetHints":{"allow":["GET"]}}],"collection":[{"href":"https:\/\/imais.online\/portal\/wp-json\/wp\/v2\/posts"}],"about":[{"href":"https:\/\/imais.online\/portal\/wp-json\/wp\/v2\/types\/post"}],"author":[{"embeddable":true,"href":"https:\/\/imais.online\/portal\/wp-json\/wp\/v2\/users\/8"}],"replies":[{"embeddable":true,"href":"https:\/\/imais.online\/portal\/wp-json\/wp\/v2\/comments?post=6603"}],"version-history":[{"count":1,"href":"https:\/\/imais.online\/portal\/wp-json\/wp\/v2\/posts\/6603\/revisions"}],"predecessor-version":[{"id":6605,"href":"https:\/\/imais.online\/portal\/wp-json\/wp\/v2\/posts\/6603\/revisions\/6605"}],"wp:featuredmedia":[{"embeddable":true,"href":"https:\/\/imais.online\/portal\/wp-json\/wp\/v2\/media\/6604"}],"wp:attachment":[{"href":"https:\/\/imais.online\/portal\/wp-json\/wp\/v2\/media?parent=6603"}],"wp:term":[{"taxonomy":"category","embeddable":true,"href":"https:\/\/imais.online\/portal\/wp-json\/wp\/v2\/categories?post=6603"},{"taxonomy":"post_tag","embeddable":true,"href":"https:\/\/imais.online\/portal\/wp-json\/wp\/v2\/tags?post=6603"}],"curies":[{"name":"wp","href":"https:\/\/api.w.org\/{rel}","templated":true}]}}