{"id":6622,"date":"2022-05-20T14:48:34","date_gmt":"2022-05-20T17:48:34","guid":{"rendered":"https:\/\/imais.online\/portal\/?p=6622"},"modified":"2022-05-20T14:48:36","modified_gmt":"2022-05-20T17:48:36","slug":"semana-nacional-de-museus-tera-mais-de-2-500-eventos-no-pais","status":"publish","type":"post","link":"https:\/\/imais.online\/portal\/semana-nacional-de-museus-tera-mais-de-2-500-eventos-no-pais\/","title":{"rendered":"Semana Nacional de Museus ter\u00e1 mais de 2.500 eventos no pa\u00eds"},"content":{"rendered":"<div class=\"imais-before-content-placement\" id=\"imais-947206343\"><script async src=\"\/\/pagead2.googlesyndication.com\/pagead\/js\/adsbygoogle.js?client=ca-pub-8787528412751566\" crossorigin=\"anonymous\"><\/script><ins class=\"adsbygoogle\" style=\"display:block;\" data-ad-client=\"ca-pub-8787528412751566\" \ndata-ad-slot=\"\" \ndata-ad-format=\"auto\"><\/ins>\n<script> \n(adsbygoogle = window.adsbygoogle || []).push({}); \n<\/script>\n<\/div>\n<h2 class=\"has-text-align-center wp-block-heading\">Com o tema O Poder dos Museus, n\u00famero de eventos neste ano ser\u00e1 maior do que o registrado na \u00faltima edi\u00e7\u00e3o<\/h2>\n\n\n\n<p>A Semana Nacional de Museus chega \u00e0 20\u00aa edi\u00e7\u00e3o com programa\u00e7\u00e3o de 2.587 eventos em 877\u00a0museus distribu\u00eddos pelos 26 estados\u00a0do pa\u00eds. Entre as atra\u00e7\u00f5es est\u00e3o shows, pe\u00e7as de teatro e exposi\u00e7\u00f5es. Neste ano, com o tema O Poder dos Museus, o n\u00famero de participantes ser\u00e1 maior do que o registrado na \u00faltima edi\u00e7\u00e3o, quando foram realizados 1.700 eventos em 660 museus.\u00a0<\/p>\n\n\n\n<p>Entre os eventos, destaca-se a exposi\u00e7\u00e3o \u201cBrasil decolonial \u2013 outras hist\u00f3rias\u201d, realizada a partir desta quinta-feira (19), no Museu Hist\u00f3rico Nacional. A mostra apresenta um conjunto de 17 interven\u00e7\u00f5es textuais e art\u00edsticas sobre temas e objetos relativos \u00e0 di\u00e1spora africana na hist\u00f3ria do Brasil. No domingo (22), est\u00e3o programados semin\u00e1rios, sess\u00f5es de cinema, visitas mediadas, debates, workshops, festivais e lan\u00e7amentos de livros nos principais espa\u00e7os do pa\u00eds.\u00a0<\/p>\n\n\n\n<p>O Museu da Inconfid\u00eancia, em Minas Gerais, apresenta nesta quinta (19) e sexta-feira (20) palestra sobre o s\u00edtio arqueol\u00f3gico Sambaquis. Al\u00e9m disso, ser\u00e1 lan\u00e7ado o livro\u00a0<em>Uma Aventura na Terra dos Sambaquieiros, os Primeiros Habitantes de Niter\u00f3i<\/em>, obra gratuita destinada ao p\u00fablico infantojuvenil que apresenta a regi\u00e3o oce\u00e2nica de Niter\u00f3i.<\/p>\n\n\n\n<p>Os visitantes ainda poder\u00e3o participar de oficinas de dan\u00e7a do carimb\u00f3 e de audiodescri\u00e7\u00e3o: uma experi\u00eancia inclusiva com artefatos e apetrechos relacionados \u00e0 pesca artesanal.<\/p>\n\n\n\n<p>Veja\u00a0<a href=\"https:\/\/www.gov.br\/museus\/pt-br\/assuntos\/eventos\/20-semana-nacional-de-museus\/20snm-guia-da-programacao_v7.pdf\"><strong>aqui<\/strong><\/a>\u00a0a programa\u00e7\u00e3o completa da Semana Nacional de Museus.<\/p>\n\n\n\n<h3 class=\"wp-block-heading\">Dia Internacional dos Museus<\/h3>\n\n\n\n<p>H\u00e1 45 anos a escolha do tema para o Dia Internacional dos Museus, celebrado em 18 de maio, \u00e9 proposta anualmente pelo Conselho Internacional de Museus (Icom). Nessa data, o evento convida museus, profissionais e comunidades a criar a\u00e7\u00f5es voltadas para o di\u00e1logo com os seus p\u00fablicos e territ\u00f3rios, com o objetivo de gerar reconhecimento e visibilidade dos museus.<\/p>\n\n\n\n<p>Fonte R7<\/p>\n","protected":false},"excerpt":{"rendered":"<p>Com o tema O Poder dos Museus, n\u00famero de eventos neste ano ser\u00e1 maior do que o registrado na \u00faltima edi\u00e7\u00e3o A Semana Nacional de Museus chega \u00e0 20\u00aa edi\u00e7\u00e3o com programa\u00e7\u00e3o de 2.587 eventos em 877\u00a0museus distribu\u00eddos pelos 26 estados\u00a0do pa\u00eds. Entre as atra\u00e7\u00f5es est\u00e3o shows, pe\u00e7as de teatro e exposi\u00e7\u00f5es. Neste ano, com [&hellip;]<\/p>\n","protected":false},"author":8,"featured_media":6623,"comment_status":"closed","ping_status":"open","sticky":false,"template":"","format":"standard","meta":{"rop_custom_images_group":[],"rop_custom_messages_group":[],"rop_publish_now":"initial","rop_publish_now_accounts":[],"rop_publish_now_history":[],"rop_publish_now_status":"pending","footnotes":""},"categories":[200],"tags":[],"class_list":["post-6622","post","type-post","status-publish","format-standard","has-post-thumbnail","hentry","category-cultura"],"amp_enabled":true,"_links":{"self":[{"href":"https:\/\/imais.online\/portal\/wp-json\/wp\/v2\/posts\/6622","targetHints":{"allow":["GET"]}}],"collection":[{"href":"https:\/\/imais.online\/portal\/wp-json\/wp\/v2\/posts"}],"about":[{"href":"https:\/\/imais.online\/portal\/wp-json\/wp\/v2\/types\/post"}],"author":[{"embeddable":true,"href":"https:\/\/imais.online\/portal\/wp-json\/wp\/v2\/users\/8"}],"replies":[{"embeddable":true,"href":"https:\/\/imais.online\/portal\/wp-json\/wp\/v2\/comments?post=6622"}],"version-history":[{"count":1,"href":"https:\/\/imais.online\/portal\/wp-json\/wp\/v2\/posts\/6622\/revisions"}],"predecessor-version":[{"id":6624,"href":"https:\/\/imais.online\/portal\/wp-json\/wp\/v2\/posts\/6622\/revisions\/6624"}],"wp:featuredmedia":[{"embeddable":true,"href":"https:\/\/imais.online\/portal\/wp-json\/wp\/v2\/media\/6623"}],"wp:attachment":[{"href":"https:\/\/imais.online\/portal\/wp-json\/wp\/v2\/media?parent=6622"}],"wp:term":[{"taxonomy":"category","embeddable":true,"href":"https:\/\/imais.online\/portal\/wp-json\/wp\/v2\/categories?post=6622"},{"taxonomy":"post_tag","embeddable":true,"href":"https:\/\/imais.online\/portal\/wp-json\/wp\/v2\/tags?post=6622"}],"curies":[{"name":"wp","href":"https:\/\/api.w.org\/{rel}","templated":true}]}}