{"id":6684,"date":"2022-05-22T16:53:27","date_gmt":"2022-05-22T19:53:27","guid":{"rendered":"https:\/\/imais.online\/portal\/?p=6684"},"modified":"2022-05-22T16:53:29","modified_gmt":"2022-05-22T19:53:29","slug":"policiais-militares-deixarao-de-fazer-escolta-de-presos-em-sp","status":"publish","type":"post","link":"https:\/\/imais.online\/portal\/policiais-militares-deixarao-de-fazer-escolta-de-presos-em-sp\/","title":{"rendered":"Policiais Militares deixar\u00e3o de fazer escolta de presos em SP"},"content":{"rendered":"<div class=\"imais-before-content-placement\" id=\"imais-2390301483\"><script async src=\"\/\/pagead2.googlesyndication.com\/pagead\/js\/adsbygoogle.js?client=ca-pub-8787528412751566\" crossorigin=\"anonymous\"><\/script><ins class=\"adsbygoogle\" style=\"display:block;\" data-ad-client=\"ca-pub-8787528412751566\" \ndata-ad-slot=\"\" \ndata-ad-format=\"auto\"><\/ins>\n<script> \n(adsbygoogle = window.adsbygoogle || []).push({}); \n<\/script>\n<\/div>\n<p class=\"has-text-align-center\">Mais de 1,5 mil agentes penitenci\u00e1rios ser\u00e3o contratados para a fun\u00e7\u00e3o<\/p>\n\n\n\n<p>Foi publicada na edi\u00e7\u00e3o deste s\u00e1bado (21) do Di\u00e1rio Oficial do Estado a nomea\u00e7\u00e3o, assinada pelo governador Rodrigo Garcia, de 1.593 novos agentes de escolta e vigil\u00e2ncia aprovados em concurso da Secretaria da Administra\u00e7\u00e3o Penitenci\u00e1ria. Com a medida, a Pol\u00edcia Militar deixar\u00e1 de acompanhar o transporte de presos no interior e Baixada Santista, refor\u00e7ando o patrulhamento ostensivo nestas regi\u00f5es.<\/p>\n\n\n\n<p>Os aprovados em concurso come\u00e7am a ser convocados pela pasta para treinamento ainda em maio. Ao longo dos pr\u00f3ximos meses, os novos agentes ser\u00e3o efetivados para atua\u00e7\u00e3o no sistema prisional de forma gradativa. Simultaneamente, a PM deixar\u00e1 de cumprir escalas nas escoltas de presos para audi\u00eancias judiciais, tratamento m\u00e9dico fora de pres\u00eddios ou transfer\u00eancias de unidades.<\/p>\n\n\n\n<p>O refor\u00e7o na seguran\u00e7a penitenci\u00e1ria vem evoluindo desde o in\u00edcio de 2019, j\u00e1 que a atual gest\u00e3o iniciou o chamamento de aprovados em concursos de administra\u00e7\u00f5es anteriores e que n\u00e3o tinham sido aproveitados at\u00e9 ent\u00e3o. Al\u00e9m das 1.593 nomea\u00e7\u00f5es autorizadas nesta sexta, o Estado j\u00e1 havia efetivado outros 778 agentes este ano e deve nomear outros 935 em breve.<\/p>\n\n\n\n<p>Outra medida para aumentar o efetivo policial nas ruas foi a amplia\u00e7\u00e3o robusta do sistema de teleaudi\u00eancias criminais no sistema prisional de S\u00e3o Paulo. Em 2019, eram apenas 39 salas de teleaudi\u00eancia, e atualmente este n\u00famero saltou para 731.<\/p>\n\n\n\n<p>Rodrigo Garcia ainda liberou a contrata\u00e7\u00e3o de outros 416 profissionais para atua\u00e7\u00e3o no sistema prisional. S\u00e3o 265 oficiais administrativos, 51 t\u00e9cnicos de enfermagem, 50 agentes t\u00e9cnicos de assist\u00eancia \u00e0 sa\u00fade, 25 analistas administrativos, 12 enfermeiros, oito cirurgi\u00f5es dentistas e cinco analistas socioculturais.<\/p>\n","protected":false},"excerpt":{"rendered":"<p>Mais de 1,5 mil agentes penitenci\u00e1rios ser\u00e3o contratados para a fun\u00e7\u00e3o Foi publicada na edi\u00e7\u00e3o deste s\u00e1bado (21) do Di\u00e1rio Oficial do Estado a nomea\u00e7\u00e3o, assinada pelo governador Rodrigo Garcia, de 1.593 novos agentes de escolta e vigil\u00e2ncia aprovados em concurso da Secretaria da Administra\u00e7\u00e3o Penitenci\u00e1ria. Com a medida, a Pol\u00edcia Militar deixar\u00e1 de acompanhar [&hellip;]<\/p>\n","protected":false},"author":7,"featured_media":6685,"comment_status":"closed","ping_status":"open","sticky":false,"template":"","format":"standard","meta":{"rop_custom_images_group":[],"rop_custom_messages_group":[],"rop_publish_now":"initial","rop_publish_now_accounts":[],"rop_publish_now_history":[],"rop_publish_now_status":"pending","footnotes":""},"categories":[195],"tags":[73],"class_list":["post-6684","post","type-post","status-publish","format-standard","has-post-thumbnail","hentry","category-sao-paulo","tag-featured"],"amp_enabled":true,"_links":{"self":[{"href":"https:\/\/imais.online\/portal\/wp-json\/wp\/v2\/posts\/6684","targetHints":{"allow":["GET"]}}],"collection":[{"href":"https:\/\/imais.online\/portal\/wp-json\/wp\/v2\/posts"}],"about":[{"href":"https:\/\/imais.online\/portal\/wp-json\/wp\/v2\/types\/post"}],"author":[{"embeddable":true,"href":"https:\/\/imais.online\/portal\/wp-json\/wp\/v2\/users\/7"}],"replies":[{"embeddable":true,"href":"https:\/\/imais.online\/portal\/wp-json\/wp\/v2\/comments?post=6684"}],"version-history":[{"count":1,"href":"https:\/\/imais.online\/portal\/wp-json\/wp\/v2\/posts\/6684\/revisions"}],"predecessor-version":[{"id":6686,"href":"https:\/\/imais.online\/portal\/wp-json\/wp\/v2\/posts\/6684\/revisions\/6686"}],"wp:featuredmedia":[{"embeddable":true,"href":"https:\/\/imais.online\/portal\/wp-json\/wp\/v2\/media\/6685"}],"wp:attachment":[{"href":"https:\/\/imais.online\/portal\/wp-json\/wp\/v2\/media?parent=6684"}],"wp:term":[{"taxonomy":"category","embeddable":true,"href":"https:\/\/imais.online\/portal\/wp-json\/wp\/v2\/categories?post=6684"},{"taxonomy":"post_tag","embeddable":true,"href":"https:\/\/imais.online\/portal\/wp-json\/wp\/v2\/tags?post=6684"}],"curies":[{"name":"wp","href":"https:\/\/api.w.org\/{rel}","templated":true}]}}