{"id":672,"date":"2021-08-15T11:50:32","date_gmt":"2021-08-15T14:50:32","guid":{"rendered":"https:\/\/imais.online\/portal\/?p=672"},"modified":"2021-08-15T11:51:26","modified_gmt":"2021-08-15T14:51:26","slug":"mortes-por-covid-19-de-pessoas-vacinadas-sao-raras-diz-especialista","status":"publish","type":"post","link":"https:\/\/imais.online\/portal\/mortes-por-covid-19-de-pessoas-vacinadas-sao-raras-diz-especialista\/","title":{"rendered":"Mortes por covid-19 de pessoas vacinadas s\u00e3o raras, diz especialista"},"content":{"rendered":"<div class=\"imais-before-content-placement\" id=\"imais-3591023587\"><script async src=\"\/\/pagead2.googlesyndication.com\/pagead\/js\/adsbygoogle.js?client=ca-pub-8787528412751566\" crossorigin=\"anonymous\"><\/script><ins class=\"adsbygoogle\" style=\"display:block;\" data-ad-client=\"ca-pub-8787528412751566\" \ndata-ad-slot=\"\" \ndata-ad-format=\"auto\"><\/ins>\n<script> \n(adsbygoogle = window.adsbygoogle || []).push({}); \n<\/script>\n<\/div>\n<p class=\"has-text-align-center\">M\u00e9dicos defendem efic\u00e1cia de todas as vacinas dispon\u00edveis<\/p>\n\n\n\n<p>A morte do ator\u00a0Tarc\u00edsio Meira\u00a0na \u00faltima\u00a0quinta-feira (12), por complica\u00e7\u00f5es da covid-19, reacendeu o debate sobre a efic\u00e1cia da vacina\u00e7\u00e3o para controlar a pandemia. Aos 85 anos, o ator estava completamente imunizado desde abril, quando tomou a\u00a0segunda\u00a0dose da CoronaVac. O epis\u00f3dio gerou nova onda de desinforma\u00e7\u00e3o nas redes sociais, com falsas narrativas de que &#8220;n\u00e3o adianta tomar vacina&#8221;. A\u00a0<strong>Ag\u00eancia Brasil<\/strong>\u00a0conversou com especialistas que foram taxativas na defesa da imuniza\u00e7\u00e3o em massa como a principal estrat\u00e9gia para que o pa\u00eds saia da crise sanit\u00e1ria.<img decoding=\"async\" src=\"https:\/\/agenciabrasil.ebc.com.br\/ebc.png?id=1418535&amp;o=node\"><img decoding=\"async\" src=\"https:\/\/agenciabrasil.ebc.com.br\/ebc.gif?id=1418535&amp;o=node\"><\/p>\n\n\n\n<p>&#8220;Nenhuma vacina dispon\u00edvel no Brasil, a da Pfizer, a Janssen, AstraZeneca ou a CoronaVac asseguram 100% de prote\u00e7\u00e3o. As pessoas continuam precisando de cuidados, como uso de m\u00e1scara e distanciamento social. Mas a efetividade das vacinas \u00e9 indiscut\u00edvel.,Basta ver que nos pa\u00edses com vacina\u00e7\u00e3o avan\u00e7ada, como Israel e Inglaterra, mesmo com aumento de casos&nbsp;por causa da variante Delta, o n\u00famero de interna\u00e7\u00f5es e mortes s\u00e3o proporcionalmente muito menores, resultado direto da imuniza\u00e7\u00e3o&#8221;, diz&nbsp;a m\u00e9dica Isabella Ballalai, vice-presidente da Sociedade Brasileira de Imuniza\u00e7\u00f5es (SBIm).<\/p>\n\n\n\n<p>Um estudo recente da Universidade de S\u00e3o Paulo (USP) e da Universidade Estadual Paulista (Unesp) avaliou o efeito das vacinas contra o portal coronav\u00edrus na popula\u00e7\u00e3o brasileira e concluiu que 91,49% das pessoas que morreram pela infec\u00e7\u00e3o, entre maio e julho deste ano, n\u00e3o tinham tomado vacina ou n\u00e3o estavam totalmente vacinadas com as duas doses ou dose \u00fanica, no caso do imunizante da Janssen.<\/p>\n\n\n\n<p>A mesma pesquisa demonstrou que 84,9% das pessoas imunizadas que morreram no pa\u00eds tinham algum fator de risco para a covid-19 e 87,6% tinham 70 anos ou mais. A incid\u00eancia de agravamento de quadros em pessoas idosas, mesmo que vacinadas, tem uma explica\u00e7\u00e3o biol\u00f3gica. A imunossenesc\u00eancia \u00e9 o processo de envelhecimento e desregula\u00e7\u00e3o da fun\u00e7\u00e3o imunol\u00f3gica no organismos de idosos, o que contribui para o aumento da suscetibilidade a infec\u00e7\u00f5es por v\u00edrus e bact\u00e9rias, al\u00e9m do desenvolvimento de doen\u00e7as como o c\u00e2ncer e a redu\u00e7\u00e3o da resposta vacinal imunol\u00f3gica.<\/p>\n\n\n\n<p>&#8220;Nos idosos&nbsp;a partir dos 60 anos, h\u00e1 o que a gente chama de imunossenesc\u00eancia. O nosso organismo, fisiologicamente, perde a capacidade, ante a exposi\u00e7\u00e3o de um ant\u00edgeno, seja a doen\u00e7a ou a vacina, de gerar resposta imunol\u00f3gica adequada&#8221;, explica a m\u00e9dica Lorena de Castro Diniz, coordenadora do Departamento Cient\u00edfico de Imuniza\u00e7\u00e3o da Associa\u00e7\u00e3o Brasileira de Alergia e Imunologia (Asbai). &#8220;Al\u00e9m da imunossenesc\u00eancia,&nbsp;\u00e9 muito raro um idoso acima dos 60 anos n\u00e3o&nbsp;ter&nbsp;uma comorbidade, como cardiopatia ou diabetes.&nbsp;Ent\u00e3o, com esses dois aspectos, aumentam&nbsp;as chances de evoluir gravemente frente ao v\u00edrus da covid&#8221;, acrescenta.<\/p>\n\n\n\n<p>Mesmo com maior suscetibilidade \u00e0 efic\u00e1cia das vacinas, a imuniza\u00e7\u00e3o de idosos \u00e9 crucial para proteg\u00ea-los. Lorena Diniz faz uma analogia com a guerra para explicar como as vacinas colaboram nessa estrat\u00e9gia. &#8220;Se a gente estiver numa guerra, com homens treinados, a chance de a gente ganhar \u00e9 muito maior do que chamar pessoas da reserva que n\u00e3o foram treinadas para vencer&nbsp;o combate&#8221;.&nbsp;<\/p>\n\n\n\n<p>Para ganhar essa guerra, no entanto, a cobertura vacinal na maior parte da popula\u00e7\u00e3o \u00e9 fundamental. &#8220;A vacina em si \u00e9 somente um produto. A estrat\u00e9gia mesmo \u00e9 a vacina\u00e7\u00e3o. Vacina sem vacina\u00e7\u00e3o n\u00e3o adianta nada. N\u00e3o adianta apenas voc\u00ea se vacinar, as outras pessoas tamb\u00e9m precisam disso para gerar prote\u00e7\u00e3o coletiva&#8221;, ressalta Isabella Ballalai.<\/p>\n\n\n\n<p>A m\u00e9dica lembra, por exemplo, o caso do v\u00edrus do sarampo. A doen\u00e7a que foi considerada erradicada no Brasil em 2016, com direito a certifica\u00e7\u00e3o pela Organiza\u00e7\u00e3o Mundial da Sa\u00fade (OMS), voltou a atingir a popula\u00e7\u00e3o em 2019, revertendo esse status. O motivo foi&nbsp;a vacina\u00e7\u00e3o abaixo do esperado.&nbsp;<\/p>\n","protected":false},"excerpt":{"rendered":"<p>M\u00e9dicos defendem efic\u00e1cia de todas as vacinas dispon\u00edveis A morte do ator\u00a0Tarc\u00edsio Meira\u00a0na \u00faltima\u00a0quinta-feira (12), por complica\u00e7\u00f5es da covid-19, reacendeu o debate sobre a efic\u00e1cia da vacina\u00e7\u00e3o para controlar a pandemia. Aos 85 anos, o ator estava completamente imunizado desde abril, quando tomou a\u00a0segunda\u00a0dose da CoronaVac. O epis\u00f3dio gerou nova onda de desinforma\u00e7\u00e3o nas redes [&hellip;]<\/p>\n","protected":false},"author":6,"featured_media":674,"comment_status":"closed","ping_status":"open","sticky":false,"template":"","format":"standard","meta":{"rop_custom_images_group":[],"rop_custom_messages_group":[],"rop_publish_now":"initial","rop_publish_now_accounts":[],"rop_publish_now_history":[],"rop_publish_now_status":"pending","footnotes":""},"categories":[189,191],"tags":[73],"class_list":["post-672","post","type-post","status-publish","format-standard","has-post-thumbnail","hentry","category-brasil","category-destaque","tag-featured"],"amp_enabled":true,"_links":{"self":[{"href":"https:\/\/imais.online\/portal\/wp-json\/wp\/v2\/posts\/672","targetHints":{"allow":["GET"]}}],"collection":[{"href":"https:\/\/imais.online\/portal\/wp-json\/wp\/v2\/posts"}],"about":[{"href":"https:\/\/imais.online\/portal\/wp-json\/wp\/v2\/types\/post"}],"author":[{"embeddable":true,"href":"https:\/\/imais.online\/portal\/wp-json\/wp\/v2\/users\/6"}],"replies":[{"embeddable":true,"href":"https:\/\/imais.online\/portal\/wp-json\/wp\/v2\/comments?post=672"}],"version-history":[{"count":1,"href":"https:\/\/imais.online\/portal\/wp-json\/wp\/v2\/posts\/672\/revisions"}],"predecessor-version":[{"id":677,"href":"https:\/\/imais.online\/portal\/wp-json\/wp\/v2\/posts\/672\/revisions\/677"}],"wp:featuredmedia":[{"embeddable":true,"href":"https:\/\/imais.online\/portal\/wp-json\/wp\/v2\/media\/674"}],"wp:attachment":[{"href":"https:\/\/imais.online\/portal\/wp-json\/wp\/v2\/media?parent=672"}],"wp:term":[{"taxonomy":"category","embeddable":true,"href":"https:\/\/imais.online\/portal\/wp-json\/wp\/v2\/categories?post=672"},{"taxonomy":"post_tag","embeddable":true,"href":"https:\/\/imais.online\/portal\/wp-json\/wp\/v2\/tags?post=672"}],"curies":[{"name":"wp","href":"https:\/\/api.w.org\/{rel}","templated":true}]}}