{"id":6853,"date":"2022-05-29T15:30:28","date_gmt":"2022-05-29T18:30:28","guid":{"rendered":"https:\/\/imais.online\/portal\/?p=6853"},"modified":"2022-05-29T15:30:30","modified_gmt":"2022-05-29T18:30:30","slug":"virada-cultural-arrastoes-agressoes-roubos-e-furtos-de-celulares-marcam-madrugada-com-show-interrompido","status":"publish","type":"post","link":"https:\/\/imais.online\/portal\/virada-cultural-arrastoes-agressoes-roubos-e-furtos-de-celulares-marcam-madrugada-com-show-interrompido\/","title":{"rendered":"Virada Cultural: Arrast\u00f5es, agress\u00f5es, roubos e furtos de celulares marcam madrugada com show interrompido"},"content":{"rendered":"<div class=\"imais-before-content-placement\" id=\"imais-97538218\"><script async src=\"\/\/pagead2.googlesyndication.com\/pagead\/js\/adsbygoogle.js?client=ca-pub-8787528412751566\" crossorigin=\"anonymous\"><\/script><ins class=\"adsbygoogle\" style=\"display:block;\" data-ad-client=\"ca-pub-8787528412751566\" \ndata-ad-slot=\"\" \ndata-ad-format=\"auto\"><\/ins>\n<script> \n(adsbygoogle = window.adsbygoogle || []).push({}); \n<\/script>\n<\/div>\n<h2 class=\"has-text-align-center wp-block-heading\">Apresenta\u00e7\u00e3o do funkeiro Kevinho foi paralisada no Vale do Anhangaba\u00fa, Centro de S\u00e3o Paulo, por orienta\u00e7\u00e3o da prefeitura ap\u00f3s repetidos epis\u00f3dios de viol\u00eancia durante show entre a noite de s\u00e1bado (28) e madrugada de domingo (29). Secretaria da Seguran\u00e7a informou que 6 suspeitos foram detidos e 5 telefones foram apreendidos.<\/h2>\n\n\n\n<p>A madrugada da\u00a0Virada Cultural\u00a0de s\u00e1bado (28) para domingo (29), em S\u00e3o Paulo, foi marcada por viol\u00eancia no palco principal do evento, no Vale do Anhangaba\u00fa, centro da capital. O\u00a0<strong>g1<\/strong>\u00a0esteve no local e viu\u00a0arrast\u00f5es, roubos e furtos de celulares, agress\u00f5es\u00a0e a interrup\u00e7\u00e3o de um show por causa da confus\u00e3o.<\/p>\n\n\n\n<p>Parte do p\u00fablico criticou a atua\u00e7\u00e3o das for\u00e7as de seguran\u00e7a e acusou policiais militares e guardas-civis metropolitanos de n\u00e3o agirem para impedir os crimes. A reportagem ainda presenciou o momento que agentes da Pol\u00edcia Militar (PM) bateram com cassetete numa estudante, que ficou sangrando e precisou de atendimento m\u00e9dico. Outras pessoas tamb\u00e9m ficaram feridas ap\u00f3s terem sido agredidas por grupos de 30 a 50 criminosos.<\/p>\n\n\n\n<p>Segundo a\u00a0Secretaria da Seguran\u00e7a P\u00fablica (SSP), seis pessoas, sendo tr\u00eas adolescentes, foram detidas pela PM por suspeita de participarem de arrast\u00f5es a frequentadores da Virada Cultural na regi\u00e3o central. Cinco celulares foram apreendidos e tr\u00eas deles acabaram devolvidos aos donos.<\/p>\n\n\n\n<blockquote class=\"wp-block-quote is-layout-flow wp-block-quote-is-layout-flow\"><p>&#8220;Na noite deste s\u00e1bado (28), seis pessoas, dentre elas tr\u00eas adolescentes, foram detidas pelos crimes de furto e roubo na regi\u00e3o da Rep\u00fablica Nas a\u00e7\u00f5es, cinco celulares foram apreendidos, sendo tr\u00eas devolvidos aos propriet\u00e1rios, e um \u00f3culos foi recuperado. Os autores adultos foram autuados em flagrante e permaneceram detidos \u00e0 disposi\u00e7\u00e3o da Justi\u00e7a, enquanto os menores de idade foram entregues aos seus respons\u00e1veis sob o compromisso de serem apresentados ao Minist\u00e9rio P\u00fablico. As ocorr\u00eancias foram registradas no 2\u00ba DP e encaminhadas ao 3\u00ba DP, \u00e1rea dos fatos&#8221;, informa trecho da nota da pasta da Seguran\u00e7a enviada \u00e0 imprensa.<\/p><\/blockquote>\n\n\n\n<p>A viol\u00eancia fez com que o show de\u00a0Kevinho, programado para as 23h de s\u00e1bado, fosse paralisado antes do fim. O funkeiro afirmou que pessoas estavam &#8220;se machucando&#8221; e que a decis\u00e3o era uma orienta\u00e7\u00e3o da prefeitura. Durante o show dele, foi poss\u00edvel ver pessoas sendo levadas por bombeiros ao pronto-socorro, al\u00e9m de cenas de correria e de agress\u00e3o. Em suas redes sociais, o cantor classificou a apresenta\u00e7\u00e3o para o p\u00fablico no Anhangaba\u00fa como &#8220;incr\u00edvel&#8221;, sem mencionar a confus\u00e3o.<\/p>\n\n\n\n<p>Estabelecimentos que vendiam comida e bebida no local tamb\u00e9m interromperam o servi\u00e7o antes do previsto devido \u00e0 inseguran\u00e7a. Funcion\u00e1rias das lanchonetes relataram medo de ir embora da regi\u00e3o e diziam que n\u00e3o teriam aceitado o trabalho se soubessem que a noite seria daquela forma \u2014 sentimento reverberado por outros profissionais que trabalhavam no evento.<\/p>\n\n\n\n<figure class=\"wp-block-image\"><img decoding=\"async\" src=\"https:\/\/s2.glbimg.com\/CMnBCis1hz_sQ1HKmYjIOdssC7I=\/0x0:1280x960\/984x0\/smart\/filters:strip_icc()\/i.s3.glbimg.com\/v1\/AUTH_59edd422c0c84a879bd37670ae4f538a\/internal_photos\/bs\/2022\/E\/q\/fkWxE2RSCD4gxHuqvPKA\/whatsapp-image-2022-05-29-at-00.21.01.jpeg\" alt=\"Marcas de sangue no Vale do Anhangaba\u00fa, na Virada Cultural \u2014 Foto: Victor Farias\/g1\"\/><figcaption> Marcas de sangue no Vale do Anhangaba\u00fa, na Virada Cultural \u2014 Foto: Victor Farias\/g1 <\/figcaption><\/figure>\n\n\n\n<blockquote class=\"wp-block-quote is-layout-flow wp-block-quote-is-layout-flow\"><p>&#8220;Eles come\u00e7aram a bater nele, e eu perguntei o que tava acontecendo. A\u00ed eles falaram: &#8220;sai daqui, vagabunda&#8221;. Eu fiquei, mano, por qu\u00ea? A\u00ed eles me bateram aqui, na minha cabe\u00e7a&#8221;, falou a estudante de psicologia&nbsp;Renata Andrino, mostrando as m\u00e3os e cabe\u00e7a ensanguentadas, ap\u00f3s policiais militares baterem nela com cassetete.<\/p><\/blockquote>\n\n\n\n<p>&#8220;Vamos ficar aqui at\u00e9 o pessoal vir tirar a gente, o seguran\u00e7a&#8221;, disse a atendente&nbsp;Ingrid Rodrigues, de 24 anos, que estava junto dos demais funcion\u00e1rios presos em uma das lojas, como forma de prote\u00e7\u00e3o.<\/p>\n\n\n\n<p>Revoltado, parte do p\u00fablico criticou a seguran\u00e7a da Virada Cultural. F\u00e3 de Kevinho, Jo\u00e3o Portela, de 26 anos, foi agredido durante o show do funkeiro ao lado de sua m\u00e3e. A reportagem encontrou ele com o rosto inchado e com marcas de sangue.<\/p>\n\n\n\n<p>&#8220;Estamos ali na pra\u00e7a. No tempo que eu estou ali, j\u00e1 foram uns 15 arrast\u00f5es. N\u00e3o tem policiamento, ali n\u00e3o tem nada, \u00e9 s\u00f3 bandido. Se eles n\u00e3o levam o que eles querem, eles te batem&#8221;, comenta.<\/p>\n\n\n\n<figure class=\"wp-block-image\"><img decoding=\"async\" src=\"https:\/\/s2.glbimg.com\/cpSpdBykWIvKEIZcnAh8YNPEFZ8=\/0x0:500x457\/984x0\/smart\/filters:strip_icc()\/i.s3.glbimg.com\/v1\/AUTH_59edd422c0c84a879bd37670ae4f538a\/internal_photos\/bs\/2022\/J\/O\/eFGOXcQEqX1pOJlA2QqA\/kevinho-no-show.png\" alt=\"Kevinho interrompeu o show ap\u00f3s orienta\u00e7\u00e3o da prefeitura \u2014 Foto: Reprodu\u00e7\u00e3o\/Instagram\"\/><figcaption> Kevinho interrompeu o show ap\u00f3s orienta\u00e7\u00e3o da prefeitura \u2014 Foto: Reprodu\u00e7\u00e3o\/Instagram <\/figcaption><\/figure>\n\n\n\n<p>Logo ap\u00f3s o fim intempestivo do show do funkeiro, Jo\u00e3o e um grupo de pessoas que tinha sido v\u00edtima de algum tipo de viol\u00eancia ou presenciado algum crime circundaram um carro da guarda municipal questionando a falta de seguran\u00e7a do evento.<\/p>\n\n\n\n<p>Vinicius Vasconcelos, de 27 anos, era um dos mais exaltados no grupo. &#8220;Acontecem arrast\u00f5es o tempo inteiro. Se a gente ficar parado aqui, a gente vai ver um grupo de pessoas se aproximando de algu\u00e9m&#8230; Eles escolhem algu\u00e9m e batem at\u00e9 pegar as coisas dessa pessoa&#8221;, explica.<\/p>\n\n\n\n<p>Ele afirmou que a mudan\u00e7a na organiza\u00e7\u00e3o do evento, que passou a ser mais concentrado no Vale neste ano, tornou o deslocamento entre palcos mais seguro, mas n\u00e3o houve &#8220;nenhuma melhora&#8221; na seguran\u00e7a al\u00e9m dessa. &#8220;A atua\u00e7\u00e3o da pol\u00edcia \u00e9 a mesma&#8221;, disse.<\/p>\n\n\n\n<figure class=\"wp-block-image\"><img decoding=\"async\" src=\"https:\/\/s2.glbimg.com\/LTRKFFOjrtMahTDeAOEke6-auWQ=\/128x0:1154x576\/984x0\/smart\/filters:strip_icc()\/i.s3.glbimg.com\/v1\/AUTH_59edd422c0c84a879bd37670ae4f538a\/internal_photos\/bs\/2022\/c\/r\/7AHc21QVeZv8vnNjJPeg\/whatsapp-image-2022-05-29-at-07.55.31.jpeg\" alt=\"Jo\u00e3o Portela foi agredido durante tentativa de assalto \u2014 Foto: Victor Farias\/g1\"\/><figcaption> Jo\u00e3o Portela foi agredido durante tentativa de assalto \u2014 Foto: Victor Farias\/g1 <\/figcaption><\/figure>\n\n\n\n<p>Leticia Dias, de 22 anos, que tamb\u00e9m estava neste grupo junto com amigos, disse que estava em &#8220;p\u00e2nico&#8221; na sua primeira Virada Cultural e que queria ir embora do local, mas tinha medo de ser assaltada no caminho. Ela foi ao Anhangaba\u00fa para ver Mamba Negra, mas pretendia ir embora antes disso.<\/p>\n\n\n\n<blockquote class=\"wp-block-quote is-layout-flow wp-block-quote-is-layout-flow\"><p>&#8220;N\u00e3o vai dar, simplesmente n\u00e3o tem condi\u00e7\u00f5es de ficar aqui. Muita gente machucada, arrast\u00e3o&#8230;&#8221;, disse.<\/p><\/blockquote>\n\n\n\n<p>As g\u00eameas cearenses&nbsp;Nayara e Nayane Baldez, de 28 anos, se surpreenderam com a viol\u00eancia do evento e brincaram que &#8220;Fortaleza \u00e9 fichinha na frente da Virada&#8221;. &#8220;N\u00e3o \u00e9 muito boa a impress\u00e3o&#8221;, disse Nayara.<\/p>\n\n\n\n<p>&#8220;\u00c9 um evento bom, mas sem seguran\u00e7a&#8221;, completou Nayane. Elas disseram que &#8220;pensariam bem&#8221; antes de voltar ao evento em uma outra edi\u00e7\u00e3o.<\/p>\n\n\n\n<h2 class=\"wp-block-heading\">P\u00fablico curte mesmo assim<\/h2>\n\n\n\n<p>O sentimento de inseguran\u00e7a, mais presente no come\u00e7o da madrugada, n\u00e3o foi suficiente para impedir que o p\u00fablico aproveitasse a primeira Virada Cultural presencial depois de dois anos. Al\u00e9m de jovens, crian\u00e7as e fam\u00edlias tamb\u00e9m participaram da festa.<\/p>\n\n\n\n<p>Veterana de Virada Cultural, Marcia de Souza, de 56 anos, estava na grade do palco principal na madrugada ao lado de sua sobrinha Maria Eduarda, de 13 anos, que foi ao evento pela primeira vez. Ela disse que sempre vem ao evento e que estava tranquila em rela\u00e7\u00e3o \u00e0 seguran\u00e7a.<\/p>\n\n\n\n<p>&#8220;Acho esse evento maravilhoso, tem que continuar, mas com mais seguran\u00e7a&#8221;, afirmou, acrescentando que a primeira Virada Cultural \u00e9 como &#8220;o primeiro suti\u00e3: voc\u00ea nunca esquece&#8221;.<\/p>\n\n\n\n<figure class=\"wp-block-image\"><img decoding=\"async\" src=\"https:\/\/s2.glbimg.com\/zjabvWsdl1ZVDWRDX5Zb5uh9v-o=\/0x0:1280x960\/984x0\/smart\/filters:strip_icc()\/i.s3.glbimg.com\/v1\/AUTH_59edd422c0c84a879bd37670ae4f538a\/internal_photos\/bs\/2022\/5\/p\/jHMWnaTAC5GqcVKkp04A\/whatsapp-image-2022-05-29-at-04.18.21.jpeg\" alt=\"Marcia de Souza, de 56 anos, estava na grade do palco principal na madrugada ao lado de sua sobrinha Maria Eduarda, de 13 anos, que foi ao evento pela primeira vez. \u2014 Foto: Victor Farias\/g1\"\/><figcaption> Marcia de Souza, de 56 anos, estava na grade do palco principal na madrugada ao lado de sua sobrinha Maria Eduarda, de 13 anos, que foi ao evento pela primeira vez. \u2014 Foto: Victor Farias\/g1 <\/figcaption><\/figure>\n\n\n\n<p>A artista L\u00edvia Casagrande, de 19 anos, que se classificou como uma &#8220;apaixonada pela Virada&#8221;, disse que estava curtindo bastante a noite e que j\u00e1 &#8220;est\u00e1 acostumada&#8221; com a inseguran\u00e7a, mas criticou a estrutura do evento: &#8220;Cad\u00ea a pol\u00edcia?&#8221;<\/p>\n\n\n\n<p>As amigas Luiza Santos, de 30 anos, e Carolina Paiva, de 29 anos, tamb\u00e9m falaram do clima de inseguran\u00e7a, mas ressaltaram o sentimento positivo que \u00e9 voltar \u00e0 rua depois de 2 anos de pandemia.<\/p>\n\n\n\n<p>&#8220;Eu comentei com a Luiza que estava muito feliz de sair sem medo da Covid-19 &#8220;, disse Carolina. As duas tamb\u00e9m refor\u00e7aram a import\u00e2ncia da vacina\u00e7\u00e3o contra a doen\u00e7a.<\/p>\n\n\n\n<p>Fonte G1<\/p>\n","protected":false},"excerpt":{"rendered":"<p>Apresenta\u00e7\u00e3o do funkeiro Kevinho foi paralisada no Vale do Anhangaba\u00fa, Centro de S\u00e3o Paulo, por orienta\u00e7\u00e3o da prefeitura ap\u00f3s repetidos epis\u00f3dios de viol\u00eancia durante show entre a noite de s\u00e1bado (28) e madrugada de domingo (29). Secretaria da Seguran\u00e7a informou que 6 suspeitos foram detidos e 5 telefones foram apreendidos. A madrugada da\u00a0Virada Cultural\u00a0de s\u00e1bado [&hellip;]<\/p>\n","protected":false},"author":8,"featured_media":6854,"comment_status":"closed","ping_status":"open","sticky":false,"template":"","format":"standard","meta":{"rop_custom_images_group":[],"rop_custom_messages_group":[],"rop_publish_now":"initial","rop_publish_now_accounts":[],"rop_publish_now_history":[],"rop_publish_now_status":"pending","footnotes":""},"categories":[195],"tags":[],"class_list":["post-6853","post","type-post","status-publish","format-standard","has-post-thumbnail","hentry","category-sao-paulo"],"amp_enabled":true,"_links":{"self":[{"href":"https:\/\/imais.online\/portal\/wp-json\/wp\/v2\/posts\/6853","targetHints":{"allow":["GET"]}}],"collection":[{"href":"https:\/\/imais.online\/portal\/wp-json\/wp\/v2\/posts"}],"about":[{"href":"https:\/\/imais.online\/portal\/wp-json\/wp\/v2\/types\/post"}],"author":[{"embeddable":true,"href":"https:\/\/imais.online\/portal\/wp-json\/wp\/v2\/users\/8"}],"replies":[{"embeddable":true,"href":"https:\/\/imais.online\/portal\/wp-json\/wp\/v2\/comments?post=6853"}],"version-history":[{"count":1,"href":"https:\/\/imais.online\/portal\/wp-json\/wp\/v2\/posts\/6853\/revisions"}],"predecessor-version":[{"id":6855,"href":"https:\/\/imais.online\/portal\/wp-json\/wp\/v2\/posts\/6853\/revisions\/6855"}],"wp:featuredmedia":[{"embeddable":true,"href":"https:\/\/imais.online\/portal\/wp-json\/wp\/v2\/media\/6854"}],"wp:attachment":[{"href":"https:\/\/imais.online\/portal\/wp-json\/wp\/v2\/media?parent=6853"}],"wp:term":[{"taxonomy":"category","embeddable":true,"href":"https:\/\/imais.online\/portal\/wp-json\/wp\/v2\/categories?post=6853"},{"taxonomy":"post_tag","embeddable":true,"href":"https:\/\/imais.online\/portal\/wp-json\/wp\/v2\/tags?post=6853"}],"curies":[{"name":"wp","href":"https:\/\/api.w.org\/{rel}","templated":true}]}}