{"id":6955,"date":"2022-06-01T16:25:04","date_gmt":"2022-06-01T19:25:04","guid":{"rendered":"https:\/\/imais.online\/portal\/?p=6955"},"modified":"2022-06-01T16:25:05","modified_gmt":"2022-06-01T19:25:05","slug":"motoristas-e-cobradores-de-sao-paulo-anunciam-greve-de-onibus-na-proxima-segunda-feira-6","status":"publish","type":"post","link":"https:\/\/imais.online\/portal\/motoristas-e-cobradores-de-sao-paulo-anunciam-greve-de-onibus-na-proxima-segunda-feira-6\/","title":{"rendered":"Motoristas e cobradores de S\u00e3o Paulo anunciam greve de \u00f4nibus na pr\u00f3xima segunda-feira (6)"},"content":{"rendered":"<div class=\"imais-before-content-placement\" id=\"imais-1151158130\"><script async src=\"\/\/pagead2.googlesyndication.com\/pagead\/js\/adsbygoogle.js?client=ca-pub-8787528412751566\" crossorigin=\"anonymous\"><\/script><ins class=\"adsbygoogle\" style=\"display:block;\" data-ad-client=\"ca-pub-8787528412751566\" \ndata-ad-slot=\"\" \ndata-ad-format=\"auto\"><\/ins>\n<script> \n(adsbygoogle = window.adsbygoogle || []).push({}); \n<\/script>\n<\/div>\n<h2 class=\"wp-block-heading\">Categoria, que est\u00e1 em campanha salarial, optou por paralisa\u00e7\u00e3o em assembleias realizadas nesta quarta-feira (1\u00ba) nas garagens<\/h2>\n\n\n\n<p>Motoristas e cobradores de \u00f4nibus aprovaram, nesta quarta-feira (1\u00ba), greve para a pr\u00f3xima segunda-feira (6) em S\u00e3o Paulo.\u00a0A categoria est\u00e1 em campanha salarial e decidiu pela paralisa\u00e7\u00e3o em assembleias realizadas nas garagens, o que\u00a0<strong>atrasou a sa\u00edda dos coletivos<\/strong>\u00a0no\u00a0in\u00edcio da opera\u00e7\u00e3o.<\/p>\n\n\n\n<p>Segundo o&nbsp;presidente do SindMotoristas (Sindicato dos Motoristas e Funcion\u00e1rios em Transporte Rodovi\u00e1rio Urbano de S\u00e3o Paulo),&nbsp;Valdevan Noventa, ainda haver\u00e1 uma nova assembleia at\u00e9 a sexta-feira (3) para decidir como ser\u00e1 a greve, uma vez que j\u00e1 h\u00e1 uma determina\u00e7\u00e3o judicial para a manuten\u00e7\u00e3o de parte da frota em circula\u00e7\u00e3o.<\/p>\n\n\n\n<p>&#8220;Vamos tentar obedecer \u00e0 determina\u00e7\u00e3o da Justi\u00e7a. A proposta patronal \u00e9 de 10% de aumento nos sal\u00e1rios, mas n\u00e3o em benef\u00edcios como alimenta\u00e7\u00e3o, conv\u00eanio m\u00e9dico e odontol\u00f3gico, aux\u00edlio funeral, e nem a hora de almo\u00e7o remunerada. A infla\u00e7\u00e3o \u00e9 de mais de 12% e querem 10% ainda parcelado, 4% em maio, 4% setembro e 2% em dezembro. A proposta \u00e9 indecorosa&#8221;, explica.<\/p>\n\n\n\n<p>A SPTrans obteve decis\u00e3o liminar na Justi\u00e7a do Trabalho, na noite desta ter\u00e7a-feira (31), que determinou a manuten\u00e7\u00e3o de 80% da frota em opera\u00e7\u00e3o nos hor\u00e1rios de pico e 60% nos demais hor\u00e1rios, sob pena de multa di\u00e1ria de R$ 50 mil.<\/p>\n\n\n\n<p>De acordo com Valdevan Noventa, a categoria n\u00e3o parou as atividades um dia sequer durante a pandemia de Covid-19 e, na ocasi\u00e3o, aceitou receber os aumentos parcelados. Ele relata tamb\u00e9m que o enxugamento dos hor\u00e1rios pelas empresas faz com que os trabalhadores n\u00e3o tenham tempo para almo\u00e7ar e ir ao banheiro entre as viagens.<\/p>\n\n\n\n<p>&#8220;Demos a nossa parcela de contribui\u00e7\u00e3o, agora queremos ser atendidos. Se usar atestado, desconta o ticket alimenta\u00e7\u00e3o. Se for por cinco dias, s\u00e3o cinco tickets. A categoria nunca foi valorizada pelo poder p\u00fablico e pelo patronal. As empresas tiveram contratos novos e fogem da mesa de negocia\u00e7\u00e3o. A proposta foi apresentada pelo SPUrbanuss&#8221;, conta o presidente.<\/p>\n\n\n\n<p>Em nota, o SPUrbanuss (Sindicato das Empresas de Transporte Coletivo Urbano de Passageiros de S\u00e3o Paulo) reafirmou a inten\u00e7\u00e3o de manter as negocia\u00e7\u00f5es &#8220;buscando solucionar o impasse com a categoria dos trabalhadores e evitar qualquer problema na presta\u00e7\u00e3o dos servi\u00e7os de transporte urbano, essenciais \u00e0 mobilidade da popula\u00e7\u00e3o&#8221;.<\/p>\n\n\n\n<p>A SPTrans tamb\u00e9m foi procurada pela reportagem, mas informou que s\u00f3 atua em caso de paralisa\u00e7\u00e3o e preju\u00edzo \u00e0s opera\u00e7\u00f5es no sistema. &#8220;A empresa acompanha as negocia\u00e7\u00f5es trabalhistas entre os operadores de \u00f4nibus e as empresas concession\u00e1rias e espera que haja entendimento entre as partes e que a popula\u00e7\u00e3o de S\u00e3o Paulo n\u00e3o seja prejudicada&#8221;, ressaltou.<\/p>\n\n\n\n<p>Fonte R7<\/p>\n","protected":false},"excerpt":{"rendered":"<p>Categoria, que est\u00e1 em campanha salarial, optou por paralisa\u00e7\u00e3o em assembleias realizadas nesta quarta-feira (1\u00ba) nas garagens Motoristas e cobradores de \u00f4nibus aprovaram, nesta quarta-feira (1\u00ba), greve para a pr\u00f3xima segunda-feira (6) em S\u00e3o Paulo.\u00a0A categoria est\u00e1 em campanha salarial e decidiu pela paralisa\u00e7\u00e3o em assembleias realizadas nas garagens, o que\u00a0atrasou a sa\u00edda dos coletivos\u00a0no\u00a0in\u00edcio [&hellip;]<\/p>\n","protected":false},"author":8,"featured_media":6957,"comment_status":"closed","ping_status":"open","sticky":false,"template":"","format":"standard","meta":{"rop_custom_images_group":[],"rop_custom_messages_group":[],"rop_publish_now":"initial","rop_publish_now_accounts":[],"rop_publish_now_history":[],"rop_publish_now_status":"pending","footnotes":""},"categories":[195],"tags":[],"class_list":["post-6955","post","type-post","status-publish","format-standard","has-post-thumbnail","hentry","category-sao-paulo"],"amp_enabled":true,"_links":{"self":[{"href":"https:\/\/imais.online\/portal\/wp-json\/wp\/v2\/posts\/6955","targetHints":{"allow":["GET"]}}],"collection":[{"href":"https:\/\/imais.online\/portal\/wp-json\/wp\/v2\/posts"}],"about":[{"href":"https:\/\/imais.online\/portal\/wp-json\/wp\/v2\/types\/post"}],"author":[{"embeddable":true,"href":"https:\/\/imais.online\/portal\/wp-json\/wp\/v2\/users\/8"}],"replies":[{"embeddable":true,"href":"https:\/\/imais.online\/portal\/wp-json\/wp\/v2\/comments?post=6955"}],"version-history":[{"count":1,"href":"https:\/\/imais.online\/portal\/wp-json\/wp\/v2\/posts\/6955\/revisions"}],"predecessor-version":[{"id":6958,"href":"https:\/\/imais.online\/portal\/wp-json\/wp\/v2\/posts\/6955\/revisions\/6958"}],"wp:featuredmedia":[{"embeddable":true,"href":"https:\/\/imais.online\/portal\/wp-json\/wp\/v2\/media\/6957"}],"wp:attachment":[{"href":"https:\/\/imais.online\/portal\/wp-json\/wp\/v2\/media?parent=6955"}],"wp:term":[{"taxonomy":"category","embeddable":true,"href":"https:\/\/imais.online\/portal\/wp-json\/wp\/v2\/categories?post=6955"},{"taxonomy":"post_tag","embeddable":true,"href":"https:\/\/imais.online\/portal\/wp-json\/wp\/v2\/tags?post=6955"}],"curies":[{"name":"wp","href":"https:\/\/api.w.org\/{rel}","templated":true}]}}