{"id":6959,"date":"2022-06-01T16:27:19","date_gmt":"2022-06-01T19:27:19","guid":{"rendered":"https:\/\/imais.online\/portal\/?p=6959"},"modified":"2022-06-01T16:27:20","modified_gmt":"2022-06-01T19:27:20","slug":"moraes-promete-combate-as-milicias-digitais-nas-eleicoes","status":"publish","type":"post","link":"https:\/\/imais.online\/portal\/moraes-promete-combate-as-milicias-digitais-nas-eleicoes\/","title":{"rendered":"Moraes promete combate \u00e0s mil\u00edcias digitais nas elei\u00e7\u00f5es"},"content":{"rendered":"<div class=\"imais-before-content-placement\" id=\"imais-1053489860\"><script async src=\"\/\/pagead2.googlesyndication.com\/pagead\/js\/adsbygoogle.js?client=ca-pub-8787528412751566\" crossorigin=\"anonymous\"><\/script><ins class=\"adsbygoogle\" style=\"display:block;\" data-ad-client=\"ca-pub-8787528412751566\" \ndata-ad-slot=\"\" \ndata-ad-format=\"auto\"><\/ins>\n<script> \n(adsbygoogle = window.adsbygoogle || []).push({}); \n<\/script>\n<\/div>\n<h2 class=\"wp-block-heading\">Ministro Alexandre de Moraes lembrou que a divulga\u00e7\u00e3o de not\u00edcias falsas pode acarretar cassa\u00e7\u00e3o de registro de candidatura<\/h2>\n\n\n\n<p>O ministro\u00a0Alexandre de Moraes, vice-presidente do Tribunal Superior Eleitoral (TSE), afirmou que a Justi\u00e7a vai combater as \u201cmil\u00edcias digitais\u201d e que a divulga\u00e7\u00e3o de not\u00edcias falsas sobre o processo eleitoral pode acarretar cassa\u00e7\u00e3o de registro de candidatura. As falas aconteceram nesta ter\u00e7a-feira (31), durante evento para diplomatas.<\/p>\n\n\n\n<p>Moraes discursou para representantes de 68 pa\u00edses, do Programa das Na\u00e7\u00f5es Unidas para o Desenvolvimento (Pnud) e da Transpar\u00eancia Eleitoral Brasil, em sess\u00e3o informativa para embaixadas. Na ocasi\u00e3o, ele lembrou a decis\u00e3o do TSE sobre a\u00a0cassa\u00e7\u00e3o de um deputado federal do Paran\u00e1\u00a0por ter divulgado informa\u00e7\u00f5es falsas sobre o processo eleitoral no dia da elei\u00e7\u00e3o.<\/p>\n\n\n\n<p>A decis\u00e3o citada \u00e9 de 2021, quando o parlamentar foi\u00a0condenado por uso indevido dos meios de comunica\u00e7\u00e3o\u00a0e abuso de poder pol\u00edtico e de autoridade, pr\u00e1ticas ilegais previstas no artigo 22 da lei complementar n\u00ba 64\/1990. \u201cNot\u00edcias fraudulentas divulgadas por redes sociais que influenciem o eleitor acarretar\u00e3o a cassa\u00e7\u00e3o do registro daquele que a veiculou\u201d, afirmou Moraes. Ainda nas palavras dele, \u201ca Justi\u00e7a Eleitoral est\u00e1 preparada para combater as mil\u00edcias digitais\u201d.<\/p>\n\n\n\n<p>O ministro citou ainda a jurisprud\u00eancia firmada pela Corte no ano passado que estabeleceu que todas as redes sociais s\u00e3o meios de comunica\u00e7\u00e3o, abrindo a possibilidade de julgar o uso malicioso sobre o sistema eleitoral como abuso de meio de comunica\u00e7\u00e3o, abuso de poder pol\u00edtico e abuso de poder econ\u00f4mico. \u201cE aqueles que se utilizarem desses instrumentos podem ter o registro de sua candidatura cassado, ou mesmo perder o mandato\u201d, explicou.<\/p>\n\n\n\n<p>Fonte R7<\/p>\n","protected":false},"excerpt":{"rendered":"<p>Ministro Alexandre de Moraes lembrou que a divulga\u00e7\u00e3o de not\u00edcias falsas pode acarretar cassa\u00e7\u00e3o de registro de candidatura O ministro\u00a0Alexandre de Moraes, vice-presidente do Tribunal Superior Eleitoral (TSE), afirmou que a Justi\u00e7a vai combater as \u201cmil\u00edcias digitais\u201d e que a divulga\u00e7\u00e3o de not\u00edcias falsas sobre o processo eleitoral pode acarretar cassa\u00e7\u00e3o de registro de candidatura. [&hellip;]<\/p>\n","protected":false},"author":8,"featured_media":6960,"comment_status":"closed","ping_status":"open","sticky":false,"template":"","format":"standard","meta":{"rop_custom_images_group":[],"rop_custom_messages_group":[],"rop_publish_now":"initial","rop_publish_now_accounts":[],"rop_publish_now_history":[],"rop_publish_now_status":"pending","footnotes":""},"categories":[233],"tags":[],"class_list":["post-6959","post","type-post","status-publish","format-standard","has-post-thumbnail","hentry","category-eleicoes"],"amp_enabled":true,"_links":{"self":[{"href":"https:\/\/imais.online\/portal\/wp-json\/wp\/v2\/posts\/6959","targetHints":{"allow":["GET"]}}],"collection":[{"href":"https:\/\/imais.online\/portal\/wp-json\/wp\/v2\/posts"}],"about":[{"href":"https:\/\/imais.online\/portal\/wp-json\/wp\/v2\/types\/post"}],"author":[{"embeddable":true,"href":"https:\/\/imais.online\/portal\/wp-json\/wp\/v2\/users\/8"}],"replies":[{"embeddable":true,"href":"https:\/\/imais.online\/portal\/wp-json\/wp\/v2\/comments?post=6959"}],"version-history":[{"count":1,"href":"https:\/\/imais.online\/portal\/wp-json\/wp\/v2\/posts\/6959\/revisions"}],"predecessor-version":[{"id":6961,"href":"https:\/\/imais.online\/portal\/wp-json\/wp\/v2\/posts\/6959\/revisions\/6961"}],"wp:featuredmedia":[{"embeddable":true,"href":"https:\/\/imais.online\/portal\/wp-json\/wp\/v2\/media\/6960"}],"wp:attachment":[{"href":"https:\/\/imais.online\/portal\/wp-json\/wp\/v2\/media?parent=6959"}],"wp:term":[{"taxonomy":"category","embeddable":true,"href":"https:\/\/imais.online\/portal\/wp-json\/wp\/v2\/categories?post=6959"},{"taxonomy":"post_tag","embeddable":true,"href":"https:\/\/imais.online\/portal\/wp-json\/wp\/v2\/tags?post=6959"}],"curies":[{"name":"wp","href":"https:\/\/api.w.org\/{rel}","templated":true}]}}