{"id":7003,"date":"2022-06-03T07:41:45","date_gmt":"2022-06-03T10:41:45","guid":{"rendered":"https:\/\/imais.online\/portal\/?p=7003"},"modified":"2022-06-03T07:41:47","modified_gmt":"2022-06-03T10:41:47","slug":"hopi-hari-sedia-festival-com-shows-de-pixote-e-hungria","status":"publish","type":"post","link":"https:\/\/imais.online\/portal\/hopi-hari-sedia-festival-com-shows-de-pixote-e-hungria\/","title":{"rendered":"Hopi Hari sedia festival com shows de Pixote e Hungria"},"content":{"rendered":"<div class=\"imais-before-content-placement\" id=\"imais-4218753781\"><script async src=\"\/\/pagead2.googlesyndication.com\/pagead\/js\/adsbygoogle.js?client=ca-pub-8787528412751566\" crossorigin=\"anonymous\"><\/script><ins class=\"adsbygoogle\" style=\"display:block;\" data-ad-client=\"ca-pub-8787528412751566\" \ndata-ad-slot=\"\" \ndata-ad-format=\"auto\"><\/ins>\n<script> \n(adsbygoogle = window.adsbygoogle || []).push({}); \n<\/script>\n<\/div>\n<p class=\"has-text-align-center\"><em>Em sua 2\u00aa edi\u00e7\u00e3o, Me Leva tamb\u00e9m traz apresenta\u00e7\u00f5es de DJ FB e Belo<\/em><\/p>\n\n\n\n<p>O <a href=\"https:\/\/www.hopihari.com.br\/\" target=\"_blank\" rel=\"noreferrer noopener\"><strong>Parque Tem\u00e1tico Hopi Hari<\/strong><\/a>&nbsp;sedia, no dia <strong>26 de junho<\/strong>, a 2\u00aa edi\u00e7\u00e3o do<strong> Me Leva Festival<\/strong>, evento que traz mais de cinco horas de m\u00fasica ao vivo.&nbsp; O <em>line-up<\/em> \u00e9 formado por nomes conhecidos do samba, pagode e hip hop com <strong>grupo Pixote<\/strong>, o <strong>rapper Hungria<\/strong>, <strong>DJ FB <\/strong>e o cantor<strong> Belo<\/strong>. A programa\u00e7\u00e3o de apresenta\u00e7\u00f5es acontece a partir das 16h. Os ingressos j\u00e1 est\u00e3o dispon\u00edveis para compra.<\/p>\n\n\n\n<p>Para proporcionar essa experi\u00eancia musical, ser\u00e1 montado um palco ao ar livre, localizado na arena de shows, na regi\u00e3o entre Infantasia e Wild West. Ent\u00e3o, ao entardecer, o <a rel=\"noreferrer noopener\" href=\"https:\/\/www.instagram.com\/belo\" target=\"_blank\"><strong>cantor Belo<\/strong><\/a>\u00a0abre o festival com sucessos de sua longa carreira dentro do pagode, como <em>Noites trai\u00e7oeiras<\/em> e <em>Pra ver o Sol brilhar<\/em>. Em seguida, vem o <strong>rapper <a rel=\"noreferrer noopener\" href=\"https:\/\/www.instagram.com\/hungria_oficial\" target=\"_blank\">Hungria Hip Hop<\/a><\/strong>, conhecido pelas m\u00fasicas <em>Cruzeiro da revoada<\/em> e <em>Outro patamar<\/em>.<\/p>\n\n\n\n<div class=\"wp-block-image\"><figure class=\"aligncenter size-large\"><img loading=\"lazy\" decoding=\"async\" width=\"819\" height=\"1024\" src=\"https:\/\/imais.online\/portal\/wp-content\/uploads\/2022\/06\/me-leva-festival-edicao-hopi-hari-5--819x1024.jpg\" alt=\"\" class=\"wp-image-7005\" srcset=\"https:\/\/imais.online\/portal\/wp-content\/uploads\/2022\/06\/me-leva-festival-edicao-hopi-hari-5--819x1024.jpg 819w, https:\/\/imais.online\/portal\/wp-content\/uploads\/2022\/06\/me-leva-festival-edicao-hopi-hari-5--240x300.jpg 240w, https:\/\/imais.online\/portal\/wp-content\/uploads\/2022\/06\/me-leva-festival-edicao-hopi-hari-5--768x960.jpg 768w, https:\/\/imais.online\/portal\/wp-content\/uploads\/2022\/06\/me-leva-festival-edicao-hopi-hari-5-.jpg 1080w\" sizes=\"auto, (max-width: 819px) 100vw, 819px\" \/><figcaption>Redes sociais &#8211; Belo<\/figcaption><\/figure><\/div>\n\n\n\n<p>Ap\u00f3s o show de Hungria, o p\u00fablico recebe o melhor do pagode rom\u00e2ntico com <a href=\"https:\/\/www.instagram.com\/grupopixote\/?hl=pt-br\" target=\"_blank\" rel=\"noreferrer noopener\"><strong>Pixote<\/strong><\/a>, grupo ativo desde 1993, e formado atualmente por Dod\u00f4 (vocal), Thiaguinho (teclado) e Tiola Chocolate (tantan). Finalizando a grade de shows, o <a href=\"https:\/\/www.instagram.com\/djfboficial\/?hl=pt-br\" target=\"_blank\" rel=\"noreferrer noopener\"><strong>DJ FB<\/strong><\/a>, que estourou em 2017 com a m\u00fasica <em>S\u00e3o Paulo Te Ama<\/em>, lan\u00e7ada pelo Canal KondZilla, traz um <em>set <\/em>de <em>hits <\/em>para fechar o <em>Me Leva<\/em> com a anima\u00e7\u00e3o l\u00e1 em cima.<\/p>\n\n\n\n<p><strong>ME LEVA <\/strong>Produzido pela <a href=\"https:\/\/www.instagram.com\/grshows\/\" target=\"_blank\" rel=\"noreferrer noopener\">GR Shows<\/a>, o festival estreou este ano, na cidade de Vit\u00f3ria (ES), em um evento que reuniu cerca de 12 mil pessoas. Para aproveitar a edi\u00e7\u00e3o em <strong>Hopi Hari<\/strong> h\u00e1 duas op\u00e7\u00f5es de <em>Passaporti<\/em>: <strong>Pista<\/strong>, no valor de R$129,90, e <strong>Kamaroti<\/strong>, no valor de R$259,90, ambos est\u00e3o \u00e0 venda. No <strong>Kamaroti<\/strong>, os visitantes t\u00eam acesso a um lounge, com <em>\u00e1rea vip<\/em>, incluindo <em>open bar<\/em> e <em>open food<\/em> das 16h \u00e0s 20h.<\/p>\n\n\n\n<p>Vale lembrar que os <em>Passaportis<\/em> tamb\u00e9m s\u00e3o v\u00e1lidos para aproveitar as mais de 40 atra\u00e7\u00f5es do Parque e que, exclusivamente no dia do evento, o <em>Pa\u00eds Mais Divertido do Mundo<\/em> funcionar\u00e1 das 11h \u00e0s 21h, sendo que as atra\u00e7\u00f5es seguem at\u00e9 \u00e0s 19h e os shows ter\u00e3o in\u00edcio a partir das 16h. O Hopi Hari fica na rodovia dos Bandeirantes, km 72, Moinho, Vinhedo (SP). Mais informa\u00e7\u00f5es sobre <em>Passaportis <\/em><a href=\"https:\/\/www.hopihari.com.br\/temporadaMeLeva#anchorstep2\" target=\"_blank\" rel=\"noreferrer noopener\">neste link<\/a>. O Hopi Hari fica na rodovia dos Bandeirantes, km 72, Moinho, Vinhedo (SP).&nbsp;<\/p>\n\n\n\n<p><strong>V\u00cdDEOS<\/strong><strong><br>Canais do YouTube<br>Belo <\/strong><a href=\"https:\/\/www.youtube.com\/channel\/UCPXRjnOGTfOOd5ns-j6Hp0A\" target=\"_blank\" rel=\"noreferrer noopener\">clique aqui<\/a><br><strong>Pixote<\/strong> <a href=\"https:\/\/www.youtube.com\/channel\/UC9nrzWIabr3QFpEPi2HQzzA\" target=\"_blank\" rel=\"noreferrer noopener\">clique aqui<\/a><br><strong>Hungria Hip Hop <\/strong><a href=\"https:\/\/www.youtube.com\/channel\/UCAI8SmRbXgSpP8Zo3xZbxzQ\" target=\"_blank\" rel=\"noreferrer noopener\">clique aqui<\/a><br><strong>DJ FB <\/strong><a href=\"https:\/\/www.youtube.com\/channel\/UCZ4a1DZhMuKqrujGsDabFkQ\" target=\"_blank\" rel=\"noreferrer noopener\">clique aqui<\/a><\/p>\n\n\n\n<p><strong>SERVI\u00c7O<\/strong><strong><br>Hopi Hari &#8211; 2\u00ba Me Leva Festival<br>Data:<\/strong> 26\/06<br><strong>Hor\u00e1rio: <\/strong>Parque aberto das 11h \u00e0s 21h | Festival a partir das 16h*<br><strong>Programa\u00e7\u00e3o: <\/strong>Belo | Hungria Hip Hop | Pixote | DJ FB*<br><strong>Ingressos:<\/strong> <a href=\"https:\/\/www.hopihari.com.br\/temporadaMeLeva#anchorstep2\" target=\"_blank\" rel=\"noreferrer noopener\">Clique aqui<\/a>&nbsp;<br><strong>Central de Vendas:<\/strong> (11) 4210 4000<br><strong>Servi\u00e7o de Atendimento:<\/strong> (11) 4290 0333<br><strong>Local: <\/strong>Hopi Hari &#8211; Rodovia dos Bandeirantes, km 72, Moinho, Vinhedo (SP) &#8211; <a href=\"https:\/\/goo.gl\/maps\/DiycW6Qj72G1XgKF7\" target=\"_blank\" rel=\"noreferrer noopener\">Mapa aqui<\/a><\/p>\n","protected":false},"excerpt":{"rendered":"<p>Em sua 2\u00aa edi\u00e7\u00e3o, Me Leva tamb\u00e9m traz apresenta\u00e7\u00f5es de DJ FB e Belo O Parque Tem\u00e1tico Hopi Hari&nbsp;sedia, no dia 26 de junho, a 2\u00aa edi\u00e7\u00e3o do Me Leva Festival, evento que traz mais de cinco horas de m\u00fasica ao vivo.&nbsp; O line-up \u00e9 formado por nomes conhecidos do samba, pagode e hip hop [&hellip;]<\/p>\n","protected":false},"author":7,"featured_media":7004,"comment_status":"closed","ping_status":"open","sticky":false,"template":"","format":"standard","meta":{"rop_custom_images_group":[],"rop_custom_messages_group":[],"rop_publish_now":"initial","rop_publish_now_accounts":[],"rop_publish_now_history":[],"rop_publish_now_status":"pending","footnotes":""},"categories":[194],"tags":[],"class_list":["post-7003","post","type-post","status-publish","format-standard","has-post-thumbnail","hentry","category-regia"],"amp_enabled":true,"_links":{"self":[{"href":"https:\/\/imais.online\/portal\/wp-json\/wp\/v2\/posts\/7003","targetHints":{"allow":["GET"]}}],"collection":[{"href":"https:\/\/imais.online\/portal\/wp-json\/wp\/v2\/posts"}],"about":[{"href":"https:\/\/imais.online\/portal\/wp-json\/wp\/v2\/types\/post"}],"author":[{"embeddable":true,"href":"https:\/\/imais.online\/portal\/wp-json\/wp\/v2\/users\/7"}],"replies":[{"embeddable":true,"href":"https:\/\/imais.online\/portal\/wp-json\/wp\/v2\/comments?post=7003"}],"version-history":[{"count":1,"href":"https:\/\/imais.online\/portal\/wp-json\/wp\/v2\/posts\/7003\/revisions"}],"predecessor-version":[{"id":7006,"href":"https:\/\/imais.online\/portal\/wp-json\/wp\/v2\/posts\/7003\/revisions\/7006"}],"wp:featuredmedia":[{"embeddable":true,"href":"https:\/\/imais.online\/portal\/wp-json\/wp\/v2\/media\/7004"}],"wp:attachment":[{"href":"https:\/\/imais.online\/portal\/wp-json\/wp\/v2\/media?parent=7003"}],"wp:term":[{"taxonomy":"category","embeddable":true,"href":"https:\/\/imais.online\/portal\/wp-json\/wp\/v2\/categories?post=7003"},{"taxonomy":"post_tag","embeddable":true,"href":"https:\/\/imais.online\/portal\/wp-json\/wp\/v2\/tags?post=7003"}],"curies":[{"name":"wp","href":"https:\/\/api.w.org\/{rel}","templated":true}]}}