{"id":7123,"date":"2022-06-08T14:49:35","date_gmt":"2022-06-08T17:49:35","guid":{"rendered":"https:\/\/imais.online\/portal\/?p=7123"},"modified":"2022-06-08T14:55:58","modified_gmt":"2022-06-08T17:55:58","slug":"sao-paulo-tera-esquenta-de-carnaval-em-julho","status":"publish","type":"post","link":"https:\/\/imais.online\/portal\/sao-paulo-tera-esquenta-de-carnaval-em-julho\/","title":{"rendered":"S\u00e3o Paulo ter\u00e1 Esquenta de Carnaval em julho"},"content":{"rendered":"<div class=\"imais-before-content-placement\" id=\"imais-1977855399\"><script async src=\"\/\/pagead2.googlesyndication.com\/pagead\/js\/adsbygoogle.js?client=ca-pub-8787528412751566\" crossorigin=\"anonymous\"><\/script><ins class=\"adsbygoogle\" style=\"display:block;\" data-ad-client=\"ca-pub-8787528412751566\" \ndata-ad-slot=\"\" \ndata-ad-format=\"auto\"><\/ins>\n<script> \n(adsbygoogle = window.adsbygoogle || []).push({}); \n<\/script>\n<\/div>\n<p class=\"has-text-align-center\">Ele ser\u00e1 realizado nos dias 16 e 17<\/p>\n\n\n\n<p>Depois de se reunir com representantes dos blocos de rua da capital paulista, a prefeitura confirmou a realiza\u00e7\u00e3o do Esquenta de Carnaval, nos dias 16 e&nbsp;17 de julho. O evento se prop\u00f5e a ser um carnaval fora de \u00e9poca, j\u00e1 que o desfile dos blocos de rua foi cancelado devido ao avan\u00e7o da pandemia de covid-19. Segundo a prefeitura, o pr\u00f3ximo passo \u00e9 entrar em contato individualmente com os inscritos para confirmar ou ajustar os trajetos.<img decoding=\"async\" src=\"https:\/\/agenciabrasil.ebc.com.br\/ebc.png?id=1464502&amp;o=node\"><img decoding=\"async\" src=\"https:\/\/agenciabrasil.ebc.com.br\/ebc.gif?id=1464502&amp;o=node\"><\/p>\n\n\n\n<p>\u201cVamos oferecer toda a estrutura para os blocos pequenos, m\u00e9dios e grandes desfilarem com seguran\u00e7a. Vamos esquentar os cora\u00e7\u00f5es da cidade, levando um carnaval \u00fanico para todas as regi\u00f5es, do centro \u00e0 periferia\u201d, disse a secret\u00e1ria municipal de Cultura, Aline Torres.<\/p>\n\n\n\n<h2 class=\"wp-block-heading\">Economia e alegria<\/h2>\n\n\n\n<p>O fundador do bloco Tomo Junto e ex-presidente do movimento Ocupa Carnaval de Rua SP, Pedro Anacleto, que tamb\u00e9m \u00e9 articulador do movimento carnaval de Rua SP, ressaltou que a realiza\u00e7\u00e3o do Esquenta \u00e9 muito positiva, j\u00e1 que favorece a economia e estimula a alegria e a reorganiza\u00e7\u00e3o dos blocos com um reagrupamento das comunidades de blocos de rua.<\/p>\n\n\n\n<p>\u201cSer\u00e1 ainda mais positivo para blocos pequenos e m\u00e9dios, pois a dispers\u00e3o do p\u00fablico por longo per\u00edodo poderia prejudicar o evento de 2023. Sabemos que n\u00e3o ser\u00e1 um carnaval e tamb\u00e9m estamos cientes que, se n\u00e3o houver condi\u00e7\u00f5es sanit\u00e1rias, n\u00e3o devemos sair, mas tudo caminha para que seja realizado normalmente\u201d, disse Anacleto.<\/p>\n\n\n\n<p>Para a realiza\u00e7\u00e3o, foram feitas 296 inscri\u00e7\u00f5es de blocos no formul\u00e1rio aberto pela Secretaria Municipal de Cultura, sendo 294 v\u00e1lidas. S\u00e3o elas: 75 no centro; 33 na zona norte; 51 na zona sul; 33 na zona leste; 91 na zona oeste; e&nbsp;11 que n\u00e3o especificaram o trajeto.<\/p>\n\n\n\n<p>A prefeitura tamb\u00e9m abriu no \u00faltimo s\u00e1bado (4), o Edital de Patroc\u00ednio para o Esquenta de Carnaval. Com lances a partir de R$ 10 milh\u00f5es, o edital est\u00e1 aberto at\u00e9 o dia&nbsp;17 de junho.<\/p>\n\n\n\n<p><\/p>\n","protected":false},"excerpt":{"rendered":"<p>Ele ser\u00e1 realizado nos dias 16 e 17 Depois de se reunir com representantes dos blocos de rua da capital paulista, a prefeitura confirmou a realiza\u00e7\u00e3o do Esquenta de Carnaval, nos dias 16 e&nbsp;17 de julho. O evento se prop\u00f5e a ser um carnaval fora de \u00e9poca, j\u00e1 que o desfile dos blocos de rua [&hellip;]<\/p>\n","protected":false},"author":7,"featured_media":7124,"comment_status":"closed","ping_status":"open","sticky":false,"template":"","format":"standard","meta":{"rop_custom_images_group":[],"rop_custom_messages_group":[],"rop_publish_now":"initial","rop_publish_now_accounts":[],"rop_publish_now_history":[],"rop_publish_now_status":"pending","footnotes":""},"categories":[195],"tags":[73],"class_list":["post-7123","post","type-post","status-publish","format-standard","has-post-thumbnail","hentry","category-sao-paulo","tag-featured"],"amp_enabled":true,"_links":{"self":[{"href":"https:\/\/imais.online\/portal\/wp-json\/wp\/v2\/posts\/7123","targetHints":{"allow":["GET"]}}],"collection":[{"href":"https:\/\/imais.online\/portal\/wp-json\/wp\/v2\/posts"}],"about":[{"href":"https:\/\/imais.online\/portal\/wp-json\/wp\/v2\/types\/post"}],"author":[{"embeddable":true,"href":"https:\/\/imais.online\/portal\/wp-json\/wp\/v2\/users\/7"}],"replies":[{"embeddable":true,"href":"https:\/\/imais.online\/portal\/wp-json\/wp\/v2\/comments?post=7123"}],"version-history":[{"count":1,"href":"https:\/\/imais.online\/portal\/wp-json\/wp\/v2\/posts\/7123\/revisions"}],"predecessor-version":[{"id":7125,"href":"https:\/\/imais.online\/portal\/wp-json\/wp\/v2\/posts\/7123\/revisions\/7125"}],"wp:featuredmedia":[{"embeddable":true,"href":"https:\/\/imais.online\/portal\/wp-json\/wp\/v2\/media\/7124"}],"wp:attachment":[{"href":"https:\/\/imais.online\/portal\/wp-json\/wp\/v2\/media?parent=7123"}],"wp:term":[{"taxonomy":"category","embeddable":true,"href":"https:\/\/imais.online\/portal\/wp-json\/wp\/v2\/categories?post=7123"},{"taxonomy":"post_tag","embeddable":true,"href":"https:\/\/imais.online\/portal\/wp-json\/wp\/v2\/tags?post=7123"}],"curies":[{"name":"wp","href":"https:\/\/api.w.org\/{rel}","templated":true}]}}