{"id":7184,"date":"2022-06-10T07:59:16","date_gmt":"2022-06-10T10:59:16","guid":{"rendered":"https:\/\/imais.online\/portal\/?p=7184"},"modified":"2022-06-10T07:59:18","modified_gmt":"2022-06-10T10:59:18","slug":"educacao-de-sp-e-anuncia-contratacao-de-29-mil-professores","status":"publish","type":"post","link":"https:\/\/imais.online\/portal\/educacao-de-sp-e-anuncia-contratacao-de-29-mil-professores\/","title":{"rendered":"Educa\u00e7\u00e3o de SP e anuncia contrata\u00e7\u00e3o de 2,9 mil professores"},"content":{"rendered":"<div class=\"imais-before-content-placement\" id=\"imais-1488555089\"><script async src=\"\/\/pagead2.googlesyndication.com\/pagead\/js\/adsbygoogle.js?client=ca-pub-8787528412751566\" crossorigin=\"anonymous\"><\/script><ins class=\"adsbygoogle\" style=\"display:block;\" data-ad-client=\"ca-pub-8787528412751566\" \ndata-ad-slot=\"\" \ndata-ad-format=\"auto\"><\/ins>\n<script> \n(adsbygoogle = window.adsbygoogle || []).push({}); \n<\/script>\n<\/div>\n<p class=\"has-text-align-center\">Sal\u00e1rios para 40 horas semanais s\u00e3o entre R$ 7 mil e R$ 5 mil, variando proporcionalmente conforme a jornada de trabalho<\/p>\n\n\n\n<p>O governador Rodrigo Garcia empossou nesta quinta-feira (9) o professor Hubert Alqu\u00e9res como secret\u00e1rio estadual da Educa\u00e7\u00e3o, em cerim\u00f4nia no Pal\u00e1cio dos Bandeirantes. Na ocasi\u00e3o, foram anunciadas 2,9 mil vagas para professores na rede estadual de ensino.<\/p>\n\n\n\n<p>\u201cSabemos que a pandemia vai deixar cicatrizes e marcas dif\u00edceis de serem superadas e a educa\u00e7\u00e3o talvez seja uma das principais. O Hubert tem um grande desafio pela frente com a sua equipe e por isso que o escolhi, porque sei do seu comprometimento, esp\u00edrito p\u00fablico, amor pela educa\u00e7\u00e3o e capacidade de colocar as coisas em pr\u00e1tica\u201d, destacou Rodrigo.<\/p>\n\n\n\n<p>Os sal\u00e1rios para 40 horas semanais, j\u00e1 calculados pela Nova Carreira Docente, s\u00e3o entre R$ 7 mil e R$ 5 mil, variando proporcionalmente conforme a jornada de trabalho, que pode ser parcial.<\/p>\n\n\n\n<p>Os interessados devem se cadastrar diretamente em uma das 91 Diretorias de Ensino de todo estado. A contrata\u00e7\u00e3o \u00e9 em regime tempor\u00e1rio e tem dura\u00e7\u00e3o de tr\u00eas anos. Mais detalhes est\u00e3o dispon\u00edveis em www.educacao.sp.gov.br.<\/p>\n\n\n\n<p>\u201cHoje S\u00e3o Paulo tem 204 mil professores em sala de aula, 10 mil a mais do que no ano passado, e iniciamos uma campanha de comunica\u00e7\u00e3o para convocar mais professores para a rede. S\u00e3o 1.700 profissionais com sal\u00e1rio de R$ 7 mil e 1.200 com sal\u00e1rio de R$ 5 mil, para 40 horas semanais\u201d, disse Hubert Alqu\u00e9res.<\/p>\n\n\n\n<p><strong>Sobre o secret\u00e1rio<\/strong><\/p>\n\n\n\n<p>A nomea\u00e7\u00e3o do novo chefe da Secretaria da Educa\u00e7\u00e3o do Estado de S\u00e3o Paulo (Seduc-SP) foi publicada em no Di\u00e1rio Oficial no \u00faltimo dia 2. Hubert Alqu\u00e9res \u00e9 presidente da C\u00e2mara de Ensino Superior, conselheiro do Conselho Estadual de Educa\u00e7\u00e3o (CEE), membro da Academia Paulista de Educa\u00e7\u00e3o e vice-presidente da C\u00e2mara Brasileira do Livro.<\/p>\n\n\n\n<p>Ele foi secret\u00e1rio executivo da Educa\u00e7\u00e3o no governo Mario Covas (1995-2002) e presidente do CEE por quatro mandatos. Tamb\u00e9m foi secret\u00e1rio de Comunica\u00e7\u00e3o na gest\u00e3o Jos\u00e9 Serra (2007), presidiu a Imprensa Oficial do Estado e foi secret\u00e1rio-geral de Administra\u00e7\u00e3o na Assembleia Legislativa do Estado e a Associa\u00e7\u00e3o Brasileira das Imprensas Oficiais, ocupou o cargo de diretor-t\u00e9cnico da FDE (Funda\u00e7\u00e3o para o Desenvolvimento da Educa\u00e7\u00e3o), foi professor da Escola Polit\u00e9cnica da USP e professor e coordenador na Escola de Engenharia Mau\u00e1.<\/p>\n\n\n\n<p>Hubert Alqu\u00e9res foi aluno da rede estadual, onde cursou o ensino fundamental na Escola Estadual Professor Ennio Voss. No Col\u00e9gio Bandeirantes, onde atualmente \u00e9 diretor, concluiu o ensino m\u00e9dio. Pela Escola de Engenharia de Mau\u00e1, formou-se em Engenharia Civil.<\/p>\n","protected":false},"excerpt":{"rendered":"<p>Sal\u00e1rios para 40 horas semanais s\u00e3o entre R$ 7 mil e R$ 5 mil, variando proporcionalmente conforme a jornada de trabalho O governador Rodrigo Garcia empossou nesta quinta-feira (9) o professor Hubert Alqu\u00e9res como secret\u00e1rio estadual da Educa\u00e7\u00e3o, em cerim\u00f4nia no Pal\u00e1cio dos Bandeirantes. Na ocasi\u00e3o, foram anunciadas 2,9 mil vagas para professores na rede [&hellip;]<\/p>\n","protected":false},"author":7,"featured_media":7185,"comment_status":"closed","ping_status":"open","sticky":false,"template":"","format":"standard","meta":{"rop_custom_images_group":[],"rop_custom_messages_group":[],"rop_publish_now":"initial","rop_publish_now_accounts":[],"rop_publish_now_history":[],"rop_publish_now_status":"pending","footnotes":""},"categories":[195],"tags":[73],"class_list":["post-7184","post","type-post","status-publish","format-standard","has-post-thumbnail","hentry","category-sao-paulo","tag-featured"],"amp_enabled":true,"_links":{"self":[{"href":"https:\/\/imais.online\/portal\/wp-json\/wp\/v2\/posts\/7184","targetHints":{"allow":["GET"]}}],"collection":[{"href":"https:\/\/imais.online\/portal\/wp-json\/wp\/v2\/posts"}],"about":[{"href":"https:\/\/imais.online\/portal\/wp-json\/wp\/v2\/types\/post"}],"author":[{"embeddable":true,"href":"https:\/\/imais.online\/portal\/wp-json\/wp\/v2\/users\/7"}],"replies":[{"embeddable":true,"href":"https:\/\/imais.online\/portal\/wp-json\/wp\/v2\/comments?post=7184"}],"version-history":[{"count":1,"href":"https:\/\/imais.online\/portal\/wp-json\/wp\/v2\/posts\/7184\/revisions"}],"predecessor-version":[{"id":7186,"href":"https:\/\/imais.online\/portal\/wp-json\/wp\/v2\/posts\/7184\/revisions\/7186"}],"wp:featuredmedia":[{"embeddable":true,"href":"https:\/\/imais.online\/portal\/wp-json\/wp\/v2\/media\/7185"}],"wp:attachment":[{"href":"https:\/\/imais.online\/portal\/wp-json\/wp\/v2\/media?parent=7184"}],"wp:term":[{"taxonomy":"category","embeddable":true,"href":"https:\/\/imais.online\/portal\/wp-json\/wp\/v2\/categories?post=7184"},{"taxonomy":"post_tag","embeddable":true,"href":"https:\/\/imais.online\/portal\/wp-json\/wp\/v2\/tags?post=7184"}],"curies":[{"name":"wp","href":"https:\/\/api.w.org\/{rel}","templated":true}]}}