{"id":7222,"date":"2022-06-11T14:38:56","date_gmt":"2022-06-11T17:38:56","guid":{"rendered":"https:\/\/imais.online\/portal\/?p=7222"},"modified":"2022-06-11T14:39:03","modified_gmt":"2022-06-11T17:39:03","slug":"defesa-civil-de-indaiatuba-realiza-palestra-sobre-meio-ambiente-para-90-jovens","status":"publish","type":"post","link":"https:\/\/imais.online\/portal\/defesa-civil-de-indaiatuba-realiza-palestra-sobre-meio-ambiente-para-90-jovens\/","title":{"rendered":"Defesa Civil de Indaiatuba realiza palestra sobre meio ambiente para 90 jovens"},"content":{"rendered":"<div class=\"imais-before-content-placement\" id=\"imais-3325097280\"><script async src=\"\/\/pagead2.googlesyndication.com\/pagead\/js\/adsbygoogle.js?client=ca-pub-8787528412751566\" crossorigin=\"anonymous\"><\/script><ins class=\"adsbygoogle\" style=\"display:block;\" data-ad-client=\"ca-pub-8787528412751566\" \ndata-ad-slot=\"\" \ndata-ad-format=\"auto\"><\/ins>\n<script> \n(adsbygoogle = window.adsbygoogle || []).push({}); \n<\/script>\n<\/div>\n<p><strong><em>A\u00e7\u00e3o integra o plano de trabalho do PMVA &#8211; Programa Munic\u00edpio VerdeAzul<\/em><\/strong><strong><em><\/em><\/strong><\/p>\n\n\n\n<p>A Defesa Civil de Indaiatuba realizou na quinta-feira (09) e sexta-feira (10) uma palestra orientativa para mais de 90 jovens atendidos pela organiza\u00e7\u00e3o social Educand\u00e1rio Deus e Natureza. O tema abordado foi meio ambiente. A a\u00e7\u00e3o integra o plano de trabalho do PMVA &#8211; Programa Munic\u00edpio VerdeAzul.<\/p>\n\n\n\n<p>Paulo Cesar Feij\u00e3o, coordenador da Defesa Civil de Indaiatuba, explicou a import\u00e2ncia em compartilhar informa\u00e7\u00f5es que podem ajudar as pessoas e o meio ambiente. \u201cNunca canso de falar que quanto mais conseguirmos conscientizar as pessoas sobre os riscos de queimadas, mais todos n\u00f3s vamos ganhar. Fiquei muito feliz em poder orientar sobre os riscos das queimadas, como evitar, como minimizar os efeitos da fuma\u00e7a e em caso de urg\u00eancia, como acionar a Defesa Civil e Corpo de Bombeiros\u201d.<\/p>\n\n\n\n<p><strong>Palestras Defesa Civil<\/strong><\/p>\n\n\n\n<p><strong>\u00a0<\/strong>A Secretaria de Seguran\u00e7a P\u00fablica de Indaiatuba, atrav\u00e9s da Defesa Civil, realiza palestras orientativas gratuitas\u00a0em escolas, institui\u00e7\u00f5es e empresas. O\u00a0objetivo \u00e9 promover a conscientiza\u00e7\u00e3o sobre o perigo do uso de cortantes em pipas, cuidados necess\u00e1rios em condi\u00e7\u00f5es clim\u00e1ticas extremas (per\u00edodo de estiagem ou enchentes e de frio ou calor intensos), animais pe\u00e7onhentos e preven\u00e7\u00e3o de inc\u00eandios em cobertura vegetal e florestal. Para solicitar o servi\u00e7o \u00e9 necess\u00e1rio enviar e-mail para\u00a0seguranca@indaiatuba.sp.gov.br.\u00a0<\/p>\n\n\n\n<p><strong>VerdeAzul<\/strong><\/p>\n\n\n\n<p>Lan\u00e7ado em 2007 pelo Governo do Estado de S\u00e3o Paulo o Programa Munic\u00edpio VerdeAzul \u2013 PMVA tem o prop\u00f3sito de medir e apoiar a efici\u00eancia da gest\u00e3o ambiental com a descentraliza\u00e7\u00e3o e valoriza\u00e7\u00e3o da agenda ambiental nos munic\u00edpios. O objetivo \u00e9 estimular e auxiliar as prefeituras paulistas na elabora\u00e7\u00e3o e execu\u00e7\u00e3o de suas pol\u00edticas p\u00fablicas estrat\u00e9gicas para o desenvolvimento sustent\u00e1vel do Estado.<\/p>\n\n\n\n<p>Indaiatuba \u00e9 uma das cidades que possui o selo Munic\u00edpio VerdeAzul e participa do programa desde 2011. Sendo assim, desenvolvendo anualmente um plano de gest\u00e3o ambiental contendo a\u00e7\u00f5es, projetos, medidas, dados e metas para implanta\u00e7\u00e3o e o desenvolvimento das diretivas previstas.<\/p>\n\n\n\n<p>As a\u00e7\u00f5es propostas pelo PMVA comp\u00f5em as dez diretivas norteadoras da agenda ambiental local, abrangendo os seguintes temas estrat\u00e9gicos: Esgoto Tratado, Res\u00edduos S\u00f3lidos, Biodiversidade, Arboriza\u00e7\u00e3o Urbana, Educa\u00e7\u00e3o Ambiental, Cidade Sustent\u00e1vel, Gest\u00e3o das \u00c1guas, Qualidade do Ar, Estrutura Ambiental e Conselho Ambiental.<\/p>\n","protected":false},"excerpt":{"rendered":"<p>A\u00e7\u00e3o integra o plano de trabalho do PMVA &#8211; Programa Munic\u00edpio VerdeAzul A Defesa Civil de Indaiatuba realizou na quinta-feira (09) e sexta-feira (10) uma palestra orientativa para mais de 90 jovens atendidos pela organiza\u00e7\u00e3o social Educand\u00e1rio Deus e Natureza. O tema abordado foi meio ambiente. A a\u00e7\u00e3o integra o plano de trabalho do PMVA [&hellip;]<\/p>\n","protected":false},"author":8,"featured_media":7223,"comment_status":"closed","ping_status":"open","sticky":false,"template":"","format":"standard","meta":{"rop_custom_images_group":[],"rop_custom_messages_group":[],"rop_publish_now":"initial","rop_publish_now_accounts":[],"rop_publish_now_history":[],"rop_publish_now_status":"pending","footnotes":""},"categories":[188],"tags":[],"class_list":["post-7222","post","type-post","status-publish","format-standard","has-post-thumbnail","hentry","category-indaiatuba"],"amp_enabled":true,"_links":{"self":[{"href":"https:\/\/imais.online\/portal\/wp-json\/wp\/v2\/posts\/7222","targetHints":{"allow":["GET"]}}],"collection":[{"href":"https:\/\/imais.online\/portal\/wp-json\/wp\/v2\/posts"}],"about":[{"href":"https:\/\/imais.online\/portal\/wp-json\/wp\/v2\/types\/post"}],"author":[{"embeddable":true,"href":"https:\/\/imais.online\/portal\/wp-json\/wp\/v2\/users\/8"}],"replies":[{"embeddable":true,"href":"https:\/\/imais.online\/portal\/wp-json\/wp\/v2\/comments?post=7222"}],"version-history":[{"count":2,"href":"https:\/\/imais.online\/portal\/wp-json\/wp\/v2\/posts\/7222\/revisions"}],"predecessor-version":[{"id":7225,"href":"https:\/\/imais.online\/portal\/wp-json\/wp\/v2\/posts\/7222\/revisions\/7225"}],"wp:featuredmedia":[{"embeddable":true,"href":"https:\/\/imais.online\/portal\/wp-json\/wp\/v2\/media\/7223"}],"wp:attachment":[{"href":"https:\/\/imais.online\/portal\/wp-json\/wp\/v2\/media?parent=7222"}],"wp:term":[{"taxonomy":"category","embeddable":true,"href":"https:\/\/imais.online\/portal\/wp-json\/wp\/v2\/categories?post=7222"},{"taxonomy":"post_tag","embeddable":true,"href":"https:\/\/imais.online\/portal\/wp-json\/wp\/v2\/tags?post=7222"}],"curies":[{"name":"wp","href":"https:\/\/api.w.org\/{rel}","templated":true}]}}