{"id":7244,"date":"2022-06-13T15:04:40","date_gmt":"2022-06-13T18:04:40","guid":{"rendered":"https:\/\/imais.online\/portal\/?p=7244"},"modified":"2022-06-13T15:04:42","modified_gmt":"2022-06-13T18:04:42","slug":"prefeitura-de-indaiatuba-abre-inscricoes-para-curso-presencial-de-libras","status":"publish","type":"post","link":"https:\/\/imais.online\/portal\/prefeitura-de-indaiatuba-abre-inscricoes-para-curso-presencial-de-libras\/","title":{"rendered":"Prefeitura de Indaiatuba abre inscri\u00e7\u00f5es para curso presencial de libras"},"content":{"rendered":"<div class=\"imais-before-content-placement\" id=\"imais-3580599773\"><script async src=\"\/\/pagead2.googlesyndication.com\/pagead\/js\/adsbygoogle.js?client=ca-pub-8787528412751566\" crossorigin=\"anonymous\"><\/script><ins class=\"adsbygoogle\" style=\"display:block;\" data-ad-client=\"ca-pub-8787528412751566\" \ndata-ad-slot=\"\" \ndata-ad-format=\"auto\"><\/ins>\n<script> \n(adsbygoogle = window.adsbygoogle || []).push({}); \n<\/script>\n<\/div>\n<p><strong><em>Aulas acontecem \u00e0s segundas, quartas e quintas-feiras com turmas pela manh\u00e3, tarde e noite.<\/em><\/strong><strong><em><\/em><\/strong><\/p>\n\n\n\n<p>A Prefeitura de Indaiatuba por meio da Secretaria Municipal de Assist\u00eancia Social abre as inscri\u00e7\u00f5es para turmas presenciais do curso de libras nesta segunda-feira (13), dispon\u00edvel para toda a popula\u00e7\u00e3o interessada. O objetivo \u00e9 promover a acessibilidade de comunica\u00e7\u00e3o entre surdos e ouvintes atrav\u00e9s do aprendizado da L\u00edngua Brasileira de Sinais. As aulas acontecer\u00e3o \u00e0s segundas, quartas e quintas-feiras com turmas pela manh\u00e3, tarde e noite no Centro PCD no Jardim Santa Cruz.<\/p>\n\n\n\n<p>Ao todo ser\u00e3o oferecidas 150 vagas e podem participar todas as pessoas acima de 18 anos da sociedade civil que estejam interessadas em aprender, al\u00e9m de funcion\u00e1rios p\u00fablicos e alunos das turmas anteriores, devidamente inscritos. A iniciativa \u00e9 a garantia da Lei Federal n\u00ba 13.146, de 6 de julho de 2015, que d\u00e1 o direito \u00e0 comunica\u00e7\u00e3o e express\u00e3o m\u00e1xima da cidadania da pessoa com defici\u00eancia auditiva.<\/p>\n\n\n\n<p>As turmas dispon\u00edveis s\u00e3o:<\/p>\n\n\n\n<p>Segundas-feiras<\/p>\n\n\n\n<p>8h \u00e0s 10h \u2013 B\u00e1sico 1 \u2013 25 vagas<\/p>\n\n\n\n<p>10h \u00e0s 12h \u2013 B\u00e1sico 1 \u2013 25 vagas<\/p>\n\n\n\n<p>Quartas-feiras<\/p>\n\n\n\n<p>8h \u00e0s 10h \u2013 B\u00e1sico 2 \u2013 25 vagas<\/p>\n\n\n\n<p>17h30 \u00e0s 19h30 \u2013 B\u00e1sico 2 \u2013 25 vagas<\/p>\n\n\n\n<p>19h30 \u00e0s 21h30 \u2013 Intermedi\u00e1rio \u2013 25 vagas<\/p>\n\n\n\n<p>Quintas-feiras<\/p>\n\n\n\n<p>15h30 \u00e0s 17h30 \u2013 B\u00e1sico 1 \u2013 25 vagas<\/p>\n\n\n\n<p><strong>Lista de espera: 10 pessoas por turma.<\/strong><\/p>\n\n\n\n<p>A Libras tem como base o contexto, conceito e sentido, possui gram\u00e1tica pr\u00f3pria e \u00e9 reconhecida como meio legal de comunica\u00e7\u00e3o e express\u00e3o no Brasil. Os sinais s\u00e3o compostos por itens lexicais expressados atrav\u00e9s das configura\u00e7\u00f5es de m\u00e3o, orienta\u00e7\u00e3o, movimento, pontos de articula\u00e7\u00e3o, express\u00e3o facial e\/ou corporal, bem como, conjuga\u00e7\u00f5es e concord\u00e2ncias feitas no corpo e no espa\u00e7o neutro. A L\u00edngua gestual-visual-espacial \u00e9 utilizada pelos surdos e deficientes auditivos brasileiros.<\/p>\n\n\n\n<p>O in\u00edcio do curso est\u00e1 marcado para o dia 20 de junho, tem carga hor\u00e1ria de 80 horas e acontecem presencialmente no Centro PCD localizado na Rua da Caixa D&#8217;\u00c1gua, 162, Jardim Santa Cruz.<\/p>\n\n\n\n<p>As inscri\u00e7\u00f5es j\u00e1 est\u00e3o liberadas nesta segunda, 13 de junho, atrav\u00e9s do link:\u00a0https:\/\/www.indaiatuba.sp.gov.br\/assistencia-social\/protecao-especial\/pessoas-com-deficiencia\/inscricoes-para-eventos\/\u00a0 \u00a0 \u00a0\u00a0<\/p>\n","protected":false},"excerpt":{"rendered":"<p>Aulas acontecem \u00e0s segundas, quartas e quintas-feiras com turmas pela manh\u00e3, tarde e noite. A Prefeitura de Indaiatuba por meio da Secretaria Municipal de Assist\u00eancia Social abre as inscri\u00e7\u00f5es para turmas presenciais do curso de libras nesta segunda-feira (13), dispon\u00edvel para toda a popula\u00e7\u00e3o interessada. O objetivo \u00e9 promover a acessibilidade de comunica\u00e7\u00e3o entre surdos [&hellip;]<\/p>\n","protected":false},"author":8,"featured_media":7245,"comment_status":"closed","ping_status":"open","sticky":false,"template":"","format":"standard","meta":{"rop_custom_images_group":[],"rop_custom_messages_group":[],"rop_publish_now":"initial","rop_publish_now_accounts":[],"rop_publish_now_history":[],"rop_publish_now_status":"pending","footnotes":""},"categories":[188],"tags":[],"class_list":["post-7244","post","type-post","status-publish","format-standard","has-post-thumbnail","hentry","category-indaiatuba"],"amp_enabled":true,"_links":{"self":[{"href":"https:\/\/imais.online\/portal\/wp-json\/wp\/v2\/posts\/7244","targetHints":{"allow":["GET"]}}],"collection":[{"href":"https:\/\/imais.online\/portal\/wp-json\/wp\/v2\/posts"}],"about":[{"href":"https:\/\/imais.online\/portal\/wp-json\/wp\/v2\/types\/post"}],"author":[{"embeddable":true,"href":"https:\/\/imais.online\/portal\/wp-json\/wp\/v2\/users\/8"}],"replies":[{"embeddable":true,"href":"https:\/\/imais.online\/portal\/wp-json\/wp\/v2\/comments?post=7244"}],"version-history":[{"count":1,"href":"https:\/\/imais.online\/portal\/wp-json\/wp\/v2\/posts\/7244\/revisions"}],"predecessor-version":[{"id":7246,"href":"https:\/\/imais.online\/portal\/wp-json\/wp\/v2\/posts\/7244\/revisions\/7246"}],"wp:featuredmedia":[{"embeddable":true,"href":"https:\/\/imais.online\/portal\/wp-json\/wp\/v2\/media\/7245"}],"wp:attachment":[{"href":"https:\/\/imais.online\/portal\/wp-json\/wp\/v2\/media?parent=7244"}],"wp:term":[{"taxonomy":"category","embeddable":true,"href":"https:\/\/imais.online\/portal\/wp-json\/wp\/v2\/categories?post=7244"},{"taxonomy":"post_tag","embeddable":true,"href":"https:\/\/imais.online\/portal\/wp-json\/wp\/v2\/tags?post=7244"}],"curies":[{"name":"wp","href":"https:\/\/api.w.org\/{rel}","templated":true}]}}