{"id":7247,"date":"2022-06-13T15:05:47","date_gmt":"2022-06-13T18:05:47","guid":{"rendered":"https:\/\/imais.online\/portal\/?p=7247"},"modified":"2022-06-13T15:05:49","modified_gmt":"2022-06-13T18:05:49","slug":"prefeito-nilson-gaspar-formaliza-entrega-da-ampliacao-e-reforma-do-cra-centro-de-reabilitacao-animal","status":"publish","type":"post","link":"https:\/\/imais.online\/portal\/prefeito-nilson-gaspar-formaliza-entrega-da-ampliacao-e-reforma-do-cra-centro-de-reabilitacao-animal\/","title":{"rendered":"Prefeito Nilson Gaspar formaliza entrega da amplia\u00e7\u00e3o e reforma do CRA &#8211; Centro de Reabilita\u00e7\u00e3o Animal"},"content":{"rendered":"<div class=\"imais-before-content-placement\" id=\"imais-2773031049\"><script async src=\"\/\/pagead2.googlesyndication.com\/pagead\/js\/adsbygoogle.js?client=ca-pub-8787528412751566\" crossorigin=\"anonymous\"><\/script><ins class=\"adsbygoogle\" style=\"display:block;\" data-ad-client=\"ca-pub-8787528412751566\" \ndata-ad-slot=\"\" \ndata-ad-format=\"auto\"><\/ins>\n<script> \n(adsbygoogle = window.adsbygoogle || []).push({}); \n<\/script>\n<\/div>\n<p><strong><em>Servi\u00e7o ganhou novos canis e baias individuais para melhor acomodar animais doentes<\/em><\/strong><\/p>\n\n\n\n<p>A Administra\u00e7\u00e3o Municipal realizou a entrega oficial da obra de amplia\u00e7\u00e3o e reforma do pr\u00e9dio do CRA \u2013 Centro de Reabilita\u00e7\u00e3o Animal \u201cAlbino Narezzi\u201d na manh\u00e3 do \u00faltimo s\u00e1bado (11). A cerim\u00f4nia conduzida pelo prefeito Nilson Gaspar, contou com a presen\u00e7a de autoridades locais, representantes do Compda (Conselho Municipal de Prote\u00e7\u00e3o e Defesa Animal) e Condema (Conselho Municipal de Defesa do Meio Ambiente), e familiares do homenageado.<\/p>\n\n\n\n<p>O prefeito, que participou da implanta\u00e7\u00e3o do servi\u00e7o em 2009, quando ainda era secret\u00e1rio de Servi\u00e7os Urbanos, ressaltou que o trabalho de cuidado com os animais evoluiu muito no munic\u00edpio, sempre com o apoio dos protetores de animais e tamb\u00e9m do Conselho Municipal de Prote\u00e7\u00e3o e Defesa Animal. \u201cEsse espa\u00e7o evoluiu muito desde que foi criado e conta com toda a estrutura necess\u00e1ria para atender a demanda, principalmente de castra\u00e7\u00f5es. Hoje, o CRA soma quase 100 mil animais castrados, entre c\u00e3es e gatos, e se cada um deles desse uma cria por ano, imagine quantos animais estariam nas ruas, hoje, se n\u00e3o fosse esse servi\u00e7o\u201d, acrescentou.<\/p>\n\n\n\n<p>O atual secret\u00e1rio da Pasta, Guilherme Magnusson, refor\u00e7ou que a proposta com mais essa amplia\u00e7\u00e3o do Centro de Reabilita\u00e7\u00e3o Animal, foi melhorar a capacidade de acolhimento e tamb\u00e9m os cuidados oferecidos aos animais que chegam no local. \u201cO CRA \u00e9 muito acolhedor e esse \u00e9 um trabalho de extrema import\u00e2ncia para o munic\u00edpio, tanto no atendimento aos animais doentes que s\u00e3o abandonados nas ruas, como tamb\u00e9m, com o servi\u00e7o de castra\u00e7\u00e3o oferecido \u00e0s fam\u00edlias que n\u00e3o t\u00eam condi\u00e7\u00f5es de pagar por isso. \u00c9 importante lembrar, que todos os c\u00e3es e gatos que s\u00e3o atendidos, saem daqui com um microchip, pelo qual pode ser acessado o cadastro com dados do animal e do propriet\u00e1rio, o que \u00e9 um diferencial que ajuda muito na prote\u00e7\u00e3o do animal\u201d, lembrou.<\/p>\n\n\n\n<p>O presidente da C\u00e2mara Municipal, Pelo Lepinsk, elogiou o respeito com que a causa animal \u00e9 tratada no munic\u00edpio. \u201cUm espa\u00e7o como este, bem cuidado, equipado e que oferece um servi\u00e7o gratuito e de qualidade, n\u00e3o \u00e9 todo munic\u00edpio que tem. Aqui, podemos dizer com certeza que a Administra\u00e7\u00e3o Municipal respeita a causa animal, e pode conta com a ajuda da C\u00e2mara para isso\u201d, resumiu.<\/p>\n\n\n\n<p>Os vereadores Arthur Sp\u00edndola e H\u00e9lio Ribeiro tamb\u00e9m marcaram presen\u00e7a no evento, ao lado de secret\u00e1rios municipais.<\/p>\n\n\n\n<p><strong>Amplia\u00e7\u00e3o e reforma<\/strong><\/p>\n\n\n\n<p>Na parte ampliada, as novidades foram a constru\u00e7\u00e3o de oito canis e 16 baias individuais para c\u00e3es e gatos nas \u00e1reas de pr\u00e9 e p\u00f3s-operat\u00f3rio, para melhor acomodar os animais doentes que s\u00e3o recolhidos pela Prefeitura e aqueles animais que est\u00e3o em tratamento. O telhado dos gatis foi trocado para aumentar o conforto t\u00e9rmico, foi constru\u00eddo um ambulat\u00f3rio para cuidados dos animais que est\u00e3o no CRA e uma nova sala de paramenta\u00e7\u00e3o ligada ao centro cir\u00fargico.<\/p>\n\n\n\n<p>O setor administrativo ganhou uma nova recep\u00e7\u00e3o com capacidade para dois guich\u00eas de atendimento e mais dois banheiros acess\u00edveis.<\/p>\n\n\n\n<p>Al\u00e9m da amplia\u00e7\u00e3o, que totalizou 120m\u00b2 de \u00e1rea constru\u00edda, todas as instala\u00e7\u00f5es j\u00e1 existentes passaram por manuten\u00e7\u00e3o e pintura geral.<\/p>\n\n\n\n<p>O CRA foi criado em 2009 com a proposta de recolher animais de rua machucados e doentes que apresentam risco \u00e0 popula\u00e7\u00e3o ou que estejam em sofrimento; animais submetidos a maus tratos por seus propriet\u00e1rios; suspeitos de raiva ou outras zoonoses, e animais mantidos em condi\u00e7\u00f5es inadequadas; filhotes abandonados e cadelas que estejam esperando filhotes.<\/p>\n\n\n\n<p>Depois de receberem os cuidados necess\u00e1rios, os animais s\u00e3o encaminhados para ado\u00e7\u00e3o, quando n\u00e3o s\u00e3o resgatados pelos propriet\u00e1rios. O servi\u00e7o tamb\u00e9m oferece castra\u00e7\u00e3o gratuita de c\u00e3es e gatos para fam\u00edlias de Indaiatuba que n\u00e3o t\u00eam condi\u00e7\u00f5es de pagar pela cirurgia.<\/p>\n\n\n\n<p>O Centro de Reabilita\u00e7\u00e3o Animal funciona na rua Safira,&nbsp;n\u00ba&nbsp;120, no Distrito Industrial Recreio Campestre Joia.<\/p>\n","protected":false},"excerpt":{"rendered":"<p>Servi\u00e7o ganhou novos canis e baias individuais para melhor acomodar animais doentes A Administra\u00e7\u00e3o Municipal realizou a entrega oficial da obra de amplia\u00e7\u00e3o e reforma do pr\u00e9dio do CRA \u2013 Centro de Reabilita\u00e7\u00e3o Animal \u201cAlbino Narezzi\u201d na manh\u00e3 do \u00faltimo s\u00e1bado (11). A cerim\u00f4nia conduzida pelo prefeito Nilson Gaspar, contou com a presen\u00e7a de autoridades [&hellip;]<\/p>\n","protected":false},"author":8,"featured_media":7248,"comment_status":"closed","ping_status":"open","sticky":false,"template":"","format":"standard","meta":{"rop_custom_images_group":[],"rop_custom_messages_group":[],"rop_publish_now":"initial","rop_publish_now_accounts":[],"rop_publish_now_history":[],"rop_publish_now_status":"pending","footnotes":""},"categories":[188],"tags":[73],"class_list":["post-7247","post","type-post","status-publish","format-standard","has-post-thumbnail","hentry","category-indaiatuba","tag-featured"],"amp_enabled":true,"_links":{"self":[{"href":"https:\/\/imais.online\/portal\/wp-json\/wp\/v2\/posts\/7247","targetHints":{"allow":["GET"]}}],"collection":[{"href":"https:\/\/imais.online\/portal\/wp-json\/wp\/v2\/posts"}],"about":[{"href":"https:\/\/imais.online\/portal\/wp-json\/wp\/v2\/types\/post"}],"author":[{"embeddable":true,"href":"https:\/\/imais.online\/portal\/wp-json\/wp\/v2\/users\/8"}],"replies":[{"embeddable":true,"href":"https:\/\/imais.online\/portal\/wp-json\/wp\/v2\/comments?post=7247"}],"version-history":[{"count":1,"href":"https:\/\/imais.online\/portal\/wp-json\/wp\/v2\/posts\/7247\/revisions"}],"predecessor-version":[{"id":7249,"href":"https:\/\/imais.online\/portal\/wp-json\/wp\/v2\/posts\/7247\/revisions\/7249"}],"wp:featuredmedia":[{"embeddable":true,"href":"https:\/\/imais.online\/portal\/wp-json\/wp\/v2\/media\/7248"}],"wp:attachment":[{"href":"https:\/\/imais.online\/portal\/wp-json\/wp\/v2\/media?parent=7247"}],"wp:term":[{"taxonomy":"category","embeddable":true,"href":"https:\/\/imais.online\/portal\/wp-json\/wp\/v2\/categories?post=7247"},{"taxonomy":"post_tag","embeddable":true,"href":"https:\/\/imais.online\/portal\/wp-json\/wp\/v2\/tags?post=7247"}],"curies":[{"name":"wp","href":"https:\/\/api.w.org\/{rel}","templated":true}]}}