{"id":729,"date":"2021-08-16T07:37:07","date_gmt":"2021-08-16T10:37:07","guid":{"rendered":"https:\/\/imais.online\/portal\/?p=729"},"modified":"2021-08-16T07:37:09","modified_gmt":"2021-08-16T10:37:09","slug":"covid-19-bebes-de-ate-1-ano-representam-um-terco-das-mortes-infantis","status":"publish","type":"post","link":"https:\/\/imais.online\/portal\/covid-19-bebes-de-ate-1-ano-representam-um-terco-das-mortes-infantis\/","title":{"rendered":"Covid-19: beb\u00eas de at\u00e9 1 ano representam um ter\u00e7o das mortes infantis"},"content":{"rendered":"<div class=\"imais-before-content-placement\" id=\"imais-451819118\"><script async src=\"\/\/pagead2.googlesyndication.com\/pagead\/js\/adsbygoogle.js?client=ca-pub-8787528412751566\" crossorigin=\"anonymous\"><\/script><ins class=\"adsbygoogle\" style=\"display:block;\" data-ad-client=\"ca-pub-8787528412751566\" \ndata-ad-slot=\"\" \ndata-ad-format=\"auto\"><\/ins>\n<script> \n(adsbygoogle = window.adsbygoogle || []).push({}); \n<\/script>\n<\/div>\n<h3 class=\"has-text-align-center wp-block-heading\">Estudo da Fiocruz analisou \u00f3bitos entre menores de 18 anos em 2020<\/h3>\n\n\n\n<p>Uma em cada tr\u00eas mortes causadas pela covid-19 em menores de 18 anos no Brasil em 2020 vitimou beb\u00eas de menos de 1 ano de idade. A conclus\u00e3o \u00e9 de um estudo de pesquisadores da Funda\u00e7\u00e3o Oswaldo Cruz (Fiocruz), que analisaram&nbsp;1.207 \u00f3bitos provocados pela&nbsp;doen\u00e7a entre&nbsp;menores de idade no ano passado, tendo&nbsp;como base os dados do Sistema de Informa\u00e7\u00e3o sobre Mortalidade Infantil do Minist\u00e9rio da Sa\u00fade.<img decoding=\"async\" src=\"https:\/\/agenciabrasil.ebc.com.br\/ebc.png?id=1418544&amp;o=node\"><img decoding=\"async\" src=\"https:\/\/agenciabrasil.ebc.com.br\/ebc.gif?id=1418544&amp;o=node\"><\/p>\n\n\n\n<p>As mortes por covid-19 entre&nbsp;rec\u00e9m-nascidos (beb\u00eas com menos de 28 dias de vida) representaram 9% de todos os \u00f3bitos provocados pela doen\u00e7a entre crian\u00e7as e adolescentes, enquanto beb\u00eas com idade entre 28 dias at\u00e9 menos de 1 ano responderam por&nbsp;28% dessas mortes.&nbsp;<\/p>\n\n\n\n<p>A faixa et\u00e1ria de 1 ano concentrou 8% das mortes entre crian\u00e7as e adolescentes e a de 2 anos, 5%. Com isso, as mortes de beb\u00eas de at\u00e9 2 anos representaram cerca de 45% de todos os \u00f3bitos entre crian\u00e7as e adolescentes por covid-19 no Brasil em 2020.<\/p>\n\n\n\n<p>A pesquisa foi coordenada por&nbsp;Cristiano Boccolini, integrante do Laborat\u00f3rio de Informa\u00e7\u00e3o em Sa\u00fade do Instituto de Comunica\u00e7\u00e3o e Informa\u00e7\u00e3o Cient\u00edfica e Tecnol\u00f3gica em Sa\u00fade da Fiocruz. Ele alerta que \u00e9 mais comum que crian\u00e7as e adolescentes tenham formas assintom\u00e1ticas de covid-19, por\u00e9m, eles n\u00e3o est\u00e3o imunes a formas graves.<\/p>\n\n\n\n<p>Boccolini ressalta que, para proteger as crian\u00e7as, a vacina\u00e7\u00e3o de adultos deve ser acelerada, com prioridade para gestantes e lactantes.&nbsp;&#8220;Contudo, para conter a circula\u00e7\u00e3o do v\u00edrus e proteger nossas crian\u00e7as, o uso de m\u00e1scaras e o distanciamento social devem continuar, mesmo ap\u00f3s a vacina\u00e7\u00e3o&#8221;, afirma.&nbsp;<\/p>\n\n\n\n<p>O pesquisador recomenda que m\u00e3es com covid-19 continuem a amamentar os filhos se ambos tiverem condi\u00e7\u00f5es f\u00edsicas para tal, j\u00e1 que os benef\u00edcios da amamenta\u00e7\u00e3o superam em muito os riscos de contamina\u00e7\u00e3o. Para minimizar a chance de transmiss\u00e3o, \u00e9 preciso refor\u00e7ar os cuidados por meio do uso de m\u00e1scaras PFF2 e N-95, al\u00e9m de higiene das m\u00e3os.<\/p>\n\n\n\n<p>A Fiocruz refor\u00e7a que a Organiza\u00e7\u00e3o Mundial da Sa\u00fade (OMS) recomenda o uso universal de m\u00e1scaras de prote\u00e7\u00e3o a partir dos 12 anos de idade. &#8220;Entre crian\u00e7as menores, o uso deve ser supervisionado e avaliado caso a caso. Crian\u00e7as com menos de 5 anos n\u00e3o devem ser obrigadas a usar m\u00e1scaras&#8221;, diz o texto.<\/p>\n","protected":false},"excerpt":{"rendered":"<p>Estudo da Fiocruz analisou \u00f3bitos entre menores de 18 anos em 2020 Uma em cada tr\u00eas mortes causadas pela covid-19 em menores de 18 anos no Brasil em 2020 vitimou beb\u00eas de menos de 1 ano de idade. A conclus\u00e3o \u00e9 de um estudo de pesquisadores da Funda\u00e7\u00e3o Oswaldo Cruz (Fiocruz), que analisaram&nbsp;1.207 \u00f3bitos provocados [&hellip;]<\/p>\n","protected":false},"author":6,"featured_media":730,"comment_status":"closed","ping_status":"open","sticky":false,"template":"","format":"standard","meta":{"rop_custom_images_group":[],"rop_custom_messages_group":[],"rop_publish_now":"initial","rop_publish_now_accounts":[],"rop_publish_now_history":[],"rop_publish_now_status":"pending","footnotes":""},"categories":[189],"tags":[73],"class_list":["post-729","post","type-post","status-publish","format-standard","has-post-thumbnail","hentry","category-brasil","tag-featured"],"amp_enabled":true,"_links":{"self":[{"href":"https:\/\/imais.online\/portal\/wp-json\/wp\/v2\/posts\/729","targetHints":{"allow":["GET"]}}],"collection":[{"href":"https:\/\/imais.online\/portal\/wp-json\/wp\/v2\/posts"}],"about":[{"href":"https:\/\/imais.online\/portal\/wp-json\/wp\/v2\/types\/post"}],"author":[{"embeddable":true,"href":"https:\/\/imais.online\/portal\/wp-json\/wp\/v2\/users\/6"}],"replies":[{"embeddable":true,"href":"https:\/\/imais.online\/portal\/wp-json\/wp\/v2\/comments?post=729"}],"version-history":[{"count":1,"href":"https:\/\/imais.online\/portal\/wp-json\/wp\/v2\/posts\/729\/revisions"}],"predecessor-version":[{"id":731,"href":"https:\/\/imais.online\/portal\/wp-json\/wp\/v2\/posts\/729\/revisions\/731"}],"wp:featuredmedia":[{"embeddable":true,"href":"https:\/\/imais.online\/portal\/wp-json\/wp\/v2\/media\/730"}],"wp:attachment":[{"href":"https:\/\/imais.online\/portal\/wp-json\/wp\/v2\/media?parent=729"}],"wp:term":[{"taxonomy":"category","embeddable":true,"href":"https:\/\/imais.online\/portal\/wp-json\/wp\/v2\/categories?post=729"},{"taxonomy":"post_tag","embeddable":true,"href":"https:\/\/imais.online\/portal\/wp-json\/wp\/v2\/tags?post=729"}],"curies":[{"name":"wp","href":"https:\/\/api.w.org\/{rel}","templated":true}]}}