{"id":7332,"date":"2022-06-16T17:20:15","date_gmt":"2022-06-16T20:20:15","guid":{"rendered":"https:\/\/imais.online\/portal\/?p=7332"},"modified":"2022-06-16T17:20:17","modified_gmt":"2022-06-16T20:20:17","slug":"mostra-de-filmes-no-casarao-recebe-producoes-locais-e-da-regiao","status":"publish","type":"post","link":"https:\/\/imais.online\/portal\/mostra-de-filmes-no-casarao-recebe-producoes-locais-e-da-regiao\/","title":{"rendered":"Mostra de Filmes no Casar\u00e3o recebe produ\u00e7\u00f5es locais e da regi\u00e3o"},"content":{"rendered":"<div class=\"imais-before-content-placement\" id=\"imais-2222901728\"><script async src=\"\/\/pagead2.googlesyndication.com\/pagead\/js\/adsbygoogle.js?client=ca-pub-8787528412751566\" crossorigin=\"anonymous\"><\/script><ins class=\"adsbygoogle\" style=\"display:block;\" data-ad-client=\"ca-pub-8787528412751566\" \ndata-ad-slot=\"\" \ndata-ad-format=\"auto\"><\/ins>\n<script> \n(adsbygoogle = window.adsbygoogle || []).push({}); \n<\/script>\n<\/div>\n<p class=\"has-text-align-center\"><em>Evento acontece de 20 a 24 de junho com entrada gratuita e retirada de ingressos<\/em><\/p>\n\n\n\n<p>Entre os dias 20 a 24 de junho, a primeira edi\u00e7\u00e3o da Mostra de Filmes no Casar\u00e3o re\u00fane seis produ\u00e7\u00f5es que ser\u00e3o exibidas na Tulha. Entre elas, duas produ\u00e7\u00f5es locais e mais tr\u00eas da regi\u00e3o, al\u00e9m do filme <em>Cidade de Deus<\/em>, que integra a programa\u00e7\u00e3o mensal do Pontos MIS, projeto em parceria com o Museu da Imagem e do Som.<\/p>\n\n\n\n<p>As exibi\u00e7\u00f5es t\u00eam entrada franca e a distribui\u00e7\u00e3o dos 50 ingressos dispon\u00edveis para cada sess\u00e3o come\u00e7a uma hora antes de cada exibi\u00e7\u00e3o. A realiza\u00e7\u00e3o \u00e9 da Prefeitura de Indaiatuba, por meio da Secretaria Municipal de Cultura, e Nando Almeida, com produ\u00e7\u00e3o de Bendita Maria.<\/p>\n\n\n\n<p>\u201cA Mostra de Filmes no Casar\u00e3o chega para prestigiarmos a produ\u00e7\u00e3o audiovisual em Indaiatuba e tamb\u00e9m para fomentarmos a forma\u00e7\u00e3o de p\u00fablico, com cursos e debates\u201d, destaca a secret\u00e1ria municipal de Cultura, T\u00e2nia Castanho. \u201cTemos grandes talentos na cidade e regi\u00e3o, por isso, a Mostra chega para estreitarmos la\u00e7os entre produtores e p\u00fablico\u201d.<\/p>\n\n\n\n<p>Ator e produtor com mais de 20 espet\u00e1culos teatrais no curr\u00edculo, al\u00e9m de trabalhos em publicidade e cinema, Nando Almeida \u00e9 um dos realizadores da Mostra. \u201cTrabalho com cinema e teatro h\u00e1 bastante tempo aqui na regi\u00e3o, por isso, conhe\u00e7o diversos artistas e produtoras. No in\u00edcio do ano, dois amigos meus, de Campinas e Paul\u00ednia, me procuraram buscando um local para exibirem seus filmes\u201d, conta.<\/p>\n\n\n\n<p>\u201cEu havia acabado de finalizar a webs\u00e9rie <em>Bunker<\/em> e feito um corte para transform\u00e1-la em curta-metragem. Al\u00e9m disso, trabalhei na produ\u00e7\u00e3o de <em>Sonho Sertanejo<\/em>, com o Moa Almeida. Foi ent\u00e3o que bolamos um projeto para exibi\u00e7\u00e3o destes filmes e procurei a Secretaria Municipal de Cultura, para promovermos essas exibi\u00e7\u00f5es para o p\u00fablico\u201d, finaliza.<\/p>\n\n\n\n<p>O objetivo, segundo o ator e produtor, \u00e9 exibir o trabalho dos atores e produtores locais, al\u00e9m de realizar bate-papos com o p\u00fablico, no intuito de fomentar este p\u00fablico e atrair novos talentos para a \u00e1rea. \u201cTeremos pipoca gratuita para quem for assistir aos filmes e um bate-papo ap\u00f3s a exibi\u00e7\u00e3o com elenco e dire\u00e7\u00e3o, mediado pela jornalista Fernanda Bugallo\u201d, revela Nando.<\/p>\n\n\n\n<p>Nando convida a popula\u00e7\u00e3o a prestigiar os filmes da Mostra. \u201cTemos muita gente produzindo bom conte\u00fado em Indaiatuba e regi\u00e3o. Por isso, todos est\u00e3o convidados a prestigiar e participar deste momento\u201d, enfatiza. \u201cTemos drama, suspense, com\u00e9dia, document\u00e1rio, em um trabalho competente de cinema independente, estreitando o la\u00e7o entre plateia e produtores audiovisuais\u201d.<\/p>\n\n\n\n<p>Confira abaixo a programa\u00e7\u00e3o e um resumo de cada produ\u00e7\u00e3o que integra a Mostra de Filmes. O Casar\u00e3o Pau Preto est\u00e1 localizado na Rua Pedro Gon\u00e7alves, 477, Centro. Mais informa\u00e7\u00f5es pelo telefone (19) 3875-8383.<\/p>\n\n\n\n<p><strong>20 de junho \u2013 19h30<\/strong><\/p>\n\n\n\n<p><strong>Bunker (Suspense)<\/strong><\/p>\n\n\n\n<p>Renan, Edu e Marcelo est\u00e3o h\u00e1 dois anos isolados dentro de um bunker em um mundo p\u00f3s-pand\u00eamico. Mas a pandemia acabou e eles ainda n\u00e3o tiveram coragem de abrir a porta para retomar suas vidas. Tudo que \u00e9 externo provoca medo e caos psicol\u00f3gico. Um jogo de suspense onde viver \u00e9 a \u00fanica op\u00e7\u00e3o.&nbsp;<\/p>\n\n\n\n<p><strong>Dura\u00e7\u00e3o: <\/strong>33 minutos<br><strong>Classifica\u00e7\u00e3o indicativa<\/strong>: 12 anos<br><strong>Roteiro: <\/strong>Chic\u00f3 Ferreira e Nando Almeida<br><strong>Dire\u00e7\u00e3o: <\/strong>Chic\u00f3 Ferreira<br><strong>Produ\u00e7\u00e3o e P\u00f3s-Produ\u00e7\u00e3o: <\/strong>M7 Studios e Moa Almeida<br><strong>Elenco: <\/strong>Nando Almeida, Chic\u00f3 Ferreira e Andr\u00e9 Almeida<\/p>\n\n\n\n<p><strong>21 de junho \u2013 19h30<\/strong><\/p>\n\n\n\n<p><strong>Sonho Sertanejo (Com\u00e9dia)<\/strong><\/p>\n\n\n\n<p>Z\u00e9 Botina e Maria In\u00eas trabalham numa fazenda, como caseiro e cozinheira. Apaixonados por m\u00fasica sertaneja, convivem com o descr\u00e9dito de quem n\u00e3o acredita no sonho do casal de ganhar a vida com a m\u00fasica. Em certo dia, algo inesperado acontece: Z\u00e9 \u00e9 acusado de roubo. Chateado, o caboclo \u00e9 obrigado a buscar outro emprego. Mas Maria In\u00eas permanece na fazenda para investigar e desvendar o mist\u00e9rio.<\/p>\n\n\n\n<p><strong>Dura\u00e7\u00e3o<\/strong>: 53 minutos<br><strong>Classifica\u00e7\u00e3o indicativa<\/strong>: Livre<br><strong>Roteiro, Dire\u00e7\u00e3o e Produ\u00e7\u00e3o<\/strong>: Moa Almeida<br><strong>Formata\u00e7\u00e3o e Revis\u00e3o de Roteiro<\/strong>: Udashi (F\u00e1bio Augusto)<br><strong>Produ\u00e7\u00e3o Executiva<\/strong>: Bianca Melo<br><strong>P\u00f3s<\/strong>&#8211;<strong>Produ\u00e7\u00e3o<\/strong>: M7 Studios<br><strong>Elenco<\/strong>: Moa Almeida, Bianca Melo, Chic\u00f3 Ferreira, Nando Almeida, Cleber Gon\u00e7alves, Bete Bastos, Edu Mattos, Andr\u00e9 Chiaroni, Agnaldo Ara\u00fajo, Cris Santos e Giulia Agg<br><strong>Produ\u00e7\u00e3o Musical<\/strong>: Matheus Catelani e Giulia Agg<\/p>\n\n\n\n<p><strong>22 de junho \u2013 19h30<\/strong><\/p>\n\n\n\n<p><strong>Assassinatos na Rua do Porto (Drama)<\/strong><\/p>\n\n\n\n<p>Uma s\u00e9rie de assassinatos de mulheres em um parque p\u00fablico assusta uma comunidade, mas o administrador do espa\u00e7o procura convencer o detetive Riedo que nada acontece no lugar. Mas uma moradora de rua pode mudar essa hist\u00f3ria. Quais mist\u00e9rios envolvem os assassinatos na Rua do Porto?<\/p>\n\n\n\n<p>Dura\u00e7\u00e3o: 75 minutos<br>Classifica\u00e7\u00e3o indicativa: 12 anos<br>Roteiro e Dire\u00e7\u00e3o: Nic Nilson<br>Produ\u00e7\u00e3o: Cine On Digital, TFilms e Teatro de Pano<br>Elenco: Ton Crivelaro, T\u00e2nia Guinatti e Tadeu Menezes<\/p>\n\n\n\n<p><strong>23 de junho \u2013 19h<\/strong><\/p>\n\n\n\n<p><strong>PONTOS MIS \u2013 Cidade de Deus (Mostra Cinema Brasileiro)<\/strong><\/p>\n\n\n\n<p>Filme que marcou \u00e9poca na hist\u00f3ria do cinema brasileiro, baseado no romance de Paulo Lins, \u00e9 uma saga urbana que acompanha o crescimento do conjunto habitacional de Cidade de Deus, entre o fim dos anos 60 e o come\u00e7o dos anos 80, pelo olhar de dois jovens que moram na comunidade: Buscap\u00e9, que sonha se tornar fot\u00f3grafo, e Dadinho, que se torna um dos maiores traficantes do Rio de Janeiro.<\/p>\n\n\n\n<p>Nos anos 70, Dadinho muda o nome para Z\u00e9 Pequeno e passa a controlar o tr\u00e1fico de drogas. Nos anos 80, encontra um rival: Man\u00e9 Galinha, que quer vingan\u00e7a. Estoura a guerra na Cidade de Deus. Nesse meio tempo, Buscap\u00e9, que sempre sonhou ser fot\u00f3grafo, consegue sua primeira c\u00e2mera profissional. Registrar esta guerra ser\u00e1 a grande chance de sua vida.<\/p>\n\n\n\n<p><strong>Dura\u00e7\u00e3o: 130 minutos<\/strong><strong><br>Classifica\u00e7\u00e3o indicativa: 16 anos<br>Dire\u00e7\u00e3o:<\/strong>&nbsp;Fernando Meirelles, K\u00e1tia Lund<br><strong>Dire\u00e7\u00e3o de fotografia:<\/strong>&nbsp;C\u00e9sar Charlone<br><strong>Dire\u00e7\u00e3o de arte:<\/strong>&nbsp;Tul\u00e9 Peake<br><strong>Montagem:<\/strong>&nbsp;Daniel Resende<br><strong>Elenco<\/strong>: Alexandre Rodrigues, Leandro Firmino, Douglas Silva, Phellipe Haagensen, Jonathan Haagensen, Matheus Nachtergaele, Seu Jorge e Alice Braga<\/p>\n\n\n\n<p><strong>24 de junho \u2013 19h30<\/strong><\/p>\n\n\n\n<p><strong>A \u00daltima Transmiss\u00e3o (Drama)<\/strong><\/p>\n\n\n\n<p>Curta ambientando na Campinas dos anos 90, conta a hist\u00f3ria do \u00faltimo dia de vida do folcl\u00f3rico jornalista esportivo Brasil de Oliveira (1950-1996), que marcou a hist\u00f3ria do jornalismo e do r\u00e1dio esportivo no interior do Estado e explora aspectos de sua vida p\u00fablica e privada, em uma homenagem ao personagem e ao futebol do interior paulista.<\/p>\n\n\n\n<p><strong>Dura\u00e7\u00e3o<\/strong>: 15 minutos<br><strong>Classifica\u00e7\u00e3o indicativa<\/strong>: Livre<br><strong>Dire\u00e7\u00e3o<\/strong>: Helen Quintans<br><strong>Roteiro, Edi\u00e7\u00e3o e Coloriza\u00e7\u00e3o<\/strong>: Fl\u00e1vio Carnielli<br><strong>Assistente de Dire\u00e7\u00e3o<\/strong>: Duda Wilhelm<br><strong>Assistente de Produ\u00e7\u00e3o<\/strong>: Renato Magalh\u00e3es<br><strong>Imagens A\u00e9reas<\/strong>: Sylvio Zanetti<br><strong>Dire\u00e7\u00e3o de Fotografia, Artes e Figurinos<\/strong>: Helen Quintans<br><strong>C\u00e2mera<\/strong>: Elnio Junior<br><strong>Caracteriza\u00e7\u00e3o<\/strong>: Jaqueline Ramirez<br><strong>Som e M\u00fasica Original<\/strong>: Guga Louren\u00e7o<br><strong>Maquiagem<\/strong>: J\u00falia Nogueira<br><strong>Arte Gr\u00e1fica<\/strong>: Beto de Vuono<br><strong>Produ\u00e7\u00e3o<\/strong>: Fl\u00e1vio Carnielli e Hamilton Rosa Jr.<br><strong>Produ\u00e7\u00e3o Executiva<\/strong>: Reginaldo Menegazzo<br><strong>Elenco<\/strong>: Wander Moliani, Caio Magalh\u00e3es, Wagner Kamp\u00fdnas, Nando Almeida, Gustavo Fraccaro, Sebasti\u00e3o Polaco e Pedro Pauleey<br><strong>Participa\u00e7\u00e3o Especial<\/strong>: Carlos Batista<br><strong>Vozes<\/strong>: Alberto C\u00e9sar Iralah e Jos\u00e9 Arnaldo<\/p>\n\n\n\n<p><strong>24 de junho \u2013 19h50<\/strong><\/p>\n\n\n\n<p><strong>O Entalhe do Sert\u00e3o: A Arte de J. Borges (Document\u00e1rio)<\/strong><\/p>\n\n\n\n<p>Document\u00e1rio aborda o trabalho em xilogravura do artista J. Borges. A xilogravura \u00e9 uma das principais manifesta\u00e7\u00f5es da cultura popular do Nordeste brasileiro. O curta apresenta ainda poemas do cordelista Samuel de Monteiro, declamados pelo poeta Chico Pedrosa. <strong>Dura\u00e7\u00e3o<\/strong>: 16 minutos<br><strong>Classifica\u00e7\u00e3o indicativa<\/strong>: Livre<br><strong>Roteiro e Dire\u00e7\u00e3o<\/strong>: Helen Quintans<br><strong>Texto<\/strong>: Samuel de Monteiro<br><strong>Locu\u00e7\u00e3o<\/strong>: Chico Pedrosa<br><strong>Trilha Sonora Original<\/strong>: Asa Branca do Cear\u00e1<br><strong>Dire\u00e7\u00e3o de Fotografia<\/strong>: Asley Ravel<br><strong>Edi\u00e7\u00e3o<\/strong>: Fl\u00e1vio Carnielli<br><strong>Mixagem<\/strong>: Paulo Evans<\/p>\n","protected":false},"excerpt":{"rendered":"<p>Evento acontece de 20 a 24 de junho com entrada gratuita e retirada de ingressos Entre os dias 20 a 24 de junho, a primeira edi\u00e7\u00e3o da Mostra de Filmes no Casar\u00e3o re\u00fane seis produ\u00e7\u00f5es que ser\u00e3o exibidas na Tulha. Entre elas, duas produ\u00e7\u00f5es locais e mais tr\u00eas da regi\u00e3o, al\u00e9m do filme Cidade de [&hellip;]<\/p>\n","protected":false},"author":7,"featured_media":7333,"comment_status":"closed","ping_status":"open","sticky":false,"template":"","format":"standard","meta":{"rop_custom_images_group":[],"rop_custom_messages_group":[],"rop_publish_now":"initial","rop_publish_now_accounts":[],"rop_publish_now_history":[],"rop_publish_now_status":"pending","footnotes":""},"categories":[200,188],"tags":[],"class_list":["post-7332","post","type-post","status-publish","format-standard","has-post-thumbnail","hentry","category-cultura","category-indaiatuba"],"amp_enabled":true,"_links":{"self":[{"href":"https:\/\/imais.online\/portal\/wp-json\/wp\/v2\/posts\/7332","targetHints":{"allow":["GET"]}}],"collection":[{"href":"https:\/\/imais.online\/portal\/wp-json\/wp\/v2\/posts"}],"about":[{"href":"https:\/\/imais.online\/portal\/wp-json\/wp\/v2\/types\/post"}],"author":[{"embeddable":true,"href":"https:\/\/imais.online\/portal\/wp-json\/wp\/v2\/users\/7"}],"replies":[{"embeddable":true,"href":"https:\/\/imais.online\/portal\/wp-json\/wp\/v2\/comments?post=7332"}],"version-history":[{"count":1,"href":"https:\/\/imais.online\/portal\/wp-json\/wp\/v2\/posts\/7332\/revisions"}],"predecessor-version":[{"id":7334,"href":"https:\/\/imais.online\/portal\/wp-json\/wp\/v2\/posts\/7332\/revisions\/7334"}],"wp:featuredmedia":[{"embeddable":true,"href":"https:\/\/imais.online\/portal\/wp-json\/wp\/v2\/media\/7333"}],"wp:attachment":[{"href":"https:\/\/imais.online\/portal\/wp-json\/wp\/v2\/media?parent=7332"}],"wp:term":[{"taxonomy":"category","embeddable":true,"href":"https:\/\/imais.online\/portal\/wp-json\/wp\/v2\/categories?post=7332"},{"taxonomy":"post_tag","embeddable":true,"href":"https:\/\/imais.online\/portal\/wp-json\/wp\/v2\/tags?post=7332"}],"curies":[{"name":"wp","href":"https:\/\/api.w.org\/{rel}","templated":true}]}}