{"id":7342,"date":"2022-06-17T13:40:17","date_gmt":"2022-06-17T16:40:17","guid":{"rendered":"https:\/\/imais.online\/portal\/?p=7342"},"modified":"2022-06-17T13:40:28","modified_gmt":"2022-06-17T16:40:28","slug":"oficina-para-producao-de-curtas-metragens-com-celular-tem-inscricoes-abertas","status":"publish","type":"post","link":"https:\/\/imais.online\/portal\/oficina-para-producao-de-curtas-metragens-com-celular-tem-inscricoes-abertas\/","title":{"rendered":"Oficina para produ\u00e7\u00e3o de curtas-metragens com celular tem inscri\u00e7\u00f5es abertas"},"content":{"rendered":"<div class=\"imais-before-content-placement\" id=\"imais-612679816\"><script async src=\"\/\/pagead2.googlesyndication.com\/pagead\/js\/adsbygoogle.js?client=ca-pub-8787528412751566\" crossorigin=\"anonymous\"><\/script><ins class=\"adsbygoogle\" style=\"display:block;\" data-ad-client=\"ca-pub-8787528412751566\" \ndata-ad-slot=\"\" \ndata-ad-format=\"auto\"><\/ins>\n<script> \n(adsbygoogle = window.adsbygoogle || []).push({}); \n<\/script>\n<\/div>\n<p><em>Atividade integra programa\u00e7\u00e3o da Mostra de Filmes no Casar\u00e3o<\/em><\/p>\n\n\n\n<p>Parte integrante da programa\u00e7\u00e3o da Mostra de Filmes no Casar\u00e3o, a oficina&nbsp;<em>Produ\u00e7\u00e3o de Curta com Celular&nbsp;<\/em>acontece dia 25 de junho, das 8h \u00e0s 14h30, sob comando dos diretores Fl\u00e1vio Carnielli e Helen Quintans. Ser\u00e3o disponibilizadas 30 vagas e a inscri\u00e7\u00e3o \u00e9 gratuita e online. Podem participar maiores de 16 anos e o \u00fanico equipamento solicitado \u00e9 um celular com c\u00e2mera.<\/p>\n\n\n\n<p>\u201cOs celulares democratizaram a produ\u00e7\u00e3o de cinema. Agora, chegou a sua vez de produzir um curta usando nada mais que seu celular e a sua criatividade\u201d, convidam Fl\u00e1vio Carnielli e Helen Quintans.&nbsp;<\/p>\n\n\n\n<p>A oficina \u00e9 dividida em quatro partes, com as diversas etapas que envolvem a produ\u00e7\u00e3o de um curta. Na primeira delas, os participantes algumas dicas simples, por\u00e9m necess\u00e1rias, para operar a c\u00e2mera e o \u00e1udio do celular. Al\u00e9m disso, conferem curtas premiados no&nbsp;<em>Festival do Minuto<\/em>.&nbsp;<\/p>\n\n\n\n<p>A segunda parte \u00e9 voltada para a elabora\u00e7\u00e3o de um roteiro, com dicas sobre estrutura, constru\u00e7\u00e3o da hist\u00f3ria, caracter\u00edsticas do curta e como atrair o interesse do espectador. Na terceira parte, os participantes formam grupos e elaboram seus roteiros para, na parte final da oficina, gravarem seus curtas-metragens.<\/p>\n\n\n\n<p>Os curtas durante a oficina ser\u00e3o entregues aos ministrantes, que far\u00e3o uma edi\u00e7\u00e3o final e apontamentos sobre o trabalho entregue, que pode ser posteriormente exibido em Mostras ou disponibilizado virtualmente.<\/p>\n\n\n\n<p><strong>Ministrantes<\/strong><\/p>\n\n\n\n<p>Fl\u00e1vio Carnielli \u00e9 um premiado diretor de terror do Brasil. Seus curtas circularam o mundo e receberam mais de uma dezena de pr\u00eamios, como&nbsp;<em>Eternidade<\/em>&nbsp;(2016), dispon\u00edvel no canal Prime Box Brazil e finalista do Festival Internacional de Cine Silente do M\u00e9xico;&nbsp;<em>Boneca<\/em>&nbsp;(2019), finalista do BUT Film Festival, da Holanda; e&nbsp;<em>Ant\u00f4nia<\/em>&nbsp;(2020), vencedor de melhor curta internacional no MorceGO Vermelho Goi\u00e1s Horror Film Festival e licenciado para o circuito \u201cO Novo Cinema de Terror Brasileiro\u201d do Ita\u00fa Cultural.<\/p>\n\n\n\n<p>Seu longa&nbsp;<em>F\u00f3rmula Selvagem<\/em>&nbsp;(2021) foi licenciado pelo Governo de S\u00e3o Paulo via Proac 49\/2021 e foi selecionado nos festivais Horror Realm Com (EUA), Weekend Horror (Alemanha) e BAFICI (Buenos Aires Festival Internacional de Cine Independiente), um dos principais festivais de cinema da Am\u00e9rica Latina.<strong><\/strong><\/p>\n\n\n\n<p>Helen Quintans atua em diversas fun\u00e7\u00f5es no cinema. Como diretora, realizou o document\u00e1rio&nbsp;<em>O Entalhe do Sert\u00e3o \u2013 A Arte de J. Borges<\/em>, exibido na rede Sesc e no MIS S\u00e3o Paulo e o curta-metragem&nbsp;<em>A \u00daltima Transmiss\u00e3o<\/em>.<\/p>\n\n\n\n<p>Como diretora de fotografia, recebeu o Pr\u00eamio Macaquinho Dourado do IV Festcine Pinhais de melhor dire\u00e7\u00e3o pelo curta&nbsp;<em>O Livro da Salva\u00e7\u00e3o<\/em>&nbsp;e os pr\u00eamios de melhor fotografia pelo curta&nbsp;<em>Ant\u00f4nia<\/em>&nbsp;nos festivais Caruaru, FACI Festival e MorceGO Vermelho, al\u00e9m da men\u00e7\u00e3o honrosa no FESTCIMM.<\/p>\n\n\n\n<p>Como diretora de arte, recebeu o pr\u00eamio da cr\u00edtica Associa\u00e7\u00e3o de Cr\u00edticos de Cinema do Rio Grande do Norte pelo curta&nbsp;<em>Caic\u00f3<\/em>&nbsp;(2020). A realiza\u00e7\u00e3o \u00e9 da Prefeitura de Indaiatuba, por meio da Secretaria Municipal de Cultura.<\/p>\n\n\n\n<p><strong>Oficina&nbsp;<em>Produ\u00e7\u00e3o de Curta com Celular<\/em><\/strong><\/p>\n\n\n\n<p><strong>Com<\/strong>: Fl\u00e1vio Carnielli e Helen Quintans<br><strong>Data<\/strong>: 25 de junho<br><strong>Hor\u00e1rio<\/strong>: 8h \u00e0s 14h30<br><strong>Local<\/strong>: Casar\u00e3o Pau Preto<br><strong>Endere\u00e7o<\/strong>: Rua Pedro Gon\u00e7alves, 477, Centro<br><strong>Inscri\u00e7\u00f5es gratuitas<\/strong>:\u00a0https:\/\/forms.gle\/Y6U5mPZizGktAmZp9<\/p>\n\n\n\n<p><\/p>\n","protected":false},"excerpt":{"rendered":"<p>Atividade integra programa\u00e7\u00e3o da Mostra de Filmes no Casar\u00e3o Parte integrante da programa\u00e7\u00e3o da Mostra de Filmes no Casar\u00e3o, a oficina&nbsp;Produ\u00e7\u00e3o de Curta com Celular&nbsp;acontece dia 25 de junho, das 8h \u00e0s 14h30, sob comando dos diretores Fl\u00e1vio Carnielli e Helen Quintans. Ser\u00e3o disponibilizadas 30 vagas e a inscri\u00e7\u00e3o \u00e9 gratuita e online. Podem participar [&hellip;]<\/p>\n","protected":false},"author":8,"featured_media":7344,"comment_status":"closed","ping_status":"open","sticky":false,"template":"","format":"standard","meta":{"rop_custom_images_group":[],"rop_custom_messages_group":[],"rop_publish_now":"initial","rop_publish_now_accounts":[],"rop_publish_now_history":[],"rop_publish_now_status":"pending","footnotes":""},"categories":[188],"tags":[],"class_list":["post-7342","post","type-post","status-publish","format-standard","has-post-thumbnail","hentry","category-indaiatuba"],"amp_enabled":true,"_links":{"self":[{"href":"https:\/\/imais.online\/portal\/wp-json\/wp\/v2\/posts\/7342","targetHints":{"allow":["GET"]}}],"collection":[{"href":"https:\/\/imais.online\/portal\/wp-json\/wp\/v2\/posts"}],"about":[{"href":"https:\/\/imais.online\/portal\/wp-json\/wp\/v2\/types\/post"}],"author":[{"embeddable":true,"href":"https:\/\/imais.online\/portal\/wp-json\/wp\/v2\/users\/8"}],"replies":[{"embeddable":true,"href":"https:\/\/imais.online\/portal\/wp-json\/wp\/v2\/comments?post=7342"}],"version-history":[{"count":1,"href":"https:\/\/imais.online\/portal\/wp-json\/wp\/v2\/posts\/7342\/revisions"}],"predecessor-version":[{"id":7345,"href":"https:\/\/imais.online\/portal\/wp-json\/wp\/v2\/posts\/7342\/revisions\/7345"}],"wp:featuredmedia":[{"embeddable":true,"href":"https:\/\/imais.online\/portal\/wp-json\/wp\/v2\/media\/7344"}],"wp:attachment":[{"href":"https:\/\/imais.online\/portal\/wp-json\/wp\/v2\/media?parent=7342"}],"wp:term":[{"taxonomy":"category","embeddable":true,"href":"https:\/\/imais.online\/portal\/wp-json\/wp\/v2\/categories?post=7342"},{"taxonomy":"post_tag","embeddable":true,"href":"https:\/\/imais.online\/portal\/wp-json\/wp\/v2\/tags?post=7342"}],"curies":[{"name":"wp","href":"https:\/\/api.w.org\/{rel}","templated":true}]}}