{"id":735,"date":"2021-08-16T17:20:12","date_gmt":"2021-08-16T20:20:12","guid":{"rendered":"https:\/\/imais.online\/portal\/?p=735"},"modified":"2021-08-16T17:20:15","modified_gmt":"2021-08-16T20:20:15","slug":"secretaria-de-saude-aplica-2a-dose-da-coronavac-no-publico-que-recebeu-a-1a-dose-ate-24-de-julho-na-terca-e-quarta-17-e-18","status":"publish","type":"post","link":"https:\/\/imais.online\/portal\/secretaria-de-saude-aplica-2a-dose-da-coronavac-no-publico-que-recebeu-a-1a-dose-ate-24-de-julho-na-terca-e-quarta-17-e-18\/","title":{"rendered":"Secretaria de Sa\u00fade aplica 2\u00aa dose da CoronaVac no p\u00fablico que recebeu a 1\u00aa dose at\u00e9 24 de julho na ter\u00e7a e quarta (17 e 18)"},"content":{"rendered":"<div class=\"imais-before-content-placement\" id=\"imais-11179905\"><script async src=\"\/\/pagead2.googlesyndication.com\/pagead\/js\/adsbygoogle.js?client=ca-pub-8787528412751566\" crossorigin=\"anonymous\"><\/script><ins class=\"adsbygoogle\" style=\"display:block;\" data-ad-client=\"ca-pub-8787528412751566\" \ndata-ad-slot=\"\" \ndata-ad-format=\"auto\"><\/ins>\n<script> \n(adsbygoogle = window.adsbygoogle || []).push({}); \n<\/script>\n<\/div>\n<p>A Prefeitura de Indaiatuba por meio da Secretaria Municipal de Sa\u00fade convocou para ter\u00e7a e quarta-feira (17 e 18), para receber o refor\u00e7o vacinal, o p\u00fablico imunizado com a 1\u00aa dose da vacina contra a Covid-19 at\u00e9 24 de julho da marca CoronaVac.<\/p>\n\n\n\n<p>A vacina\u00e7\u00e3o ocorre no Centro Esportivo do Trabalhador, localizado na Avenida Concei\u00e7\u00e3o, 1885 \u2013 Cidade Nova 2, das 9h \u00e0s 18h.<\/p>\n\n\n\n<p>Devido \u00e0 quantidade de pessoas ser expressiva, \u00e9 necess\u00e1rio respeitar dia e hor\u00e1rio da convoca\u00e7\u00e3o enviada no e-mail cadastrado ou obtida na plataforma Minha Vacina, no site da Prefeitura.<\/p>\n\n\n\n<p>No ato da vacina\u00e7\u00e3o \u00e9 obrigat\u00f3rio apresentar o QRcode de convoca\u00e7\u00e3o, um documento com foto (RG, CPF ou CNH) e comprovante de endere\u00e7o (IPTU, conta de \u00e1gua ou luz) no nome da pessoa a ser vacinada. Caso n\u00e3o possua, pode ser apresentado contrato de aluguel ou documento que comprove o parentesco com o titular.<\/p>\n\n\n\n<p>O QRcode de convoca\u00e7\u00e3o pode ser obtido na plataforma Minha Vacina no site da Prefeitura atrav\u00e9s do link https:\/\/vacinacao.indaiatuba.sp.gov.br\/login ou na caixa de entrada do e-mail cadastrado. \u00c9 sempre importante checar se o e-mail n\u00e3o caiu na pasta spam ou lixo eletr\u00f4nico.<\/p>\n\n\n\n<p>A Prefeitura solicita que sejam respeitados os dias e hor\u00e1rios para que n\u00e3o haja filas e nem aglomera\u00e7\u00e3o.<\/p>\n\n\n\n<p>D\u00daVIDAS<\/p>\n\n\n\n<p>WhatsApp Sa\u00fade (19) 9 9779-3856<\/p>\n\n\n\n<p>0800 \u2013 770 \u2013 7702<\/p>\n\n\n\n<p>SERVI\u00c7O<\/p>\n\n\n\n<p>Vacina\u00e7\u00e3o Covid-19 \u2013 2\u00aa Dose CoronaVac<\/p>\n\n\n\n<p>Data: 17 e 18\/08\/2021;<\/p>\n\n\n\n<p>Hor\u00e1rio: 9h \u00e0s 18h;<\/p>\n\n\n\n<p>Local: Centro Esportivo do Trabalhador \u2013 Av. Concei\u00e7\u00e3o, 1885 \u2013 Cidade Nova 2;<\/p>\n\n\n\n<p>Grupo: 2\u00aa dose CoronaVac para pessoas imunizadas com a 1\u00aa at\u00e9 24 de julho.<\/p>\n\n\n\n<p>Obrigat\u00f3rio: QRcode de convoca\u00e7\u00e3o (obtido na plataforma Minha Vacina no site da Prefeitura), documento com foto e comprovante de endere\u00e7o (IPTU, conta de \u00e1gua ou luz).<\/p>\n\n\n\n<p>Foto: Eliandro Figueira RIC\/PMI<\/p>\n","protected":false},"excerpt":{"rendered":"<p>A Prefeitura de Indaiatuba por meio da Secretaria Municipal de Sa\u00fade convocou para ter\u00e7a e quarta-feira (17 e 18), para receber o refor\u00e7o vacinal, o p\u00fablico imunizado com a 1\u00aa dose da vacina contra a Covid-19 at\u00e9 24 de julho da marca CoronaVac. A vacina\u00e7\u00e3o ocorre no Centro Esportivo do Trabalhador, localizado na Avenida Concei\u00e7\u00e3o, [&hellip;]<\/p>\n","protected":false},"author":8,"featured_media":736,"comment_status":"closed","ping_status":"open","sticky":false,"template":"","format":"standard","meta":{"rop_custom_images_group":[],"rop_custom_messages_group":[],"rop_publish_now":"initial","rop_publish_now_accounts":[],"rop_publish_now_history":[],"rop_publish_now_status":"pending","footnotes":""},"categories":[190],"tags":[],"class_list":["post-735","post","type-post","status-publish","format-standard","has-post-thumbnail","hentry","category-covid"],"amp_enabled":true,"_links":{"self":[{"href":"https:\/\/imais.online\/portal\/wp-json\/wp\/v2\/posts\/735","targetHints":{"allow":["GET"]}}],"collection":[{"href":"https:\/\/imais.online\/portal\/wp-json\/wp\/v2\/posts"}],"about":[{"href":"https:\/\/imais.online\/portal\/wp-json\/wp\/v2\/types\/post"}],"author":[{"embeddable":true,"href":"https:\/\/imais.online\/portal\/wp-json\/wp\/v2\/users\/8"}],"replies":[{"embeddable":true,"href":"https:\/\/imais.online\/portal\/wp-json\/wp\/v2\/comments?post=735"}],"version-history":[{"count":1,"href":"https:\/\/imais.online\/portal\/wp-json\/wp\/v2\/posts\/735\/revisions"}],"predecessor-version":[{"id":737,"href":"https:\/\/imais.online\/portal\/wp-json\/wp\/v2\/posts\/735\/revisions\/737"}],"wp:featuredmedia":[{"embeddable":true,"href":"https:\/\/imais.online\/portal\/wp-json\/wp\/v2\/media\/736"}],"wp:attachment":[{"href":"https:\/\/imais.online\/portal\/wp-json\/wp\/v2\/media?parent=735"}],"wp:term":[{"taxonomy":"category","embeddable":true,"href":"https:\/\/imais.online\/portal\/wp-json\/wp\/v2\/categories?post=735"},{"taxonomy":"post_tag","embeddable":true,"href":"https:\/\/imais.online\/portal\/wp-json\/wp\/v2\/tags?post=735"}],"curies":[{"name":"wp","href":"https:\/\/api.w.org\/{rel}","templated":true}]}}