{"id":7384,"date":"2022-06-19T16:41:51","date_gmt":"2022-06-19T19:41:51","guid":{"rendered":"https:\/\/imais.online\/portal\/?p=7384"},"modified":"2022-06-19T16:41:53","modified_gmt":"2022-06-19T19:41:53","slug":"sinfonica-de-indaiatuba-apresenta-obra-de-mozart-em-concerto-gratuito","status":"publish","type":"post","link":"https:\/\/imais.online\/portal\/sinfonica-de-indaiatuba-apresenta-obra-de-mozart-em-concerto-gratuito\/","title":{"rendered":"Sinf\u00f4nica de Indaiatuba apresenta obra de Mozart em concerto gratuito"},"content":{"rendered":"<div class=\"imais-before-content-placement\" id=\"imais-2427769915\"><script async src=\"\/\/pagead2.googlesyndication.com\/pagead\/js\/adsbygoogle.js?client=ca-pub-8787528412751566\" crossorigin=\"anonymous\"><\/script><ins class=\"adsbygoogle\" style=\"display:block;\" data-ad-client=\"ca-pub-8787528412751566\" \ndata-ad-slot=\"\" \ndata-ad-format=\"auto\"><\/ins>\n<script> \n(adsbygoogle = window.adsbygoogle || []).push({}); \n<\/script>\n<\/div>\n<p class=\"has-text-align-center\"><em>A pe\u00e7a Requiem ser\u00e1 executada em conjunto com o Coro Contempor\u00e2neo de Campinas<\/em><\/p>\n\n\n\n<p>A <a href=\"http:\/\/www.orquestradeindaiatuba.org.br\/\" target=\"_blank\" rel=\"noreferrer noopener\"><strong>Orquestra Sinf\u00f4nica de Indaiatuba<\/strong><\/a>&nbsp;apresenta, no pr\u00f3ximo dia 24, a obra <em><strong>Requiem<\/strong><\/em>, de <strong>Mozart<\/strong> \u2014 em conjunto com o <strong>Coro Contempor\u00e2neo de Campinas.<\/strong> Em <strong>sess\u00e3o \u00fanica e gratuita<\/strong>, o concerto acontece \u00e0s 20h, na Sala Acr\u00edsio de Camargo, no CIAEI (Centro Integrado de Apoio \u00e0 Educa\u00e7\u00e3o de Indaiatuba). Para executar essa pe\u00e7a, que \u00e9 uma das \u00faltimas escritas pelo compositor austr\u00edaco, a reg\u00eancia e a dire\u00e7\u00e3o art\u00edstica s\u00e3o do maestro Paulo de Paula.<\/p>\n\n\n\n<p><strong>CURIOSIDADES <\/strong>Muitas hist\u00f3rias rodam o <em>Requiem<\/em> <em>mozartiano<\/em>. Mas antes, vale contextualizar: o termo <em>\u2018<a href=\"https:\/\/www.significados.com.br\/requiem\/\" target=\"_blank\" rel=\"noreferrer noopener\">requiem<\/a>\u2019<\/em> (em portugu\u00eas: r\u00e9quiem)&nbsp;\u00e9 usado para classificar obras lit\u00fargicas utilizadas em cerim\u00f4nias voltadas aos fi\u00e9is falecidos, costume que remonta \u00e0 Idade M\u00e9dia. Dizem que o <em>Requiem<\/em> de <a href=\"https:\/\/www.ebiografia.com\/wolfgang_amadeus_mozart\/\" target=\"_blank\" rel=\"noreferrer noopener\"><strong>Wolfgang Amadeus Mozart<\/strong><\/a>&nbsp;\u00e9 fruto de uma encomenda, pedida secretamente por um vi\u00favo aristocrata em homenagem a sua esposa. Mozart, que na \u00e9poca estava com a sa\u00fade bem debilitada, aceitou a proposta.<\/p>\n\n\n\n<p>Por\u00e9m, ainda que trabalhasse em seu leito de morte, ditando trechos ao seu disc\u00edpulo, <strong>Franz Xaver S\u00fcssmayr<\/strong>, o compositor deixou a obra incompleta. Ao que tudo indica, ap\u00f3s seu falecimento, em 1791, S\u00fcssmayr foi incumbido de finalizar o <em>Requiem,<\/em> a partir das diretrizes deixadas por seu mestre. Inclusive, para alguns, Mozart escreveu o <em>Requiem<\/em> pensando em si, pois estava certo de sua morte. No fim, embora essa narrativa seja curiosa, o que se sobressaiu foi a composi\u00e7\u00e3o, que se tornou um dos marcos da m\u00fasica ocidental.<\/p>\n\n\n\n<p><strong>GRUPO CONVIDADO<\/strong> Em conjunto com a Sinf\u00f4nica, se apresenta o <a href=\"https:\/\/www.corocontemporaneo.com.br\/\" target=\"_blank\" rel=\"noreferrer noopener\"><strong>Coro Contempor\u00e2neo de Campinas<\/strong><\/a>, formado por alunos de canto, instrumento, reg\u00eancia e composi\u00e7\u00e3o da Unicamp (Universidade Estadual de Campinas). Idealizado em 2009, por seu atual regente e diretor art\u00edstico, Angelo Jos\u00e9 Fernandes, o Coro apresenta um vasto repert\u00f3rio a cappella e realiza montagem de \u00f3peras e cantatas.<\/p>\n\n\n\n<p><strong>COMO ASSISTIR? <\/strong>Para conferir o concerto, basta apenas chegar com anteced\u00eancia, pois a disponibiliza\u00e7\u00e3o dos lugares \u00e9 por ordem de chegada. A apresenta\u00e7\u00e3o \u00e9 realizada pela Associa\u00e7\u00e3o Mantenedora da Orquestra Jovem de Indaiatuba (AMOJI), em parceria com a Prefeitura de Indaiatuba, por meio da Secretaria Municipal de Cultura. O CIAEI fica na avenida Engenheiro F\u00e1bio Roberto Barnab\u00e9, 3665, no Jardim Regina, Indaiatuba (SP).<\/p>\n\n\n\n<p><strong>V\u00cdDEO<\/strong><strong><br><\/strong>Concerto O Brasil e o Mundo: Mozart e Jos\u00e9 Maur\u00edcio &#8211; <a href=\"https:\/\/www.youtube.com\/watch?v=IDQDBIdCkoU\" target=\"_blank\" rel=\"noreferrer noopener\">clique aqui<\/a>&nbsp;<\/p>\n\n\n\n<p><strong>SERVI\u00c7O<\/strong><strong><br>Orquestra Sinf\u00f4nica de Indaiatuba<br>Concerto: <\/strong><em>Requiem &#8211; Mozart&nbsp;<\/em><em><br><\/em><strong>Convidado: <\/strong>Coro Contempor\u00e2neo de Campinas<br><strong>Data: <\/strong>24\/06<br><strong>Hor\u00e1rio: <\/strong>20h<br><strong>Local: <\/strong>Sala Acr\u00edsio de Camargo &#8211; CIAEI, avenida Engenheiro F\u00e1bio Roberto Barnab\u00e9, 3665, Jardim Regina, Indaiatuba (SP) &#8211; <a href=\"https:\/\/goo.gl\/maps\/2Pz44AkmFMAdGbPcA\" target=\"_blank\" rel=\"noreferrer noopener\">MAPA AQUI<\/a>&nbsp;<br><strong>Entrada gratuita e por ordem de chegada<\/strong><\/p>\n\n\n\n<p><em><strong>Sobre a AMOJI<\/strong><\/em><\/p>\n\n\n\n<p>A AMOJI (Associa\u00e7\u00e3o Mantenedora da Orquestra Jovem de Indaiatuba) \u00e9 respons\u00e1vel pela manuten\u00e7\u00e3o da Orquestra Sinf\u00f4nica de Indaiatuba, que vem se destacando por sua intensa atua\u00e7\u00e3o na divulga\u00e7\u00e3o e populariza\u00e7\u00e3o da m\u00fasica orquestral. Realizando, anualmente, mais de uma dezena de concertos gratuitos, com participa\u00e7\u00e3o de m\u00fasicos do munic\u00edpio de Indaiatuba (SP) e solistas de renome. Promove tamb\u00e9m o Encontro Musical de Indaiatuba (EMIn), que disponibiliza masterclasses para estudantes de m\u00fasica de todo o Brasil e uma programa\u00e7\u00e3o cultural de concertos para a comunidade.<\/p>\n\n\n\n<p>Site <strong>www.orquestradeindaiatuba.org.br<\/strong> l Instagram <strong>orquestrasinfonicadeindaiatuba<\/strong> I Facebook <strong>orquestraindaiatuba&nbsp;<\/strong><\/p>\n","protected":false},"excerpt":{"rendered":"<p>A pe\u00e7a Requiem ser\u00e1 executada em conjunto com o Coro Contempor\u00e2neo de Campinas A Orquestra Sinf\u00f4nica de Indaiatuba&nbsp;apresenta, no pr\u00f3ximo dia 24, a obra Requiem, de Mozart \u2014 em conjunto com o Coro Contempor\u00e2neo de Campinas. Em sess\u00e3o \u00fanica e gratuita, o concerto acontece \u00e0s 20h, na Sala Acr\u00edsio de Camargo, no CIAEI (Centro Integrado [&hellip;]<\/p>\n","protected":false},"author":7,"featured_media":7385,"comment_status":"closed","ping_status":"open","sticky":false,"template":"","format":"standard","meta":{"rop_custom_images_group":[],"rop_custom_messages_group":[],"rop_publish_now":"initial","rop_publish_now_accounts":[],"rop_publish_now_history":[],"rop_publish_now_status":"pending","footnotes":""},"categories":[200,188],"tags":[],"class_list":["post-7384","post","type-post","status-publish","format-standard","has-post-thumbnail","hentry","category-cultura","category-indaiatuba"],"amp_enabled":true,"_links":{"self":[{"href":"https:\/\/imais.online\/portal\/wp-json\/wp\/v2\/posts\/7384","targetHints":{"allow":["GET"]}}],"collection":[{"href":"https:\/\/imais.online\/portal\/wp-json\/wp\/v2\/posts"}],"about":[{"href":"https:\/\/imais.online\/portal\/wp-json\/wp\/v2\/types\/post"}],"author":[{"embeddable":true,"href":"https:\/\/imais.online\/portal\/wp-json\/wp\/v2\/users\/7"}],"replies":[{"embeddable":true,"href":"https:\/\/imais.online\/portal\/wp-json\/wp\/v2\/comments?post=7384"}],"version-history":[{"count":1,"href":"https:\/\/imais.online\/portal\/wp-json\/wp\/v2\/posts\/7384\/revisions"}],"predecessor-version":[{"id":7386,"href":"https:\/\/imais.online\/portal\/wp-json\/wp\/v2\/posts\/7384\/revisions\/7386"}],"wp:featuredmedia":[{"embeddable":true,"href":"https:\/\/imais.online\/portal\/wp-json\/wp\/v2\/media\/7385"}],"wp:attachment":[{"href":"https:\/\/imais.online\/portal\/wp-json\/wp\/v2\/media?parent=7384"}],"wp:term":[{"taxonomy":"category","embeddable":true,"href":"https:\/\/imais.online\/portal\/wp-json\/wp\/v2\/categories?post=7384"},{"taxonomy":"post_tag","embeddable":true,"href":"https:\/\/imais.online\/portal\/wp-json\/wp\/v2\/tags?post=7384"}],"curies":[{"name":"wp","href":"https:\/\/api.w.org\/{rel}","templated":true}]}}