{"id":7387,"date":"2022-06-19T16:54:49","date_gmt":"2022-06-19T19:54:49","guid":{"rendered":"https:\/\/imais.online\/portal\/?p=7387"},"modified":"2022-06-19T16:54:51","modified_gmt":"2022-06-19T19:54:51","slug":"governo-inaugura-novo-centro-de-oncologia-de-americana","status":"publish","type":"post","link":"https:\/\/imais.online\/portal\/governo-inaugura-novo-centro-de-oncologia-de-americana\/","title":{"rendered":"Governo inaugura novo Centro de Oncologia de Americana"},"content":{"rendered":"<div class=\"imais-before-content-placement\" id=\"imais-4158820738\"><script async src=\"\/\/pagead2.googlesyndication.com\/pagead\/js\/adsbygoogle.js?client=ca-pub-8787528412751566\" crossorigin=\"anonymous\"><\/script><ins class=\"adsbygoogle\" style=\"display:block;\" data-ad-client=\"ca-pub-8787528412751566\" \ndata-ad-slot=\"\" \ndata-ad-format=\"auto\"><\/ins>\n<script> \n(adsbygoogle = window.adsbygoogle || []).push({}); \n<\/script>\n<\/div>\n<p class=\"has-text-align-center\">Tamb\u00e9m foi anunciado financiamento de R$ 25 milh\u00f5es para obras de pavimenta\u00e7\u00e3o na cidade<\/p>\n\n\n\n<p>O governador Rodrigo Garcia inaugurou neste s\u00e1bado (18) o Centro de Oncologia de Americana, primeira Unidade de Alta Complexidade em Oncologia (Unacon) da regi\u00e3o. Ser\u00e3o beneficiados 4,6 milh\u00f5es moradores dos munic\u00edpios do Departamento Regional de Sa\u00fade de Campinas. Rodrigo Garcia tamb\u00e9m liberou o financiamento de R$ 25 milh\u00f5es para a infraestrutura urbana da cidade..<\/p>\n\n\n\n<p>\u201cEsse esfor\u00e7o do Governo de S\u00e3o Paulo de ampliar o atendimento de combate ao c\u00e2ncer \u00e9 permanente. N\u00f3s j\u00e1 abrimos mais de oito servi\u00e7os nesses \u00faltimos oito meses, para que a gente possa levar o tratamento de combate ao c\u00e2ncer mais pr\u00f3ximo da popula\u00e7\u00e3o\u201d, disse Rodrigo.<\/p>\n\n\n\n<p>Durante o evento, Rodrigo Garcia anunciou repasse de R$ 5,5 milh\u00f5es para o custeio anual da unidade, que ser\u00e1 voltada para atendimentos de alta especialidade. A expectativa \u00e9 que no complexo sejam realizadas 650 cirurgias oncol\u00f3gicas e 5,3 mil sess\u00f5es de quimioterapia anualmente. O servi\u00e7o de combate e tratamento ao c\u00e2ncer funciona anexo ao pr\u00e9dio do Hospital Municipal Waldemar Tebaldi.<\/p>\n\n\n\n<p>O novo centro ter\u00e1 uma equipe multidisciplinar de sa\u00fade, contando com m\u00e9dicos oncologistas cl\u00ednicos, cirurgi\u00e3o oncol\u00f3gico, enfermeiros, farmac\u00eauticos, auxiliar de farm\u00e1cia, coordenador assistencial, auxiliares para atividades administrativas e t\u00e9cnicos de enfermagem.<\/p>\n\n\n\n<p>\u201cAmericana e regi\u00e3o ganham um equipamento de alta especialidade e que vai ampliar a oferta de atendimento oncol\u00f3gico da popula\u00e7\u00e3o. O novo centro reduzir\u00e1 o deslocamento dos pacientes para outras unidades da regi\u00e3o e oferecer\u00e1 atendimento humanizado e de qualidade\u201d, destacou o Secret\u00e1rio de Estado da Sa\u00fade, Jean Gorinchteyn.<\/p>\n\n\n\n<p><strong>Infraestrutura<\/strong><\/p>\n\n\n\n<p>A Desenvolve SP formalizou o financiamento de R$ 25 milh\u00f5es para obras de pavimenta\u00e7\u00e3o e recapeamento em Americana. O munic\u00edpio ter\u00e1 car\u00eancia de dois anos e prazo de pagamento de 96 meses. No pacote de obras, est\u00e3o a pavimenta\u00e7\u00e3o de cinco vias e o recapeamento de outras 30, a maior parte delas inteira, al\u00e9m da remodela\u00e7\u00e3o vi\u00e1ria do portal da cidade.<\/p>\n\n\n\n<p>O financiamento foi realizado atrav\u00e9s da linha Desenvolve Munic\u00edpios, criada para alavancar projetos de infraestrutura urbana. Maior programa de financiamento j\u00e1 realizado pelo estado de S\u00e3o Paulo, o Desenvolve Munic\u00edpios oferece condi\u00e7\u00f5es especiais de juros e prazos alongados para pagamento. Os munic\u00edpios podem obter os recursos para projetos de pavimenta\u00e7\u00e3o, recapeamento e ilumina\u00e7\u00e3o p\u00fablica.<\/p>\n\n\n\n<p>O governador Rodrigo Garcia tamb\u00e9m assinou conv\u00eanio com o munic\u00edpio de Americana, que vai garantir o investimento de R$ 1,25 milh\u00f5es em obras de infraestrutura urbana por meio do programa Nossa Rua, da Secretaria de Desenvolvimento Regional. O recurso ir\u00e1 beneficiar 10 ruas da cidade com servi\u00e7os de pavimenta\u00e7\u00e3o, acessibilidade e outras interven\u00e7\u00f5es que ir\u00e3o proporcionar o aumento da qualidade de vida da popula\u00e7\u00e3o, com a melhoria da mobilidade urbana e o aumento da seguran\u00e7a para os usu\u00e1rios das vias.<\/p>\n\n\n\n<p>\u201cN\u00f3s sabemos que essas obras ser\u00e3o importantes para que a regi\u00e3o continue atrativa do ponto de vista de investimentos e, com isso, a gente continue mantendo empregos e renda em toda a regi\u00e3o aqui de Americana\u201d, disse Rodrigo.<\/p>\n","protected":false},"excerpt":{"rendered":"<p>Tamb\u00e9m foi anunciado financiamento de R$ 25 milh\u00f5es para obras de pavimenta\u00e7\u00e3o na cidade O governador Rodrigo Garcia inaugurou neste s\u00e1bado (18) o Centro de Oncologia de Americana, primeira Unidade de Alta Complexidade em Oncologia (Unacon) da regi\u00e3o. Ser\u00e3o beneficiados 4,6 milh\u00f5es moradores dos munic\u00edpios do Departamento Regional de Sa\u00fade de Campinas. Rodrigo Garcia tamb\u00e9m [&hellip;]<\/p>\n","protected":false},"author":7,"featured_media":7388,"comment_status":"closed","ping_status":"open","sticky":false,"template":"","format":"standard","meta":{"rop_custom_images_group":[],"rop_custom_messages_group":[],"rop_publish_now":"initial","rop_publish_now_accounts":[],"rop_publish_now_history":[],"rop_publish_now_status":"pending","footnotes":""},"categories":[195],"tags":[73],"class_list":["post-7387","post","type-post","status-publish","format-standard","has-post-thumbnail","hentry","category-sao-paulo","tag-featured"],"amp_enabled":true,"_links":{"self":[{"href":"https:\/\/imais.online\/portal\/wp-json\/wp\/v2\/posts\/7387","targetHints":{"allow":["GET"]}}],"collection":[{"href":"https:\/\/imais.online\/portal\/wp-json\/wp\/v2\/posts"}],"about":[{"href":"https:\/\/imais.online\/portal\/wp-json\/wp\/v2\/types\/post"}],"author":[{"embeddable":true,"href":"https:\/\/imais.online\/portal\/wp-json\/wp\/v2\/users\/7"}],"replies":[{"embeddable":true,"href":"https:\/\/imais.online\/portal\/wp-json\/wp\/v2\/comments?post=7387"}],"version-history":[{"count":1,"href":"https:\/\/imais.online\/portal\/wp-json\/wp\/v2\/posts\/7387\/revisions"}],"predecessor-version":[{"id":7389,"href":"https:\/\/imais.online\/portal\/wp-json\/wp\/v2\/posts\/7387\/revisions\/7389"}],"wp:featuredmedia":[{"embeddable":true,"href":"https:\/\/imais.online\/portal\/wp-json\/wp\/v2\/media\/7388"}],"wp:attachment":[{"href":"https:\/\/imais.online\/portal\/wp-json\/wp\/v2\/media?parent=7387"}],"wp:term":[{"taxonomy":"category","embeddable":true,"href":"https:\/\/imais.online\/portal\/wp-json\/wp\/v2\/categories?post=7387"},{"taxonomy":"post_tag","embeddable":true,"href":"https:\/\/imais.online\/portal\/wp-json\/wp\/v2\/tags?post=7387"}],"curies":[{"name":"wp","href":"https:\/\/api.w.org\/{rel}","templated":true}]}}