{"id":744,"date":"2021-08-17T10:44:07","date_gmt":"2021-08-17T13:44:07","guid":{"rendered":"https:\/\/imais.online\/portal\/?p=744"},"modified":"2021-08-17T10:44:09","modified_gmt":"2021-08-17T13:44:09","slug":"simaria-mendes-anuncia-fim-do-casamento-apos-14-anos-de-relacao","status":"publish","type":"post","link":"https:\/\/imais.online\/portal\/simaria-mendes-anuncia-fim-do-casamento-apos-14-anos-de-relacao\/","title":{"rendered":"Simaria Mendes anuncia fim do casamento ap\u00f3s 14 anos de rela\u00e7\u00e3o"},"content":{"rendered":"<div class=\"imais-before-content-placement\" id=\"imais-3919271417\"><script async src=\"\/\/pagead2.googlesyndication.com\/pagead\/js\/adsbygoogle.js?client=ca-pub-8787528412751566\" crossorigin=\"anonymous\"><\/script><ins class=\"adsbygoogle\" style=\"display:block;\" data-ad-client=\"ca-pub-8787528412751566\" \ndata-ad-slot=\"\" \ndata-ad-format=\"auto\"><\/ins>\n<script> \n(adsbygoogle = window.adsbygoogle || []).push({}); \n<\/script>\n<\/div>\n<h2 class=\"wp-block-heading\">Cantora sertaneja divulgou a not\u00edcia em suas redes sociais e quis tranquilizar os f\u00e3s: &#8216;Foi uma decis\u00e3o pensada, com muita clareza&#8217;<\/h2>\n\n\n\n<p>Simaria Mendes revelou nesta segunda-feira (16) que chegou ao fim seu relacionamento com Vicente Escrig.<\/p>\n\n\n\n<p>&#8220;Antes que a not\u00edcia vaze, eu mesma vou falar pra voc\u00eas! Comunico a todos que o meu relacionamento com Vicente chegou ao fim, ap\u00f3s 14 anos&#8221;, come\u00e7ou Simaria em um desabafo nas redes sociais.<\/p>\n\n\n\n<p>&#8220;Foi uma decis\u00e3o pensada, com muita clareza. Tivemos momentos lindos juntos, dois filhos maravilhosos, que s\u00e3o as nossas maiores riquezas. Pe\u00e7o a Deus que o Vicente seja muito feliz , pois ele merece&#8221;, elogiou a cantora.<\/p>\n\n\n\n<p>A irm\u00e3 de Simone Mendes tamb\u00e9m acalmou os f\u00e3s: &#8220;Quero agradecer desde j\u00e1 o apoio de todos. Pretendo, a partir de agora, ser ainda mais feliz, mesmo sem o homem que amei muito um dia. Aproveito para tranquilizar os meus f\u00e3s e dizer que estou bem&#8221;.<\/p>\n\n\n\n<p>&#8220;Toda mudan\u00e7a que acontece para melhor ser\u00e1 sempre bem vinda! Vamos continuar escrevendo as nossas vidas, com lindas hist\u00f3rias, independente de estarmos juntos, ou n\u00e3o&#8221;, finalizou ela.<\/p>\n\n\n\n<p>Simaria e Vicente s\u00e3o pais de Giovanna, de 9 anos, e Pawel, de 5.<\/p>\n","protected":false},"excerpt":{"rendered":"<p>Cantora sertaneja divulgou a not\u00edcia em suas redes sociais e quis tranquilizar os f\u00e3s: &#8216;Foi uma decis\u00e3o pensada, com muita clareza&#8217; Simaria Mendes revelou nesta segunda-feira (16) que chegou ao fim seu relacionamento com Vicente Escrig. &#8220;Antes que a not\u00edcia vaze, eu mesma vou falar pra voc\u00eas! Comunico a todos que o meu relacionamento com [&hellip;]<\/p>\n","protected":false},"author":8,"featured_media":745,"comment_status":"closed","ping_status":"open","sticky":false,"template":"","format":"standard","meta":{"rop_custom_images_group":[],"rop_custom_messages_group":[],"rop_publish_now":"initial","rop_publish_now_accounts":[],"rop_publish_now_history":[],"rop_publish_now_status":"pending","footnotes":""},"categories":[16],"tags":[],"class_list":["post-744","post","type-post","status-publish","format-standard","has-post-thumbnail","hentry","category-entertainment"],"amp_enabled":true,"_links":{"self":[{"href":"https:\/\/imais.online\/portal\/wp-json\/wp\/v2\/posts\/744","targetHints":{"allow":["GET"]}}],"collection":[{"href":"https:\/\/imais.online\/portal\/wp-json\/wp\/v2\/posts"}],"about":[{"href":"https:\/\/imais.online\/portal\/wp-json\/wp\/v2\/types\/post"}],"author":[{"embeddable":true,"href":"https:\/\/imais.online\/portal\/wp-json\/wp\/v2\/users\/8"}],"replies":[{"embeddable":true,"href":"https:\/\/imais.online\/portal\/wp-json\/wp\/v2\/comments?post=744"}],"version-history":[{"count":1,"href":"https:\/\/imais.online\/portal\/wp-json\/wp\/v2\/posts\/744\/revisions"}],"predecessor-version":[{"id":746,"href":"https:\/\/imais.online\/portal\/wp-json\/wp\/v2\/posts\/744\/revisions\/746"}],"wp:featuredmedia":[{"embeddable":true,"href":"https:\/\/imais.online\/portal\/wp-json\/wp\/v2\/media\/745"}],"wp:attachment":[{"href":"https:\/\/imais.online\/portal\/wp-json\/wp\/v2\/media?parent=744"}],"wp:term":[{"taxonomy":"category","embeddable":true,"href":"https:\/\/imais.online\/portal\/wp-json\/wp\/v2\/categories?post=744"},{"taxonomy":"post_tag","embeddable":true,"href":"https:\/\/imais.online\/portal\/wp-json\/wp\/v2\/tags?post=744"}],"curies":[{"name":"wp","href":"https:\/\/api.w.org\/{rel}","templated":true}]}}