{"id":747,"date":"2021-08-17T10:52:02","date_gmt":"2021-08-17T13:52:02","guid":{"rendered":"https:\/\/imais.online\/portal\/?p=747"},"modified":"2021-08-17T10:52:04","modified_gmt":"2021-08-17T13:52:04","slug":"luciana-gimenez-tem-pico-de-pressao-e-vai-parar-em-hospital","status":"publish","type":"post","link":"https:\/\/imais.online\/portal\/luciana-gimenez-tem-pico-de-pressao-e-vai-parar-em-hospital\/","title":{"rendered":"Luciana Gimenez tem pico de press\u00e3o e vai parar em hospital"},"content":{"rendered":"<div class=\"imais-before-content-placement\" id=\"imais-928602355\"><script async src=\"\/\/pagead2.googlesyndication.com\/pagead\/js\/adsbygoogle.js?client=ca-pub-8787528412751566\" crossorigin=\"anonymous\"><\/script><ins class=\"adsbygoogle\" style=\"display:block;\" data-ad-client=\"ca-pub-8787528412751566\" \ndata-ad-slot=\"\" \ndata-ad-format=\"auto\"><\/ins>\n<script> \n(adsbygoogle = window.adsbygoogle || []).push({}); \n<\/script>\n<\/div>\n<p><\/p>\n\n\n\n<h2 class=\"wp-block-heading\">Grava\u00e7\u00f5es do &#8216;SuperPop&#8217;, programa que ela comanda na Rede TV!, foram canceladas; apresentadora de TV fez exames e foi liberada<\/h2>\n\n\n\n<p>Luciana Gimenez, de 51 anos, sentiu um mal-estar, nesta segunda-feira (16), e deu entrada no Hospital Albert Einstein, em S\u00e3o Paulo. As grava\u00e7\u00f5es do&nbsp;<em>SuperPop<\/em>, programa que ela comanda na Rede TV!, foram canceladas.&nbsp;<\/p>\n\n\n\n<p>De acordo com a assessoria de imprensa da emissora, a apresentadora de TV realizou uma s\u00e9rie de exames. Durante o atendimento na unidade, os m\u00e9dicos identificaram que a famosa teve um pico de press\u00e3o alta. Ap\u00f3s ficar algumas horas em observa\u00e7\u00e3o, ela foi liberada.\u00a0 \u00a0<\/p>\n\n\n\n<p>Ao chegar em casa, Gimenez disse, em suas redes sociais, que tudo n\u00e3o passou de um susto e que ela est\u00e1 melhor. &#8220;Eu j\u00e1 estou bem melhor. Foi s\u00f3 um susto mnesmo. Para todo mundo que est\u00e1 me ligando e perguntando de mim, obrigada. Quero dizer que amanh\u00e3 j\u00e1 estarei muito melhor. J\u00e1 sa\u00ed do hospital e estou em casa.&#8221;<\/p>\n\n\n\n<p>No in\u00edcio do m\u00eas, Luciana curtiu dias de f\u00e9rias em Ibiza, na Espanha. A famosa compartilhou os detalhes da viagem nas redes sociais.\u00a0Vale lembrar que em maio deste ano, Luciana terminou o namoro com o empres\u00e1rio Eduardo Buffara. Na \u00e9poca, a assessoria da artista disse que o fim do romance se deu por &#8220;quest\u00f5es de agenda&#8221;, pois ela mora em SP e ele no Rio de Janeiro.<\/p>\n\n\n\n<p>Durante a viagem, a apresentadora visitou Fabiana Ecclestone, mulher de Bernie Ecclestone, ex-chef\u00e3o da F\u00f3rmula 1. &#8220;Minha amiga, estava com saudades de voc\u00ea. Da fam\u00edlia linda. Obrigada por tudo&#8221;, escreveu Luciana na legenda da foto.\u00a0<\/p>\n\n\n\n<p><\/p>\n","protected":false},"excerpt":{"rendered":"<p>Grava\u00e7\u00f5es do &#8216;SuperPop&#8217;, programa que ela comanda na Rede TV!, foram canceladas; apresentadora de TV fez exames e foi liberada Luciana Gimenez, de 51 anos, sentiu um mal-estar, nesta segunda-feira (16), e deu entrada no Hospital Albert Einstein, em S\u00e3o Paulo. As grava\u00e7\u00f5es do&nbsp;SuperPop, programa que ela comanda na Rede TV!, foram canceladas.&nbsp; De acordo [&hellip;]<\/p>\n","protected":false},"author":8,"featured_media":748,"comment_status":"closed","ping_status":"open","sticky":false,"template":"","format":"standard","meta":{"rop_custom_images_group":[],"rop_custom_messages_group":[],"rop_publish_now":"initial","rop_publish_now_accounts":[],"rop_publish_now_history":[],"rop_publish_now_status":"pending","footnotes":""},"categories":[16],"tags":[],"class_list":["post-747","post","type-post","status-publish","format-standard","has-post-thumbnail","hentry","category-entertainment"],"amp_enabled":true,"_links":{"self":[{"href":"https:\/\/imais.online\/portal\/wp-json\/wp\/v2\/posts\/747","targetHints":{"allow":["GET"]}}],"collection":[{"href":"https:\/\/imais.online\/portal\/wp-json\/wp\/v2\/posts"}],"about":[{"href":"https:\/\/imais.online\/portal\/wp-json\/wp\/v2\/types\/post"}],"author":[{"embeddable":true,"href":"https:\/\/imais.online\/portal\/wp-json\/wp\/v2\/users\/8"}],"replies":[{"embeddable":true,"href":"https:\/\/imais.online\/portal\/wp-json\/wp\/v2\/comments?post=747"}],"version-history":[{"count":1,"href":"https:\/\/imais.online\/portal\/wp-json\/wp\/v2\/posts\/747\/revisions"}],"predecessor-version":[{"id":749,"href":"https:\/\/imais.online\/portal\/wp-json\/wp\/v2\/posts\/747\/revisions\/749"}],"wp:featuredmedia":[{"embeddable":true,"href":"https:\/\/imais.online\/portal\/wp-json\/wp\/v2\/media\/748"}],"wp:attachment":[{"href":"https:\/\/imais.online\/portal\/wp-json\/wp\/v2\/media?parent=747"}],"wp:term":[{"taxonomy":"category","embeddable":true,"href":"https:\/\/imais.online\/portal\/wp-json\/wp\/v2\/categories?post=747"},{"taxonomy":"post_tag","embeddable":true,"href":"https:\/\/imais.online\/portal\/wp-json\/wp\/v2\/tags?post=747"}],"curies":[{"name":"wp","href":"https:\/\/api.w.org\/{rel}","templated":true}]}}