{"id":7498,"date":"2022-06-23T14:50:43","date_gmt":"2022-06-23T17:50:43","guid":{"rendered":"https:\/\/imais.online\/portal\/?p=7498"},"modified":"2022-06-23T14:50:44","modified_gmt":"2022-06-23T17:50:44","slug":"procurador-que-espancou-a-chefe-e-preso-na-grande-sao-paulo","status":"publish","type":"post","link":"https:\/\/imais.online\/portal\/procurador-que-espancou-a-chefe-e-preso-na-grande-sao-paulo\/","title":{"rendered":"Procurador que espancou a chefe \u00e9 preso na Grande S\u00e3o Paulo"},"content":{"rendered":"<div class=\"imais-before-content-placement\" id=\"imais-4115076074\"><script async src=\"\/\/pagead2.googlesyndication.com\/pagead\/js\/adsbygoogle.js?client=ca-pub-8787528412751566\" crossorigin=\"anonymous\"><\/script><ins class=\"adsbygoogle\" style=\"display:block;\" data-ad-client=\"ca-pub-8787528412751566\" \ndata-ad-slot=\"\" \ndata-ad-format=\"auto\"><\/ins>\n<script> \n(adsbygoogle = window.adsbygoogle || []).push({}); \n<\/script>\n<\/div>\n<h2 class=\"has-text-align-center wp-block-heading\">Procuradora-geral de Registro (SP), Gabriela Samadello, foi espancada pelo colega na prefeitura. C\u00e2mera registrou a agress\u00e3o<\/h2>\n\n\n\n<p>O procurador Dem\u00e9trius Oliveira de Macedo, de 34 anos, foi preso na manh\u00e3 desta quinta-feira (23), em uma cl\u00ednica de Itapecerica da Serra, na Grande S\u00e3o Paulo, por ter\u00a0<strong>espancado a colega Gabriela Samadello na prefeitura de Registro (SP)<\/strong>. A informa\u00e7\u00e3o foi confirmada pelo governo do estado.<\/p>\n\n\n\n<p>O mandado de pris\u00e3o havia sido expedido nesta quarta-feira (22) pelo juiz da 1\u00aa Vara Criminal de Registro, Raphael Ernane Neves.\u00a0<\/p>\n\n\n\n<p>Segundo a gest\u00e3o estadual, o inqu\u00e9rito que investigou a conduta do procurador reuniu fotos e v\u00eddeos do ato de viol\u00eancia, al\u00e9m do depoimento de Samadello, para que a pris\u00e3o preventiva fosse solicitada.<\/p>\n\n\n\n<h3 class=\"wp-block-heading\">Agress\u00e3o em Registro (SP)<\/h3>\n\n\n\n<p><em><\/em><\/p>\n\n\n\n<p>A procuradora-geral de Registro (SP), Gabriela Samadello,\u00a0<strong>foi espancada pelo colega dentro da prefeitura<\/strong>\u00a0do munic\u00edpio do interior paulista. Uma c\u00e2mera de seguran\u00e7a registrou a agress\u00e3o de Dem\u00e9trius Oliveira de Macedo, que atingiu Samadello com socos e chutes, principalmente na cabe\u00e7a.<\/p>\n\n\n\n<p>Dem\u00e9trius trabalhava com a v\u00edtima havia nove anos, e desde o come\u00e7o de 2022 estava subordinado a ela. Segundo a procuradora, o agressor n\u00e3o aceitava ter uma mulher como chefe. Al\u00e9m disso, recentemente Gabriela Samadello abriu um processo contra Macedo por destratar uma funcion\u00e1ria da procuradoria.<\/p>\n\n\n\n<p>Ap\u00f3s a repercuss\u00e3o do caso, a prefeitura o afastou na ter\u00e7a-feira (21), com suspens\u00e3o de pagamento do sal\u00e1rio.<\/p>\n\n\n\n<p>Outras entidades chegaram a se posicionar sobre as cenas violentas em Registro: a\u00a0<strong>OAB-SP disse receber com indigna\u00e7\u00e3o as agress\u00f5es<\/strong>, e est\u00e1 apurando o caso. J\u00e1 o ouvidor das pol\u00edcias de S\u00e3o Paulo, Elizeu Soares Lopes,\u00a0<strong>pediu ao delegado-geral da Pol\u00edcia Civil, Osvaldo Nico Gon\u00e7alves, a pris\u00e3o tempor\u00e1ria de Macedo<\/strong>.<\/p>\n\n\n\n<p>Traumatizada,\u00a0<strong>Samadello tamb\u00e9m se manifestou<\/strong>\u00a0e disse que, se n\u00e3o tivesse contado com a ajuda de outras pessoas que estavam na prefeitura no momento da agress\u00e3o, poderia ter morrido.<\/p>\n\n\n\n<p>\u201cAcho que \u00e9 uma coisa muito grave, se as pessoas n\u00e3o estivessem ali para me socorrer, fatalmente n\u00e3o estaria a\u00ed para contar essa hist\u00f3ria, ele teria me espancado at\u00e9 a morte\u201d, afirmou a procuradora.<\/p>\n\n\n\n<p>Fonte R7 <\/p>\n","protected":false},"excerpt":{"rendered":"<p>Procuradora-geral de Registro (SP), Gabriela Samadello, foi espancada pelo colega na prefeitura. C\u00e2mera registrou a agress\u00e3o O procurador Dem\u00e9trius Oliveira de Macedo, de 34 anos, foi preso na manh\u00e3 desta quinta-feira (23), em uma cl\u00ednica de Itapecerica da Serra, na Grande S\u00e3o Paulo, por ter\u00a0espancado a colega Gabriela Samadello na prefeitura de Registro (SP). A [&hellip;]<\/p>\n","protected":false},"author":8,"featured_media":7499,"comment_status":"closed","ping_status":"open","sticky":false,"template":"","format":"standard","meta":{"rop_custom_images_group":[],"rop_custom_messages_group":[],"rop_publish_now":"initial","rop_publish_now_accounts":[],"rop_publish_now_history":[],"rop_publish_now_status":"pending","footnotes":""},"categories":[199],"tags":[],"class_list":["post-7498","post","type-post","status-publish","format-standard","has-post-thumbnail","hentry","category-policia"],"amp_enabled":true,"_links":{"self":[{"href":"https:\/\/imais.online\/portal\/wp-json\/wp\/v2\/posts\/7498","targetHints":{"allow":["GET"]}}],"collection":[{"href":"https:\/\/imais.online\/portal\/wp-json\/wp\/v2\/posts"}],"about":[{"href":"https:\/\/imais.online\/portal\/wp-json\/wp\/v2\/types\/post"}],"author":[{"embeddable":true,"href":"https:\/\/imais.online\/portal\/wp-json\/wp\/v2\/users\/8"}],"replies":[{"embeddable":true,"href":"https:\/\/imais.online\/portal\/wp-json\/wp\/v2\/comments?post=7498"}],"version-history":[{"count":1,"href":"https:\/\/imais.online\/portal\/wp-json\/wp\/v2\/posts\/7498\/revisions"}],"predecessor-version":[{"id":7500,"href":"https:\/\/imais.online\/portal\/wp-json\/wp\/v2\/posts\/7498\/revisions\/7500"}],"wp:featuredmedia":[{"embeddable":true,"href":"https:\/\/imais.online\/portal\/wp-json\/wp\/v2\/media\/7499"}],"wp:attachment":[{"href":"https:\/\/imais.online\/portal\/wp-json\/wp\/v2\/media?parent=7498"}],"wp:term":[{"taxonomy":"category","embeddable":true,"href":"https:\/\/imais.online\/portal\/wp-json\/wp\/v2\/categories?post=7498"},{"taxonomy":"post_tag","embeddable":true,"href":"https:\/\/imais.online\/portal\/wp-json\/wp\/v2\/tags?post=7498"}],"curies":[{"name":"wp","href":"https:\/\/api.w.org\/{rel}","templated":true}]}}