{"id":750,"date":"2021-08-17T11:00:11","date_gmt":"2021-08-17T14:00:11","guid":{"rendered":"https:\/\/imais.online\/portal\/?p=750"},"modified":"2021-08-17T11:00:13","modified_gmt":"2021-08-17T14:00:13","slug":"assessoria-de-silvio-santos-nega-que-apresentador-tenha-fugido-do-hospital","status":"publish","type":"post","link":"https:\/\/imais.online\/portal\/assessoria-de-silvio-santos-nega-que-apresentador-tenha-fugido-do-hospital\/","title":{"rendered":"Assessoria de Silvio Santos nega que apresentador tenha \u2018fugido\u2019 do hospital"},"content":{"rendered":"<div class=\"imais-before-content-placement\" id=\"imais-2999643813\"><script async src=\"\/\/pagead2.googlesyndication.com\/pagead\/js\/adsbygoogle.js?client=ca-pub-8787528412751566\" crossorigin=\"anonymous\"><\/script><ins class=\"adsbygoogle\" style=\"display:block;\" data-ad-client=\"ca-pub-8787528412751566\" \ndata-ad-slot=\"\" \ndata-ad-format=\"auto\"><\/ins>\n<script> \n(adsbygoogle = window.adsbygoogle || []).push({}); \n<\/script>\n<\/div>\n<p>Ap\u00f3s informa\u00e7\u00e3o divulgada nesta segunda-feira, (16), de que Silvio Santos teria fugido do Hospital Israelita Albert Einstein, a assessoria do apresentador veio a p\u00fablico desmentir a not\u00edcia divulgada no site da revista F\u00f3rum.<br><br>De acordo com o porta-voz, Silvio, de 90 anos, se recupera em casa, onde seguir\u00e1 em quarentena, ap\u00f3s testar positivo para covid-19 no in\u00edcio deste m\u00eas. A infec\u00e7\u00e3o aconteceu logo ap\u00f3s seu retorno \u00e0s grava\u00e7\u00f5es no SBT, de onde ficou afastado por um ano e meio. Silvio j\u00e1 recebeu as duas doses do imunizante contra a <\/p>\n\n\n\n<p>covid-19.&nbsp;<\/p>\n\n\n\n<figure class=\"wp-block-image size-large\"><img loading=\"lazy\" decoding=\"async\" width=\"1024\" height=\"555\" src=\"https:\/\/imais.online\/portal\/wp-content\/uploads\/2021\/08\/Comunicado-assessoria-Silvio-Santos-1024x555.jpg\" alt=\"\" class=\"wp-image-751\" srcset=\"https:\/\/imais.online\/portal\/wp-content\/uploads\/2021\/08\/Comunicado-assessoria-Silvio-Santos-1024x555.jpg 1024w, https:\/\/imais.online\/portal\/wp-content\/uploads\/2021\/08\/Comunicado-assessoria-Silvio-Santos-300x163.jpg 300w, https:\/\/imais.online\/portal\/wp-content\/uploads\/2021\/08\/Comunicado-assessoria-Silvio-Santos-768x416.jpg 768w, https:\/\/imais.online\/portal\/wp-content\/uploads\/2021\/08\/Comunicado-assessoria-Silvio-Santos.jpg 1280w\" sizes=\"auto, (max-width: 1024px) 100vw, 1024px\" \/><\/figure>\n\n\n\n<hr class=\"wp-block-separator\"\/>\n\n\n\n<p><strong><\/strong><sup>Nota da assessoria divulgada no dia 13 de agosto. Foto\/Divulga\u00e7\u00e3o.<\/sup><br><strong><\/strong><\/p>\n\n\n\n<hr class=\"wp-block-separator\"\/>\n\n\n\n<p>A assessoria classificou a informa\u00e7\u00e3o da fuga como &#8220;pura bobagem\u201d, declarou que o comunicador est\u00e1 falante e bem disposto e confirmou que a interna\u00e7\u00e3o n\u00e3o foi necess\u00e1ria:<em> \u201cSilvio voltou para casa na noite de sexta-feira, como a Dona \u00cdris afirmou ao Cabrini. Ele n\u00e3o chegou a ser internado. Ele esteve no hospital para fazer alguns exames e ver se estava tudo bem. Ele passou pelos exames e foi verificado que est\u00e1 tudo sob controle\u201d,<\/em> disse.<br><br>Em nota, o departamento de comunica\u00e7\u00e3o do Hospital Albert Einstein tamb\u00e9m negou a informa\u00e7\u00e3o da interna\u00e7\u00e3o e suposta fuga do apresentador: <em>&#8220;N\u00f3s n\u00e3o temos informa\u00e7\u00f5es sobre a interna\u00e7\u00e3o, inclusive n\u00e3o enviamos boletim confirmando ou n\u00e3o se ele realmente esteve internado&#8221;.<\/em><\/p>\n","protected":false},"excerpt":{"rendered":"<p>Ap\u00f3s informa\u00e7\u00e3o divulgada nesta segunda-feira, (16), de que Silvio Santos teria fugido do Hospital Israelita Albert Einstein, a assessoria do apresentador veio a p\u00fablico desmentir a not\u00edcia divulgada no site da revista F\u00f3rum. De acordo com o porta-voz, Silvio, de 90 anos, se recupera em casa, onde seguir\u00e1 em quarentena, ap\u00f3s testar positivo para covid-19 [&hellip;]<\/p>\n","protected":false},"author":8,"featured_media":752,"comment_status":"closed","ping_status":"open","sticky":false,"template":"","format":"standard","meta":{"rop_custom_images_group":[],"rop_custom_messages_group":[],"rop_publish_now":"initial","rop_publish_now_accounts":[],"rop_publish_now_history":[],"rop_publish_now_status":"pending","footnotes":""},"categories":[16],"tags":[],"class_list":["post-750","post","type-post","status-publish","format-standard","has-post-thumbnail","hentry","category-entertainment"],"amp_enabled":true,"_links":{"self":[{"href":"https:\/\/imais.online\/portal\/wp-json\/wp\/v2\/posts\/750","targetHints":{"allow":["GET"]}}],"collection":[{"href":"https:\/\/imais.online\/portal\/wp-json\/wp\/v2\/posts"}],"about":[{"href":"https:\/\/imais.online\/portal\/wp-json\/wp\/v2\/types\/post"}],"author":[{"embeddable":true,"href":"https:\/\/imais.online\/portal\/wp-json\/wp\/v2\/users\/8"}],"replies":[{"embeddable":true,"href":"https:\/\/imais.online\/portal\/wp-json\/wp\/v2\/comments?post=750"}],"version-history":[{"count":1,"href":"https:\/\/imais.online\/portal\/wp-json\/wp\/v2\/posts\/750\/revisions"}],"predecessor-version":[{"id":753,"href":"https:\/\/imais.online\/portal\/wp-json\/wp\/v2\/posts\/750\/revisions\/753"}],"wp:featuredmedia":[{"embeddable":true,"href":"https:\/\/imais.online\/portal\/wp-json\/wp\/v2\/media\/752"}],"wp:attachment":[{"href":"https:\/\/imais.online\/portal\/wp-json\/wp\/v2\/media?parent=750"}],"wp:term":[{"taxonomy":"category","embeddable":true,"href":"https:\/\/imais.online\/portal\/wp-json\/wp\/v2\/categories?post=750"},{"taxonomy":"post_tag","embeddable":true,"href":"https:\/\/imais.online\/portal\/wp-json\/wp\/v2\/tags?post=750"}],"curies":[{"name":"wp","href":"https:\/\/api.w.org\/{rel}","templated":true}]}}