{"id":7523,"date":"2022-06-24T08:47:21","date_gmt":"2022-06-24T11:47:21","guid":{"rendered":"https:\/\/imais.online\/portal\/?p=7523"},"modified":"2022-06-24T08:47:22","modified_gmt":"2022-06-24T11:47:22","slug":"alesp-aprova-pec-que-cria-policia-penal-no-estado-de-sao-paulo","status":"publish","type":"post","link":"https:\/\/imais.online\/portal\/alesp-aprova-pec-que-cria-policia-penal-no-estado-de-sao-paulo\/","title":{"rendered":"Alesp aprova PEC que cria Pol\u00edcia Penal no Estado de S\u00e3o Paulo"},"content":{"rendered":"<div class=\"imais-before-content-placement\" id=\"imais-3904043044\"><script async src=\"\/\/pagead2.googlesyndication.com\/pagead\/js\/adsbygoogle.js?client=ca-pub-8787528412751566\" crossorigin=\"anonymous\"><\/script><ins class=\"adsbygoogle\" style=\"display:block;\" data-ad-client=\"ca-pub-8787528412751566\" \ndata-ad-slot=\"\" \ndata-ad-format=\"auto\"><\/ins>\n<script> \n(adsbygoogle = window.adsbygoogle || []).push({}); \n<\/script>\n<\/div>\n<p class=\"has-text-align-center\"><em>Nova categoria deve abranger agentes de seguran\u00e7a penitenci\u00e1ria e agentes de escolta e vigil\u00e2ncia penitenci\u00e1ria<\/em><\/p>\n\n\n\n<p>A Assembleia Legislativa do Estado de S\u00e3o Paulo deu aval, nesta quinta-feira (23), \u00e0 PEC (Proposta de Emenda \u00e0 Constitui\u00e7\u00e3o) que cria a Pol\u00edcia Penal no Estado. Com a cria\u00e7\u00e3o da categoria, policiais militares, que atualmente escoltam os presos, poder\u00e3o voltar a exercer suas fun\u00e7\u00f5es, levando mais seguran\u00e7a \u00e0s ruas e ao cidad\u00e3o paulista. A promulga\u00e7\u00e3o da proposta ser\u00e1 feita pelo presidente da Casa, deputado Carl\u00e3o Pignatari, na pr\u00f3xima quinta-feira, 30 de junho.<\/p>\n\n\n\n<p>A PEC 2\/2022, aprovada por unanimidade em dois turnos, estabelece que agentes de seguran\u00e7a penitenci\u00e1ria e agentes de escolta e vigil\u00e2ncia penitenci\u00e1ria componham a nova categoria.<\/p>\n\n\n\n<p>De acordo com a Secretaria da Administra\u00e7\u00e3o Penitenci\u00e1ria, esses profissionais realizam atividades correlatas \u00e0quelas desenvolvidas por outras for\u00e7as policiais, e, por isso, \u201cdevem refletir a figura de um Estado forte e eficiente, com poderes amplos, estabelecidos e amparados legalmente\u201d.<\/p>\n\n\n\n<p>O objetivo da medida \u00e9 adequar a Constitui\u00e7\u00e3o do Estado de S\u00e3o Paulo \u00e0 Emenda Constitucional federal 104\/2019, que criou as pol\u00edcias penais federal, estaduais e distrital.<\/p>\n\n\n\n<p>No texto da PEC ainda fica estabelecido que o quadro de servidores da Pol\u00edcia Penal ser\u00e1 preenchido, exclusivamente, por meio de concurso p\u00fablico e da transforma\u00e7\u00e3o dos cargos isolados ou dos cargos de carreira dos atuais agentes penitenci\u00e1rios e dos cargos p\u00fablicos equivalentes.<\/p>\n\n\n\n<p>A medida, que chegou a Alesp no in\u00edcio do m\u00eas de junho, passou pela avalia\u00e7\u00e3o da Comiss\u00e3o de Constitui\u00e7\u00e3o, Justi\u00e7a e Reda\u00e7\u00e3o e recebeu um relat\u00f3rio com voto favor\u00e1vel do deputado Delegado Olim (PP), tendo a aprova\u00e7\u00e3o dos demais integrantes do colegiado. Durante a sess\u00e3o extraordin\u00e1ria, os parlamentares se manifestaram a favor da medida. \u201cSe faz justi\u00e7a a esses funcion\u00e1rios que fazem uma atividade muito importante para garantir mais seguran\u00e7a \u00e0 sociedade do nosso Estado de S\u00e3o Paulo\u201d, afirmou o deputado Edson Giriboni (Uni\u00e3o).<\/p>\n\n\n\n<p class=\"has-text-align-right\">Karina Freitas<\/p>\n","protected":false},"excerpt":{"rendered":"<p>Nova categoria deve abranger agentes de seguran\u00e7a penitenci\u00e1ria e agentes de escolta e vigil\u00e2ncia penitenci\u00e1ria A Assembleia Legislativa do Estado de S\u00e3o Paulo deu aval, nesta quinta-feira (23), \u00e0 PEC (Proposta de Emenda \u00e0 Constitui\u00e7\u00e3o) que cria a Pol\u00edcia Penal no Estado. Com a cria\u00e7\u00e3o da categoria, policiais militares, que atualmente escoltam os presos, poder\u00e3o [&hellip;]<\/p>\n","protected":false},"author":7,"featured_media":7524,"comment_status":"closed","ping_status":"open","sticky":false,"template":"","format":"standard","meta":{"rop_custom_images_group":[],"rop_custom_messages_group":[],"rop_publish_now":"initial","rop_publish_now_accounts":[],"rop_publish_now_history":[],"rop_publish_now_status":"pending","footnotes":""},"categories":[195],"tags":[],"class_list":["post-7523","post","type-post","status-publish","format-standard","has-post-thumbnail","hentry","category-sao-paulo"],"amp_enabled":true,"_links":{"self":[{"href":"https:\/\/imais.online\/portal\/wp-json\/wp\/v2\/posts\/7523","targetHints":{"allow":["GET"]}}],"collection":[{"href":"https:\/\/imais.online\/portal\/wp-json\/wp\/v2\/posts"}],"about":[{"href":"https:\/\/imais.online\/portal\/wp-json\/wp\/v2\/types\/post"}],"author":[{"embeddable":true,"href":"https:\/\/imais.online\/portal\/wp-json\/wp\/v2\/users\/7"}],"replies":[{"embeddable":true,"href":"https:\/\/imais.online\/portal\/wp-json\/wp\/v2\/comments?post=7523"}],"version-history":[{"count":1,"href":"https:\/\/imais.online\/portal\/wp-json\/wp\/v2\/posts\/7523\/revisions"}],"predecessor-version":[{"id":7525,"href":"https:\/\/imais.online\/portal\/wp-json\/wp\/v2\/posts\/7523\/revisions\/7525"}],"wp:featuredmedia":[{"embeddable":true,"href":"https:\/\/imais.online\/portal\/wp-json\/wp\/v2\/media\/7524"}],"wp:attachment":[{"href":"https:\/\/imais.online\/portal\/wp-json\/wp\/v2\/media?parent=7523"}],"wp:term":[{"taxonomy":"category","embeddable":true,"href":"https:\/\/imais.online\/portal\/wp-json\/wp\/v2\/categories?post=7523"},{"taxonomy":"post_tag","embeddable":true,"href":"https:\/\/imais.online\/portal\/wp-json\/wp\/v2\/tags?post=7523"}],"curies":[{"name":"wp","href":"https:\/\/api.w.org\/{rel}","templated":true}]}}