{"id":7535,"date":"2022-06-24T14:47:29","date_gmt":"2022-06-24T17:47:29","guid":{"rendered":"https:\/\/imais.online\/portal\/?p=7535"},"modified":"2022-06-24T14:47:30","modified_gmt":"2022-06-24T17:47:30","slug":"temperatura-deve-despencar-em-sao-paulo-no-fim-de-semana","status":"publish","type":"post","link":"https:\/\/imais.online\/portal\/temperatura-deve-despencar-em-sao-paulo-no-fim-de-semana\/","title":{"rendered":"Temperatura deve despencar em S\u00e3o Paulo no fim de semana"},"content":{"rendered":"<div class=\"imais-before-content-placement\" id=\"imais-2256256958\"><script async src=\"\/\/pagead2.googlesyndication.com\/pagead\/js\/adsbygoogle.js?client=ca-pub-8787528412751566\" crossorigin=\"anonymous\"><\/script><ins class=\"adsbygoogle\" style=\"display:block;\" data-ad-client=\"ca-pub-8787528412751566\" \ndata-ad-slot=\"\" \ndata-ad-format=\"auto\"><\/ins>\n<script> \n(adsbygoogle = window.adsbygoogle || []).push({}); \n<\/script>\n<\/div>\n<h2 class=\"wp-block-heading\">Inverno, que come\u00e7ou na ter\u00e7a (21), come\u00e7a a ser oficialmente mais sentido neste s\u00e1bado (25); temperatura fica em torno de 14\u00b0C<\/h2>\n\n\n\n<p>A proximidade de uma \u00e1rea de baixa press\u00e3o atmosf\u00e9rica sobre o oceano muda o tempo na cidade de S\u00e3o Paulo neste fim de semana. Os ventos mudam de dire\u00e7\u00e3o e passam a soprar para o Sul e o Sudeste, aumentando a quantidade de nuvens e provocando o decl\u00ednio da temperatura.<\/p>\n\n\n\n<p>Os \u00faltimos dias na capital paulista foram predominantemente de sol, com temperatura entre 25\u00b0C e 28\u00b0C, sem chuva. Entretanto, a partir deste s\u00e1bado (25), o\u00a0<strong>inverno<\/strong>\u00a0come\u00e7a a ser oficialmente sentido, com a temperatura em torno de 14\u00b0C, tempo fechado e previs\u00e3o de chuva, de acordo com o CGE (Centro de Gerenciamento de Emerg\u00eancias Clim\u00e1ticas).<\/p>\n\n\n\n<p>No domingo (26) deve ocorrer chuviscos durante a madrugada e o amanhecer ser\u00e1 com muitas nuvens no c\u00e9u. A m\u00ednima prevista \u00e9 de 13\u00b0C e m\u00e1xima n\u00e3o deve passar de 18\u00b0C. \u00c0 noite tamb\u00e9m deve garoar.<\/p>\n\n\n\n<p>As condi\u00e7\u00f5es clim\u00e1ticas seguem as mesmas para o come\u00e7o da semana que vem. Na segunda-feira (27), n\u00e3o h\u00e1 previs\u00e3o de chuva, mas o clima segue nublado e frio, com m\u00e1xima de 20\u00b0C, condi\u00e7\u00f5es que seguem at\u00e9 o fim da semana e, apenas no domingo (3), a temperatura volta a se elevar um pouco, com previs\u00e3o de 25\u00b0C.<\/p>\n\n\n\n<p>Fonte R7 <\/p>\n","protected":false},"excerpt":{"rendered":"<p>Inverno, que come\u00e7ou na ter\u00e7a (21), come\u00e7a a ser oficialmente mais sentido neste s\u00e1bado (25); temperatura fica em torno de 14\u00b0C A proximidade de uma \u00e1rea de baixa press\u00e3o atmosf\u00e9rica sobre o oceano muda o tempo na cidade de S\u00e3o Paulo neste fim de semana. Os ventos mudam de dire\u00e7\u00e3o e passam a soprar para [&hellip;]<\/p>\n","protected":false},"author":8,"featured_media":7536,"comment_status":"closed","ping_status":"open","sticky":false,"template":"","format":"standard","meta":{"rop_custom_images_group":[],"rop_custom_messages_group":[],"rop_publish_now":"initial","rop_publish_now_accounts":[],"rop_publish_now_history":[],"rop_publish_now_status":"pending","footnotes":""},"categories":[195],"tags":[],"class_list":["post-7535","post","type-post","status-publish","format-standard","has-post-thumbnail","hentry","category-sao-paulo"],"amp_enabled":true,"_links":{"self":[{"href":"https:\/\/imais.online\/portal\/wp-json\/wp\/v2\/posts\/7535","targetHints":{"allow":["GET"]}}],"collection":[{"href":"https:\/\/imais.online\/portal\/wp-json\/wp\/v2\/posts"}],"about":[{"href":"https:\/\/imais.online\/portal\/wp-json\/wp\/v2\/types\/post"}],"author":[{"embeddable":true,"href":"https:\/\/imais.online\/portal\/wp-json\/wp\/v2\/users\/8"}],"replies":[{"embeddable":true,"href":"https:\/\/imais.online\/portal\/wp-json\/wp\/v2\/comments?post=7535"}],"version-history":[{"count":1,"href":"https:\/\/imais.online\/portal\/wp-json\/wp\/v2\/posts\/7535\/revisions"}],"predecessor-version":[{"id":7537,"href":"https:\/\/imais.online\/portal\/wp-json\/wp\/v2\/posts\/7535\/revisions\/7537"}],"wp:featuredmedia":[{"embeddable":true,"href":"https:\/\/imais.online\/portal\/wp-json\/wp\/v2\/media\/7536"}],"wp:attachment":[{"href":"https:\/\/imais.online\/portal\/wp-json\/wp\/v2\/media?parent=7535"}],"wp:term":[{"taxonomy":"category","embeddable":true,"href":"https:\/\/imais.online\/portal\/wp-json\/wp\/v2\/categories?post=7535"},{"taxonomy":"post_tag","embeddable":true,"href":"https:\/\/imais.online\/portal\/wp-json\/wp\/v2\/tags?post=7535"}],"curies":[{"name":"wp","href":"https:\/\/api.w.org\/{rel}","templated":true}]}}