{"id":754,"date":"2021-08-17T11:17:15","date_gmt":"2021-08-17T14:17:15","guid":{"rendered":"https:\/\/imais.online\/portal\/?p=754"},"modified":"2021-08-17T11:17:16","modified_gmt":"2021-08-17T14:17:16","slug":"fatima-bernardes-tem-indisposicao-e-fernanda-gentil-apresenta-encontro","status":"publish","type":"post","link":"https:\/\/imais.online\/portal\/fatima-bernardes-tem-indisposicao-e-fernanda-gentil-apresenta-encontro\/","title":{"rendered":"F\u00e1tima Bernardes tem indisposi\u00e7\u00e3o e Fernanda Gentil apresenta &#8216;Encontro&#8217;"},"content":{"rendered":"<div class=\"imais-before-content-placement\" id=\"imais-1513353364\"><script async src=\"\/\/pagead2.googlesyndication.com\/pagead\/js\/adsbygoogle.js?client=ca-pub-8787528412751566\" crossorigin=\"anonymous\"><\/script><ins class=\"adsbygoogle\" style=\"display:block;\" data-ad-client=\"ca-pub-8787528412751566\" \ndata-ad-slot=\"\" \ndata-ad-format=\"auto\"><\/ins>\n<script> \n(adsbygoogle = window.adsbygoogle || []).push({}); \n<\/script>\n<\/div>\n<p>Fernanda Gentil e Andr\u00e9 Curvello substitu\u00edram F\u00e1tima Bernardes na apresenta\u00e7\u00e3o do &#8220;Encontro&#8221; de hoje. <\/p>\n\n\n\n<p>Logo no in\u00edcio do programa, Gentil esclareceu que a apresentadora passou mal durante a madrugada e acordou indisposta. Ela ainda afirmou que F\u00e1tima fez testes para detectar a covid-19, que deram negativo.<\/p>\n\n\n\n<p>Eu tamb\u00e9m quase acabei de chegar, foi tudo muito corrido. A F\u00e1tima n\u00e3o se sentiu bem nessa madrugada, acordou indisposta, fez o exame de covid-19, j\u00e1 deu negativo, e est\u00e1 se recuperando. explicou Fernanda Gentil.<\/p>\n\n\n\n<p><\/p>\n\n\n\n<p><\/p>\n\n\n\n<p><\/p>\n","protected":false},"excerpt":{"rendered":"<p>Fernanda Gentil e Andr\u00e9 Curvello substitu\u00edram F\u00e1tima Bernardes na apresenta\u00e7\u00e3o do &#8220;Encontro&#8221; de hoje. Logo no in\u00edcio do programa, Gentil esclareceu que a apresentadora passou mal durante a madrugada e acordou indisposta. Ela ainda afirmou que F\u00e1tima fez testes para detectar a covid-19, que deram negativo. Eu tamb\u00e9m quase acabei de chegar, foi tudo muito [&hellip;]<\/p>\n","protected":false},"author":8,"featured_media":755,"comment_status":"closed","ping_status":"open","sticky":false,"template":"","format":"standard","meta":{"rop_custom_images_group":[],"rop_custom_messages_group":[],"rop_publish_now":"initial","rop_publish_now_accounts":[],"rop_publish_now_history":[],"rop_publish_now_status":"pending","footnotes":""},"categories":[16],"tags":[],"class_list":["post-754","post","type-post","status-publish","format-standard","has-post-thumbnail","hentry","category-entertainment"],"amp_enabled":true,"_links":{"self":[{"href":"https:\/\/imais.online\/portal\/wp-json\/wp\/v2\/posts\/754","targetHints":{"allow":["GET"]}}],"collection":[{"href":"https:\/\/imais.online\/portal\/wp-json\/wp\/v2\/posts"}],"about":[{"href":"https:\/\/imais.online\/portal\/wp-json\/wp\/v2\/types\/post"}],"author":[{"embeddable":true,"href":"https:\/\/imais.online\/portal\/wp-json\/wp\/v2\/users\/8"}],"replies":[{"embeddable":true,"href":"https:\/\/imais.online\/portal\/wp-json\/wp\/v2\/comments?post=754"}],"version-history":[{"count":1,"href":"https:\/\/imais.online\/portal\/wp-json\/wp\/v2\/posts\/754\/revisions"}],"predecessor-version":[{"id":756,"href":"https:\/\/imais.online\/portal\/wp-json\/wp\/v2\/posts\/754\/revisions\/756"}],"wp:featuredmedia":[{"embeddable":true,"href":"https:\/\/imais.online\/portal\/wp-json\/wp\/v2\/media\/755"}],"wp:attachment":[{"href":"https:\/\/imais.online\/portal\/wp-json\/wp\/v2\/media?parent=754"}],"wp:term":[{"taxonomy":"category","embeddable":true,"href":"https:\/\/imais.online\/portal\/wp-json\/wp\/v2\/categories?post=754"},{"taxonomy":"post_tag","embeddable":true,"href":"https:\/\/imais.online\/portal\/wp-json\/wp\/v2\/tags?post=754"}],"curies":[{"name":"wp","href":"https:\/\/api.w.org\/{rel}","templated":true}]}}