{"id":7556,"date":"2022-06-26T08:03:22","date_gmt":"2022-06-26T11:03:22","guid":{"rendered":"https:\/\/imais.online\/portal\/?p=7556"},"modified":"2022-06-26T08:04:47","modified_gmt":"2022-06-26T11:04:47","slug":"assalto-e-tiroteio-no-shopping-dom-pedro-em-campinas-deixa-dois-feridos","status":"publish","type":"post","link":"https:\/\/imais.online\/portal\/assalto-e-tiroteio-no-shopping-dom-pedro-em-campinas-deixa-dois-feridos\/","title":{"rendered":"Assalto e tiroteio no Shopping Dom Pedro em Campinas deixa dois feridos"},"content":{"rendered":"<div class=\"imais-before-content-placement\" id=\"imais-1169149536\"><script async src=\"\/\/pagead2.googlesyndication.com\/pagead\/js\/adsbygoogle.js?client=ca-pub-8787528412751566\" crossorigin=\"anonymous\"><\/script><ins class=\"adsbygoogle\" style=\"display:block;\" data-ad-client=\"ca-pub-8787528412751566\" \ndata-ad-slot=\"\" \ndata-ad-format=\"auto\"><\/ins>\n<script> \n(adsbygoogle = window.adsbygoogle || []).push({}); \n<\/script>\n<\/div>\n<p>Imagens de c\u00e2mera de seguran\u00e7a mostram o momento em que uma joalheria \u00e9 assaltada no Parque D. Pedro Shopping, em Campinas (SP).\u00a0O crime foi na noite deste s\u00e1bado (25), houve troca de tiros e duas pessoas foram baleadas.\u00a0A Pol\u00edcia Militar ainda n\u00e3o sabe se o crime foi consumado.<\/p>\n\n\n\n<p>Em um v\u00eddeo de seguran\u00e7a, uma funcion\u00e1ria aparece abrindo as gavetas do cofre, retirando objetos de valor e colocando em uma sacola. Na porta, o ladr\u00e3o aparece, segurando uma arma longa. O roubo foi perto das 20h.\u00a0<\/p>\n\n\n\n<figure class=\"wp-block-image size-full\"><img loading=\"lazy\" decoding=\"async\" width=\"720\" height=\"1005\" src=\"https:\/\/imais.online\/portal\/wp-content\/uploads\/2022\/06\/8893cd855fc9286bd935.png\" alt=\"\" class=\"wp-image-7558\" srcset=\"https:\/\/imais.online\/portal\/wp-content\/uploads\/2022\/06\/8893cd855fc9286bd935.png 720w, https:\/\/imais.online\/portal\/wp-content\/uploads\/2022\/06\/8893cd855fc9286bd935-215x300.png 215w\" sizes=\"auto, (max-width: 720px) 100vw, 720px\" \/><figcaption>Foto: reprodu\u00e7\u00e3o redes sociais<\/figcaption><\/figure>\n\n\n\n<p>Duas pessoas ficaram feridas&nbsp;e foram encaminhadas pela ambul\u00e2ncia do centro de compras ao Hospital de Cl\u00ednicas (HC) da Unicamp, segundo informa\u00e7\u00f5es do Servi\u00e7o de Atendimento M\u00f3vel de Urg\u00eancia (Samu).<\/p>\n\n\n\n<p>O HC informou que as v\u00edtimas s\u00e3o seguran\u00e7as do shopping e tiveram ferimentos nas pernas. Os dois passam bem e devem ter alta em breve.<\/p>\n\n\n\n<p>A Pol\u00edcia Militar disse que ao menos duas joalherias teriam sido alvo dos assaltantes. N\u00e3o h\u00e1 informa\u00e7\u00f5es sobre presos e sobre o n\u00famero de criminosos envolvidos.\u00a0O shopping \u00e9 um dos maiores do Brasil.<\/p>\n\n\n\n<p>Disparos de tiros foram ouvidos pelas pessoas que estavam no shopping no momento da ocorr\u00eancia. Houve correria e gritos de desespero. Pessoas que estavam nos corredores correram para as lojas para se proteger.<\/p>\n\n\n\n<p>Quem estava no cinema precisou aguardar a Pol\u00edcia Militar liberar a sala, e as pessoas foram retiradas em fila, por volta das 21h. A movimenta\u00e7\u00e3o e a tens\u00e3o seguiu at\u00e9 o estacionamento do centro de compras.<\/p>\n\n\n\n<blockquote class=\"wp-block-quote is-layout-flow wp-block-quote-is-layout-flow\"><p>&#8220;Todo mundo saiu correndo, um desespero&#8221;, disse um deles, j\u00e1 do lado de fora do shopping.<\/p><\/blockquote>\n\n\n\n<p>Em nota, o shopping afirmou que os envolvidos fugiram ap\u00f3s assalto e nenhum cliente ficou ferido. &#8220;O shopping colabora com as investiga\u00e7\u00f5es e reabrir\u00e1 neste domingo normalmente&#8221;.<\/p>\n\n\n\n<p>Via G1 Campinas<\/p>\n","protected":false},"excerpt":{"rendered":"<p>Imagens de c\u00e2mera de seguran\u00e7a mostram o momento em que uma joalheria \u00e9 assaltada no Parque D. Pedro Shopping, em Campinas (SP).\u00a0O crime foi na noite deste s\u00e1bado (25), houve troca de tiros e duas pessoas foram baleadas.\u00a0A Pol\u00edcia Militar ainda n\u00e3o sabe se o crime foi consumado. Em um v\u00eddeo de seguran\u00e7a, uma funcion\u00e1ria [&hellip;]<\/p>\n","protected":false},"author":7,"featured_media":7557,"comment_status":"closed","ping_status":"open","sticky":false,"template":"","format":"standard","meta":{"rop_custom_images_group":[],"rop_custom_messages_group":[],"rop_publish_now":"initial","rop_publish_now_accounts":[],"rop_publish_now_history":[],"rop_publish_now_status":"pending","footnotes":""},"categories":[194],"tags":[73],"class_list":["post-7556","post","type-post","status-publish","format-standard","has-post-thumbnail","hentry","category-regia","tag-featured"],"amp_enabled":true,"_links":{"self":[{"href":"https:\/\/imais.online\/portal\/wp-json\/wp\/v2\/posts\/7556","targetHints":{"allow":["GET"]}}],"collection":[{"href":"https:\/\/imais.online\/portal\/wp-json\/wp\/v2\/posts"}],"about":[{"href":"https:\/\/imais.online\/portal\/wp-json\/wp\/v2\/types\/post"}],"author":[{"embeddable":true,"href":"https:\/\/imais.online\/portal\/wp-json\/wp\/v2\/users\/7"}],"replies":[{"embeddable":true,"href":"https:\/\/imais.online\/portal\/wp-json\/wp\/v2\/comments?post=7556"}],"version-history":[{"count":2,"href":"https:\/\/imais.online\/portal\/wp-json\/wp\/v2\/posts\/7556\/revisions"}],"predecessor-version":[{"id":7560,"href":"https:\/\/imais.online\/portal\/wp-json\/wp\/v2\/posts\/7556\/revisions\/7560"}],"wp:featuredmedia":[{"embeddable":true,"href":"https:\/\/imais.online\/portal\/wp-json\/wp\/v2\/media\/7557"}],"wp:attachment":[{"href":"https:\/\/imais.online\/portal\/wp-json\/wp\/v2\/media?parent=7556"}],"wp:term":[{"taxonomy":"category","embeddable":true,"href":"https:\/\/imais.online\/portal\/wp-json\/wp\/v2\/categories?post=7556"},{"taxonomy":"post_tag","embeddable":true,"href":"https:\/\/imais.online\/portal\/wp-json\/wp\/v2\/tags?post=7556"}],"curies":[{"name":"wp","href":"https:\/\/api.w.org\/{rel}","templated":true}]}}