{"id":760,"date":"2021-08-17T15:00:44","date_gmt":"2021-08-17T18:00:44","guid":{"rendered":"https:\/\/imais.online\/portal\/?p=760"},"modified":"2021-08-17T15:00:46","modified_gmt":"2021-08-17T18:00:46","slug":"cameron-diaz-explica-por-que-abandonou-a-carreira-de-atriz","status":"publish","type":"post","link":"https:\/\/imais.online\/portal\/cameron-diaz-explica-por-que-abandonou-a-carreira-de-atriz\/","title":{"rendered":"Cameron Diaz explica por que abandonou a carreira de atriz"},"content":{"rendered":"<div class=\"imais-before-content-placement\" id=\"imais-145117307\"><script async src=\"\/\/pagead2.googlesyndication.com\/pagead\/js\/adsbygoogle.js?client=ca-pub-8787528412751566\" crossorigin=\"anonymous\"><\/script><ins class=\"adsbygoogle\" style=\"display:block;\" data-ad-client=\"ca-pub-8787528412751566\" \ndata-ad-slot=\"\" \ndata-ad-format=\"auto\"><\/ins>\n<script> \n(adsbygoogle = window.adsbygoogle || []).push({}); \n<\/script>\n<\/div>\n<h3 class=\"wp-block-heading\">Sem atuar desde 2018, a artista contou que, mesmo amando a profiss\u00e3o, ela n\u00e3o se arrepende da sua decis\u00e3o<\/h3>\n\n\n\n<p><a href=\"https:\/\/jovempan.com.br\/tag\/Cameron-Diaz\"><strong>Cameron Diaz<\/strong><\/a>&nbsp;decidiu em 2018 que iria se aposentar da carreira de&nbsp;<strong>atriz<\/strong>&nbsp;e a declara\u00e7\u00e3o pegou os f\u00e3s e muitas pessoas de Hollywood de surpresa. A artista, de 48 anos, n\u00e3o falou muito do assunto na \u00e9poca, mas decidiu explicar o que a motivou a abandonar a atua\u00e7\u00e3o durante sua participa\u00e7\u00e3o na atra\u00e7\u00e3o \u201cHart to Hart\u201d, comandada por&nbsp;<strong><a href=\"https:\/\/jovempan.com.br\/tag\/Kevin-Hart\">Kevin Hart<\/a><\/strong>. Cameron deixou claro que ama ser atriz, mas que a profiss\u00e3o fazia com que ela n\u00e3o conseguisse mais administrar a pr\u00f3pria vida. \u201cQuando voc\u00ea faz algo em um n\u00edvel muito alto por um longo per\u00edodo de tempo, quando voc\u00ea \u00e9 a pessoa que est\u00e1 entregando uma coisa, tudo ao seu redor precisa ser feito por outras pessoas\u201d, declarou.&nbsp;<\/p>\n\n\n\n<p>Por volta dos 40 anos, Cameron percebeu que havia muitos aspectos da sua vida que ela n\u00e3o podia administrar por ser tudo muito grandioso, incluindo as finan\u00e7as de casa. \u201cEu realmente queria tornar minha vida gerenci\u00e1vel por mim. Minha rotina hoje em dia \u00e9 literalmente baseada no que eu consigo fazer sozinha.\u201d A artista disse que tomar essa decis\u00e3o fez com que ela se sentisse inteira e, nesse tempo que ficou longe das c\u00e2meras, conheceu seu atual marido,&nbsp;<strong>Benji Madden<\/strong>, e eles tiveram uma filha, Raddix, que nasceu em 2019. Com uma vida menos agitada, a artista sente que ganhou mais tempo para fazer coisas que n\u00e3o fazia e tamb\u00e9m espa\u00e7o para tomar as pr\u00f3prias decis\u00f5es. O \u00faltimo filme estrelado por Cameron foi \u201cAnnie\u201d, uma vers\u00e3o repaginada do cl\u00e1ssico musical de 1982 lan\u00e7ado em 2014. Sem atuar, ela apostou na carreira de empres\u00e1ria investindo em startups e lan\u00e7ando sua pr\u00f3pria marca de vinho org\u00e2nico.<\/p>\n","protected":false},"excerpt":{"rendered":"<p>Sem atuar desde 2018, a artista contou que, mesmo amando a profiss\u00e3o, ela n\u00e3o se arrepende da sua decis\u00e3o Cameron Diaz&nbsp;decidiu em 2018 que iria se aposentar da carreira de&nbsp;atriz&nbsp;e a declara\u00e7\u00e3o pegou os f\u00e3s e muitas pessoas de Hollywood de surpresa. A artista, de 48 anos, n\u00e3o falou muito do assunto na \u00e9poca, mas [&hellip;]<\/p>\n","protected":false},"author":8,"featured_media":761,"comment_status":"closed","ping_status":"open","sticky":false,"template":"","format":"standard","meta":{"rop_custom_images_group":[],"rop_custom_messages_group":[],"rop_publish_now":"initial","rop_publish_now_accounts":[],"rop_publish_now_history":[],"rop_publish_now_status":"pending","footnotes":""},"categories":[16],"tags":[],"class_list":["post-760","post","type-post","status-publish","format-standard","has-post-thumbnail","hentry","category-entertainment"],"amp_enabled":true,"_links":{"self":[{"href":"https:\/\/imais.online\/portal\/wp-json\/wp\/v2\/posts\/760","targetHints":{"allow":["GET"]}}],"collection":[{"href":"https:\/\/imais.online\/portal\/wp-json\/wp\/v2\/posts"}],"about":[{"href":"https:\/\/imais.online\/portal\/wp-json\/wp\/v2\/types\/post"}],"author":[{"embeddable":true,"href":"https:\/\/imais.online\/portal\/wp-json\/wp\/v2\/users\/8"}],"replies":[{"embeddable":true,"href":"https:\/\/imais.online\/portal\/wp-json\/wp\/v2\/comments?post=760"}],"version-history":[{"count":1,"href":"https:\/\/imais.online\/portal\/wp-json\/wp\/v2\/posts\/760\/revisions"}],"predecessor-version":[{"id":762,"href":"https:\/\/imais.online\/portal\/wp-json\/wp\/v2\/posts\/760\/revisions\/762"}],"wp:featuredmedia":[{"embeddable":true,"href":"https:\/\/imais.online\/portal\/wp-json\/wp\/v2\/media\/761"}],"wp:attachment":[{"href":"https:\/\/imais.online\/portal\/wp-json\/wp\/v2\/media?parent=760"}],"wp:term":[{"taxonomy":"category","embeddable":true,"href":"https:\/\/imais.online\/portal\/wp-json\/wp\/v2\/categories?post=760"},{"taxonomy":"post_tag","embeddable":true,"href":"https:\/\/imais.online\/portal\/wp-json\/wp\/v2\/tags?post=760"}],"curies":[{"name":"wp","href":"https:\/\/api.w.org\/{rel}","templated":true}]}}