{"id":7622,"date":"2022-06-29T14:09:10","date_gmt":"2022-06-29T17:09:10","guid":{"rendered":"https:\/\/imais.online\/portal\/?p=7622"},"modified":"2022-06-29T14:09:12","modified_gmt":"2022-06-29T17:09:12","slug":"greve-de-onibus-afeta-15-milhao-de-passageiros-e-congestionamento-chega-a-146-quilometros-em-sp","status":"publish","type":"post","link":"https:\/\/imais.online\/portal\/greve-de-onibus-afeta-15-milhao-de-passageiros-e-congestionamento-chega-a-146-quilometros-em-sp\/","title":{"rendered":"Greve de \u00f4nibus afeta 1,5 milh\u00e3o de passageiros e congestionamento chega a 146 quil\u00f4metros em SP&nbsp;"},"content":{"rendered":"<div class=\"imais-before-content-placement\" id=\"imais-5080627\"><script async src=\"\/\/pagead2.googlesyndication.com\/pagead\/js\/adsbygoogle.js?client=ca-pub-8787528412751566\" crossorigin=\"anonymous\"><\/script><ins class=\"adsbygoogle\" style=\"display:block;\" data-ad-client=\"ca-pub-8787528412751566\" \ndata-ad-slot=\"\" \ndata-ad-format=\"auto\"><\/ins>\n<script> \n(adsbygoogle = window.adsbygoogle || []).push({}); \n<\/script>\n<\/div>\n<h2 class=\"wp-block-heading\">Paralisa\u00e7\u00e3o de motoristas \u00e9 a segunda em 15 dias. Rod\u00edzio de ve\u00edculos est\u00e1 suspenso e tr\u00e2nsito liberado em faixas e corredores<\/h2>\n\n\n\n<p>Em mais um dia de\u00a0<strong>greve de \u00f4nibus na capital paulista<\/strong>, 1,5 milh\u00e3o de passageiros tiveram dificuldade para chegar ao trabalho. O rod\u00edzio de ve\u00edculos foi suspenso nesta quarta-feira (29) e o congestionamento chegou a 146\u00a0quil\u00f4metros \u00e0s 9h, de acordo com a CET (Companhia de Engenharia de Tr\u00e1fego).<\/p>\n\n\n\n<p>A paralisa\u00e7\u00e3o afeta 675 linhas e 6.008 \u00f4nibus.\u00a0A Justi\u00e7a do Trabalho determinou a manuten\u00e7\u00e3o de 80% da frota em circula\u00e7\u00e3o nos hor\u00e1rios de pico e 60% nos demais hor\u00e1rios, sob pena de multa di\u00e1ria de R$ 50 mil. A SPTrans solicitou \u00e0 Justi\u00e7a o aumento do valor da multa, al\u00e9m de autua\u00e7\u00e3o de empresas pelo n\u00e3o cumprimento das viagens.<\/p>\n\n\n\n<p>Com a libera\u00e7\u00e3o da circula\u00e7\u00e3o de carros com placas final 5 e 6 e a permiss\u00e3o de tr\u00e1fego em faixas e corredores de \u00f4nibus, motoristas enfrentaram longas filas no tr\u00e2nsito. \u00c0s 9h, a CET registrou 146 quil\u00f4metros, o pico da manh\u00e3. No mesmo dia da semana passada, o \u00edndice era de 111 quil\u00f4metros.<\/p>\n\n\n\n<p>Na \u00faltima greve, no dia 14, o pico de congestionamento foi de 164 quil\u00f4metros. De acordo com a CET, a m\u00e9dia de lentid\u00e3o na cidade est\u00e1 34% abaixo da m\u00e9dia da \u00faltima greve.<\/p>\n\n\n\n<p>Quase metade do congestionamento est\u00e1 concentrado na regi\u00e3o sul, seguido pelas zonas oeste e leste da capital. Apenas na marginal Tiet\u00ea no sentido Castelo Branco, eram 7 quil\u00f4metros de filas. Na avenida dos Bandeirantes no sentido marginal, s\u00e3o outros 5 quil\u00f4metros de lentid\u00e3o.\u00a0<\/p>\n\n\n\n<p>A Zona Azul na capital est\u00e1 mantida.<\/p>\n\n\n\n<p>O julgamento do diss\u00eddio coletivo de motoristas e cobradores de \u00f4nibus no TRT (Tribunal Regional do Trabalho) est\u00e1 marcado para as 15h a pedido do SPUrbannus (Sindicato das Empresas de Transporte Coletivo Urbano de S\u00e3o Paulo).<\/p>\n\n\n\n<p>Em nota, o sindicato patronal informou que enviou, no fim da tarde desta ter\u00e7a-feira (28), &#8220;correspond\u00eancia \u00e0 prefeitura, Secretaria de Seguran\u00e7a P\u00fablica, Secretaria Municipal de Seguran\u00e7a Urbana, Guarda Civil Metropolitana e SPTrans pedindo de refor\u00e7o policial nas garagens e principais corredores de \u00f4nibus para garantir a opera\u00e7\u00e3o da frota poss\u00edvel, com o objetivo de minimizar os efeitos da paralisa\u00e7\u00e3o dos operadores&#8221;.<\/p>\n\n\n\n<p>Fonte R7 <\/p>\n","protected":false},"excerpt":{"rendered":"<p>Paralisa\u00e7\u00e3o de motoristas \u00e9 a segunda em 15 dias. Rod\u00edzio de ve\u00edculos est\u00e1 suspenso e tr\u00e2nsito liberado em faixas e corredores Em mais um dia de\u00a0greve de \u00f4nibus na capital paulista, 1,5 milh\u00e3o de passageiros tiveram dificuldade para chegar ao trabalho. O rod\u00edzio de ve\u00edculos foi suspenso nesta quarta-feira (29) e o congestionamento chegou a [&hellip;]<\/p>\n","protected":false},"author":8,"featured_media":7623,"comment_status":"closed","ping_status":"open","sticky":false,"template":"","format":"standard","meta":{"rop_custom_images_group":[],"rop_custom_messages_group":[],"rop_publish_now":"initial","rop_publish_now_accounts":[],"rop_publish_now_history":[],"rop_publish_now_status":"pending","footnotes":""},"categories":[195],"tags":[],"class_list":["post-7622","post","type-post","status-publish","format-standard","has-post-thumbnail","hentry","category-sao-paulo"],"amp_enabled":true,"_links":{"self":[{"href":"https:\/\/imais.online\/portal\/wp-json\/wp\/v2\/posts\/7622","targetHints":{"allow":["GET"]}}],"collection":[{"href":"https:\/\/imais.online\/portal\/wp-json\/wp\/v2\/posts"}],"about":[{"href":"https:\/\/imais.online\/portal\/wp-json\/wp\/v2\/types\/post"}],"author":[{"embeddable":true,"href":"https:\/\/imais.online\/portal\/wp-json\/wp\/v2\/users\/8"}],"replies":[{"embeddable":true,"href":"https:\/\/imais.online\/portal\/wp-json\/wp\/v2\/comments?post=7622"}],"version-history":[{"count":1,"href":"https:\/\/imais.online\/portal\/wp-json\/wp\/v2\/posts\/7622\/revisions"}],"predecessor-version":[{"id":7624,"href":"https:\/\/imais.online\/portal\/wp-json\/wp\/v2\/posts\/7622\/revisions\/7624"}],"wp:featuredmedia":[{"embeddable":true,"href":"https:\/\/imais.online\/portal\/wp-json\/wp\/v2\/media\/7623"}],"wp:attachment":[{"href":"https:\/\/imais.online\/portal\/wp-json\/wp\/v2\/media?parent=7622"}],"wp:term":[{"taxonomy":"category","embeddable":true,"href":"https:\/\/imais.online\/portal\/wp-json\/wp\/v2\/categories?post=7622"},{"taxonomy":"post_tag","embeddable":true,"href":"https:\/\/imais.online\/portal\/wp-json\/wp\/v2\/tags?post=7622"}],"curies":[{"name":"wp","href":"https:\/\/api.w.org\/{rel}","templated":true}]}}