{"id":764,"date":"2021-08-17T17:16:21","date_gmt":"2021-08-17T20:16:21","guid":{"rendered":"https:\/\/imais.online\/portal\/?p=764"},"modified":"2021-08-17T17:16:23","modified_gmt":"2021-08-17T20:16:23","slug":"codigo-0303-pode-ser-criado-para-identificar-ligacoes-de-telemarketing","status":"publish","type":"post","link":"https:\/\/imais.online\/portal\/codigo-0303-pode-ser-criado-para-identificar-ligacoes-de-telemarketing\/","title":{"rendered":"C\u00f3digo 0303 pode ser criado para identificar liga\u00e7\u00f5es de telemarketing"},"content":{"rendered":"<div class=\"imais-before-content-placement\" id=\"imais-1969598699\"><script async src=\"\/\/pagead2.googlesyndication.com\/pagead\/js\/adsbygoogle.js?client=ca-pub-8787528412751566\" crossorigin=\"anonymous\"><\/script><ins class=\"adsbygoogle\" style=\"display:block;\" data-ad-client=\"ca-pub-8787528412751566\" \ndata-ad-slot=\"\" \ndata-ad-format=\"auto\"><\/ins>\n<script> \n(adsbygoogle = window.adsbygoogle || []).push({}); \n<\/script>\n<\/div>\n<p class=\"has-text-align-center\">Anatel abriu consulta p\u00fablica at\u00e9 o dia 29 de setembro<\/p>\n\n\n\n<p>A Ag\u00eancia Nacional de Telecomunica\u00e7\u00f5es (Anatel) abriu consulta p\u00fablica sobre a proposta de definir o c\u00f3digo 0303 para liga\u00e7\u00f5es de telemarketing. A\u00a0Consulta P\u00fablica n\u00ba 41\/2021\u00a0recebe contribui\u00e7\u00f5es at\u00e9 o dia 29 de setembro.<img decoding=\"async\" src=\"https:\/\/agenciabrasil.ebc.com.br\/ebc.png?id=1418707&amp;o=node\"><img decoding=\"async\" src=\"https:\/\/agenciabrasil.ebc.com.br\/ebc.gif?id=1418707&amp;o=node\"><\/p>\n\n\n\n<p>Com o c\u00f3digo, o consumidor poder\u00e1 identificar liga\u00e7\u00f5es de oferta de produtos e servi\u00e7os. \u201cO uso padronizado dessa numera\u00e7\u00e3o ser\u00e1 uma ferramenta importante para o consumidor na identifica\u00e7\u00e3o das chamadas de telemarketing\u201d, explica a Anatel.<\/p>\n\n\n\n<p>A ag\u00eancia acrescenta que a proposta decorre de trabalhos desenvolvidos pela Anatel com as prestadoras de servi\u00e7os de telecomunica\u00e7\u00f5es.<\/p>\n\n\n\n<p>Para enviar sugest\u00f5es, o cidad\u00e3o deve clicar em \u201ccontribuir\u201d na p\u00e1gina da consulta p\u00fablica.<\/p>\n","protected":false},"excerpt":{"rendered":"<p>Anatel abriu consulta p\u00fablica at\u00e9 o dia 29 de setembro A Ag\u00eancia Nacional de Telecomunica\u00e7\u00f5es (Anatel) abriu consulta p\u00fablica sobre a proposta de definir o c\u00f3digo 0303 para liga\u00e7\u00f5es de telemarketing. A\u00a0Consulta P\u00fablica n\u00ba 41\/2021\u00a0recebe contribui\u00e7\u00f5es at\u00e9 o dia 29 de setembro. Com o c\u00f3digo, o consumidor poder\u00e1 identificar liga\u00e7\u00f5es de oferta de produtos e [&hellip;]<\/p>\n","protected":false},"author":6,"featured_media":765,"comment_status":"closed","ping_status":"open","sticky":false,"template":"","format":"standard","meta":{"rop_custom_images_group":[],"rop_custom_messages_group":[],"rop_publish_now":"initial","rop_publish_now_accounts":[],"rop_publish_now_history":[],"rop_publish_now_status":"pending","footnotes":""},"categories":[189],"tags":[],"class_list":["post-764","post","type-post","status-publish","format-standard","has-post-thumbnail","hentry","category-brasil"],"amp_enabled":true,"_links":{"self":[{"href":"https:\/\/imais.online\/portal\/wp-json\/wp\/v2\/posts\/764","targetHints":{"allow":["GET"]}}],"collection":[{"href":"https:\/\/imais.online\/portal\/wp-json\/wp\/v2\/posts"}],"about":[{"href":"https:\/\/imais.online\/portal\/wp-json\/wp\/v2\/types\/post"}],"author":[{"embeddable":true,"href":"https:\/\/imais.online\/portal\/wp-json\/wp\/v2\/users\/6"}],"replies":[{"embeddable":true,"href":"https:\/\/imais.online\/portal\/wp-json\/wp\/v2\/comments?post=764"}],"version-history":[{"count":1,"href":"https:\/\/imais.online\/portal\/wp-json\/wp\/v2\/posts\/764\/revisions"}],"predecessor-version":[{"id":766,"href":"https:\/\/imais.online\/portal\/wp-json\/wp\/v2\/posts\/764\/revisions\/766"}],"wp:featuredmedia":[{"embeddable":true,"href":"https:\/\/imais.online\/portal\/wp-json\/wp\/v2\/media\/765"}],"wp:attachment":[{"href":"https:\/\/imais.online\/portal\/wp-json\/wp\/v2\/media?parent=764"}],"wp:term":[{"taxonomy":"category","embeddable":true,"href":"https:\/\/imais.online\/portal\/wp-json\/wp\/v2\/categories?post=764"},{"taxonomy":"post_tag","embeddable":true,"href":"https:\/\/imais.online\/portal\/wp-json\/wp\/v2\/tags?post=764"}],"curies":[{"name":"wp","href":"https:\/\/api.w.org\/{rel}","templated":true}]}}