{"id":7692,"date":"2022-07-01T16:32:53","date_gmt":"2022-07-01T19:32:53","guid":{"rendered":"https:\/\/imais.online\/portal\/?p=7692"},"modified":"2022-07-01T16:32:54","modified_gmt":"2022-07-01T19:32:54","slug":"com-gravacoes-em-campinas-sergio-marone-participa-do-programa-casa-szafir","status":"publish","type":"post","link":"https:\/\/imais.online\/portal\/com-gravacoes-em-campinas-sergio-marone-participa-do-programa-casa-szafir\/","title":{"rendered":"Com grava\u00e7\u00f5es em Campinas, S\u00e9rgio Marone participa do programa Casa Szafir"},"content":{"rendered":"<div class=\"imais-before-content-placement\" id=\"imais-1594206243\"><script async src=\"\/\/pagead2.googlesyndication.com\/pagead\/js\/adsbygoogle.js?client=ca-pub-8787528412751566\" crossorigin=\"anonymous\"><\/script><ins class=\"adsbygoogle\" style=\"display:block;\" data-ad-client=\"ca-pub-8787528412751566\" \ndata-ad-slot=\"\" \ndata-ad-format=\"auto\"><\/ins>\n<script> \n(adsbygoogle = window.adsbygoogle || []).push({}); \n<\/script>\n<\/div>\n<p class=\"has-text-align-center\"><em>Casa Szafir estreou dia 4\/6 e \u00e9 veiculado aos s\u00e1bados pela filiada da SBT, das 13h15 \u00e0s 14h15<\/em><\/p>\n\n\n\n<p>O ator e apresentador, Luciano Szafir, que se mudou recentemente com sua fam\u00edlia para Campinas, interior de SP, estreou com seu novo programa semanal &#8216;Casa Szafir&#8217;, gravado na resid\u00eancia do pr\u00f3prio no in\u00edcio do m\u00eas de junho. Neste s\u00e1bado 2\/7, ir\u00e1 ao ar o quinto epis\u00f3dio, das 13h15 \u00e0s 14h15. O convidado da vez \u00e9 o ator S\u00e9rgio Marone falando sobre sustentabilidade. Quem tamb\u00e9m vai soltar a voz esta semana \u00e9 a Luhanna, esposa de Szafir e m\u00e3e de seus dois filhos.<\/p>\n\n\n\n<p>Marone \u00e9 ator e apresentador de TV e ganhou fama em 2001 nas telenovelas <em>Estrela-Guia<\/em> e <em>O Clone<\/em>. Na TV Record teve papel de destaque em <em>Os Dez Mandamentos<\/em>. Em 2020, criou um canal no YouTube com dicas e curiosidades. Em mar\u00e7o de 2021 foi contratado pelo SBT para apresentar o show de talentos, <em>Cozinhe Se Puder<\/em>.<\/p>\n\n\n\n<p>Assista ao programa Casa Szafir pela televis\u00e3o, YouTube da Casa Szafir e YouTube da VTV.<\/p>\n\n\n\n<p>Os epis\u00f3dios ficar\u00e3o dispon\u00edveis posteriormente tamb\u00e9m na p\u00e1gina do Facebook Casa Szafir e canal do YouTube Casa Szafir.<\/p>\n\n\n\n<p><strong>SOBRE O PROGRAMA<\/strong><\/p>\n\n\n\n<p>Luciano Szafir est\u00e1 de volta \u00e0 TV! O ator e apresentador estreou o \u2018Casa Szafir\u2019, pela VTV Campinas, afiliada do SBT. O programa \u00e9 transmitido para 66 munic\u00edpios da regi\u00e3o Metropolitana de Campinas e Baixada Santista, al\u00e9m do canal do Youtube da VTV.<\/p>\n\n\n\n<p>No ar aos s\u00e1bados, de 13h15 \u00e0s 14h15, com dire\u00e7\u00e3o de Herval Rossano Filho, roteiro de M\u00e1rcio Azevedo e idealiza\u00e7\u00e3o do empres\u00e1rio Edie Silva, j\u00e1 na estreia Szafir recebeu Aguinaldo Silva, um dos mais respeitados autores da dramaturgia brasileira.<\/p>\n\n\n\n<p>Gravado na pr\u00f3pria casa do apresentador, al\u00e9m das entrevistas com famosos, o p\u00fablico contar\u00e1 com quadros de culin\u00e1ria, dicas financeiras, de sustentabilidade e muito mais. \u201cEstou ansioso e muito feliz. Depois de um ano dif\u00edcil na luta contra a COVID-19 \u00e9 o momento de comemorar esta nova fase. \u00c9 um programa feito para a fam\u00edlia. Teremos muito entretenimento e tamb\u00e9m trataremos de assuntos s\u00e9rios, mas com muita leveza\u201d, adianta Luciano.<\/p>\n\n\n\n<p>Filho de um dos mais consagrados autores, Herval Rossano, diretor do cl\u00e1ssico A Escrava Isaura, Herval Rossano Filho foi importado diretamente de Santiago, no Chile, para comandar o Casa Szafir. De f\u00e9rias no Brasil, recebeu o convite e, imediatamente, n\u00e3o pensou duas vezes ao abra\u00e7ar o projeto. \u201cCasa Szafir representa tudo o que penso que tem que ser recolhido e devolvido \u00e0 TV o lugar como ela merece&#8230; Estar perto do p\u00fablico, falar direto olhando para seus olhos com simplicidade, sem pretens\u00e3o, sem superioridade\u201d, diz Herval.<\/p>\n\n\n\n<p>\u201c\u00c9 um programa para resgatar o conv\u00edvio familiar. Em tempos de tanta individualidade, onde cada um vive trancado em seus universos digitais oferecidos por seus smartphones, \u00e9 uma chance de retomar este contato t\u00e3o importante\u201d, explica o roteirista M\u00e1rcio Azevedo.<\/p>\n\n\n\n<p>Idealizado h\u00e1 quase dois anos, o projeto precisou ser interrompido por causa do epis\u00f3dio da interna\u00e7\u00e3o de Luciano por conta do COVID-19. Enquanto Szafir se recuperava, a equipe estava a todo vapor com os preparativos. Algumas mudan\u00e7as foram feitas, entre elas, a loca\u00e7\u00e3o do programa. \u201cEm princ\u00edpio seria em um est\u00fadio, mas em conjunto com Luciano, decidimos gravar na pr\u00f3pria casa dele. Foi uma maneira que encontramos de ter ainda mais aproxima\u00e7\u00e3o com o p\u00fablico. N\u00e3o \u00e9 um reality, mas existe uma pitada de realidade do dia a dia dele. Os filhos, que eventualmente aparecem, a mulher, Luhanna. Uma mistura de fic\u00e7\u00e3o e realidade. Est\u00e1 ficando muito legal!\u201d, entrega Edie Silva.<\/p>\n\n\n\n<p>Al\u00e9m de Szafir, o elenco conta com o humorista Eduardo Martini, respons\u00e1vel por doses alt\u00edssimas de humor. Conhecido por sua atua\u00e7\u00e3o com a personagem Neide Boa Sorte, no programa da Hebe, o ator est\u00e1 de volta como a secret\u00e1ria do lar, Dinha. Com uma paix\u00e3o escondida pelo patr\u00e3o, tocar\u00e1 um verdadeiro rebu durante a programa\u00e7\u00e3o e promete arrancar boas risadas do p\u00fablico.<br>&nbsp; Aos 53 anos, 36 deles de profiss\u00e3o, Luciano Szafir iniciou a carreira como modelo. Atuando, fez hist\u00f3ria com personagens inesquec\u00edveis. Entre eles, o mec\u00e2nico J\u00falio, de Anjo Mau e Zein, de O Clone, reprisada recentemente na TV Globo. Como apresentador, comandou o extinto Voc\u00ea Decide, tamb\u00e9m na Globo. Na Record, apresentou o Extreme Makeover Social e o Programa da Tarde.<br><\/p>\n","protected":false},"excerpt":{"rendered":"<p>Casa Szafir estreou dia 4\/6 e \u00e9 veiculado aos s\u00e1bados pela filiada da SBT, das 13h15 \u00e0s 14h15 O ator e apresentador, Luciano Szafir, que se mudou recentemente com sua fam\u00edlia para Campinas, interior de SP, estreou com seu novo programa semanal &#8216;Casa Szafir&#8217;, gravado na resid\u00eancia do pr\u00f3prio no in\u00edcio do m\u00eas de junho. [&hellip;]<\/p>\n","protected":false},"author":7,"featured_media":7693,"comment_status":"closed","ping_status":"open","sticky":false,"template":"","format":"standard","meta":{"rop_custom_images_group":[],"rop_custom_messages_group":[],"rop_publish_now":"initial","rop_publish_now_accounts":[],"rop_publish_now_history":[],"rop_publish_now_status":"pending","footnotes":""},"categories":[209],"tags":[],"class_list":["post-7692","post","type-post","status-publish","format-standard","has-post-thumbnail","hentry","category-estilo"],"amp_enabled":true,"_links":{"self":[{"href":"https:\/\/imais.online\/portal\/wp-json\/wp\/v2\/posts\/7692","targetHints":{"allow":["GET"]}}],"collection":[{"href":"https:\/\/imais.online\/portal\/wp-json\/wp\/v2\/posts"}],"about":[{"href":"https:\/\/imais.online\/portal\/wp-json\/wp\/v2\/types\/post"}],"author":[{"embeddable":true,"href":"https:\/\/imais.online\/portal\/wp-json\/wp\/v2\/users\/7"}],"replies":[{"embeddable":true,"href":"https:\/\/imais.online\/portal\/wp-json\/wp\/v2\/comments?post=7692"}],"version-history":[{"count":1,"href":"https:\/\/imais.online\/portal\/wp-json\/wp\/v2\/posts\/7692\/revisions"}],"predecessor-version":[{"id":7694,"href":"https:\/\/imais.online\/portal\/wp-json\/wp\/v2\/posts\/7692\/revisions\/7694"}],"wp:featuredmedia":[{"embeddable":true,"href":"https:\/\/imais.online\/portal\/wp-json\/wp\/v2\/media\/7693"}],"wp:attachment":[{"href":"https:\/\/imais.online\/portal\/wp-json\/wp\/v2\/media?parent=7692"}],"wp:term":[{"taxonomy":"category","embeddable":true,"href":"https:\/\/imais.online\/portal\/wp-json\/wp\/v2\/categories?post=7692"},{"taxonomy":"post_tag","embeddable":true,"href":"https:\/\/imais.online\/portal\/wp-json\/wp\/v2\/tags?post=7692"}],"curies":[{"name":"wp","href":"https:\/\/api.w.org\/{rel}","templated":true}]}}