{"id":7754,"date":"2022-07-05T13:51:14","date_gmt":"2022-07-05T16:51:14","guid":{"rendered":"https:\/\/imais.online\/portal\/?p=7754"},"modified":"2022-07-05T13:51:16","modified_gmt":"2022-07-05T16:51:16","slug":"individuo-e-conduzido-a-delegacia-de-policia-por-descumprimento-de-medida-protetiva","status":"publish","type":"post","link":"https:\/\/imais.online\/portal\/individuo-e-conduzido-a-delegacia-de-policia-por-descumprimento-de-medida-protetiva\/","title":{"rendered":"Indiv\u00edduo \u00e9 conduzido a Delegacia de Pol\u00edcia por descumprimento de medida protetiva"},"content":{"rendered":"<div class=\"imais-before-content-placement\" id=\"imais-3118146159\"><script async src=\"\/\/pagead2.googlesyndication.com\/pagead\/js\/adsbygoogle.js?client=ca-pub-8787528412751566\" crossorigin=\"anonymous\"><\/script><ins class=\"adsbygoogle\" style=\"display:block;\" data-ad-client=\"ca-pub-8787528412751566\" \ndata-ad-slot=\"\" \ndata-ad-format=\"auto\"><\/ins>\n<script> \n(adsbygoogle = window.adsbygoogle || []).push({}); \n<\/script>\n<\/div>\n<p>A Guarda Civil de Indaiatuba deteve um homem na tarde de s\u00e1bado (02), por descumprimento de medida protetiva. O caso aconteceu no Jardim Morada do Sol.<\/p>\n\n\n\n<p>O COI (Centro de Opera\u00e7\u00f5es e Intelig\u00eancia) recebeu a informa\u00e7\u00e3o que o ex-marido da v\u00edtima estava em frente a sua resid\u00eancia fazendo amea\u00e7as. Rapidamente a equipe da viatura 146 com o apoio do Canil 105 foram enviadas para o local, na Rua Francisco Cantelli.<\/p>\n\n\n\n<p>No endere\u00e7o informado a v\u00edtima relatou aos agentes que possu\u00eda uma medida protetiva contra o seu ex-marido, que ignorou a ordem judicial e foi at\u00e9 sua resid\u00eancia amea\u00e7\u00e1-la. O homem foi detido e conduzido at\u00e9 a Delegacia de Pol\u00edcia, onde o caso foi apresentado ao delegado de plant\u00e3o.<\/p>\n","protected":false},"excerpt":{"rendered":"<p>A Guarda Civil de Indaiatuba deteve um homem na tarde de s\u00e1bado (02), por descumprimento de medida protetiva. O caso aconteceu no Jardim Morada do Sol. O COI (Centro de Opera\u00e7\u00f5es e Intelig\u00eancia) recebeu a informa\u00e7\u00e3o que o ex-marido da v\u00edtima estava em frente a sua resid\u00eancia fazendo amea\u00e7as. Rapidamente a equipe da viatura 146 [&hellip;]<\/p>\n","protected":false},"author":8,"featured_media":7755,"comment_status":"closed","ping_status":"open","sticky":false,"template":"","format":"standard","meta":{"rop_custom_images_group":[],"rop_custom_messages_group":[],"rop_publish_now":"initial","rop_publish_now_accounts":[],"rop_publish_now_history":[],"rop_publish_now_status":"pending","footnotes":""},"categories":[188],"tags":[],"class_list":["post-7754","post","type-post","status-publish","format-standard","has-post-thumbnail","hentry","category-indaiatuba"],"amp_enabled":true,"_links":{"self":[{"href":"https:\/\/imais.online\/portal\/wp-json\/wp\/v2\/posts\/7754","targetHints":{"allow":["GET"]}}],"collection":[{"href":"https:\/\/imais.online\/portal\/wp-json\/wp\/v2\/posts"}],"about":[{"href":"https:\/\/imais.online\/portal\/wp-json\/wp\/v2\/types\/post"}],"author":[{"embeddable":true,"href":"https:\/\/imais.online\/portal\/wp-json\/wp\/v2\/users\/8"}],"replies":[{"embeddable":true,"href":"https:\/\/imais.online\/portal\/wp-json\/wp\/v2\/comments?post=7754"}],"version-history":[{"count":1,"href":"https:\/\/imais.online\/portal\/wp-json\/wp\/v2\/posts\/7754\/revisions"}],"predecessor-version":[{"id":7756,"href":"https:\/\/imais.online\/portal\/wp-json\/wp\/v2\/posts\/7754\/revisions\/7756"}],"wp:featuredmedia":[{"embeddable":true,"href":"https:\/\/imais.online\/portal\/wp-json\/wp\/v2\/media\/7755"}],"wp:attachment":[{"href":"https:\/\/imais.online\/portal\/wp-json\/wp\/v2\/media?parent=7754"}],"wp:term":[{"taxonomy":"category","embeddable":true,"href":"https:\/\/imais.online\/portal\/wp-json\/wp\/v2\/categories?post=7754"},{"taxonomy":"post_tag","embeddable":true,"href":"https:\/\/imais.online\/portal\/wp-json\/wp\/v2\/tags?post=7754"}],"curies":[{"name":"wp","href":"https:\/\/api.w.org\/{rel}","templated":true}]}}