{"id":7786,"date":"2022-07-06T14:43:31","date_gmt":"2022-07-06T17:43:31","guid":{"rendered":"https:\/\/imais.online\/portal\/?p=7786"},"modified":"2022-07-06T14:43:32","modified_gmt":"2022-07-06T17:43:32","slug":"inscricoes-para-20o-festival-de-rock-de-indaiatuba-estao-abertas-ate-agosto","status":"publish","type":"post","link":"https:\/\/imais.online\/portal\/inscricoes-para-20o-festival-de-rock-de-indaiatuba-estao-abertas-ate-agosto\/","title":{"rendered":"Inscri\u00e7\u00f5es para 20\u00ba Festival de Rock de Indaiatuba est\u00e3o abertas at\u00e9 agosto"},"content":{"rendered":"<div class=\"imais-before-content-placement\" id=\"imais-47696862\"><script async src=\"\/\/pagead2.googlesyndication.com\/pagead\/js\/adsbygoogle.js?client=ca-pub-8787528412751566\" crossorigin=\"anonymous\"><\/script><ins class=\"adsbygoogle\" style=\"display:block;\" data-ad-client=\"ca-pub-8787528412751566\" \ndata-ad-slot=\"\" \ndata-ad-format=\"auto\"><\/ins>\n<script> \n(adsbygoogle = window.adsbygoogle || []).push({}); \n<\/script>\n<\/div>\n<p><em>Eliminat\u00f3rias est\u00e3o programados para setembro e final para outubro<\/em><\/p>\n\n\n\n<p>A Prefeitura de Indaiatuba, por meio da Secretaria Municipal de Cultura, apresenta Edital para Participa\u00e7\u00e3o no 20\u00ba Festival de Rock de Indaiatuba, que compreender\u00e1 as seguintes etapas: Inscri\u00e7\u00e3o, Eliminat\u00f3ria, Final e Premia\u00e7\u00e3o. Os interessados devem acessar o site da Prefeitura e preencher a ficha de inscri\u00e7\u00e3o at\u00e9 o dia 18 de agosto. As eliminat\u00f3rias est\u00e3o programadas para setembro e a final em outubro.<\/p>\n\n\n\n<p>\u201cDepois de celebrarmos a 30\u00aa edi\u00e7\u00e3o do Maio Musical, com muito sucesso, agora teremos a 20\u00aa edi\u00e7\u00e3o do Festival de Rock, outro importante evento que movimenta n\u00e3o somente os m\u00fasicos de Indaiatuba, mas de todo Brasil\u201d, destaca o prefeito Nilson Gaspar.<\/p>\n\n\n\n<p>\u201cAs duas \u00faltimas edi\u00e7\u00f5es do evento aconteceram virtualmente, para que pud\u00e9ssemos manter as bandas de Indaiatuba em atividade e mostrar ao p\u00fablico a excel\u00eancia de seus trabalhos\u201d, recorda a secret\u00e1ria municipal de Cultura, T\u00e2nia Castanho. \u201cEm 2022, voltamos aos palcos com eliminat\u00f3rias e um grande show na final do 20\u00ba Festival de Rock\u201d.<\/p>\n\n\n\n<p>Os objetivos do Festival de Rock de Indaiatuba s\u00e3o incentivar a composi\u00e7\u00e3o e produ\u00e7\u00e3o musical; direcionar o interesse da popula\u00e7\u00e3o e mostrar a import\u00e2ncia da arte como fonte de cultura e lazer; aprimorar e desenvolver a cultura musical, promovendo um interc\u00e2mbio art\u00edstico; e revelar novos talentos.<\/p>\n\n\n\n<p>Solos, duplas e bandas de todo territ\u00f3rio nacional podem participar do 20\u00ba Festival de Rock de Indaiatuba e os participantes dever\u00e3o apresentar duas m\u00fasicas pr\u00f3prias, sendo que somente uma estar\u00e1 concorrendo. A composi\u00e7\u00e3o deve ser original, escrita e interpretada em portugu\u00eas ou ingl\u00eas. N\u00e3o ser\u00e3o permitidos&nbsp;<em>covers<\/em>&nbsp;ou faixas exclusivamente instrumentais.<\/p>\n\n\n\n<p><strong>Calend\u00e1rio<\/strong><\/p>\n\n\n\n<p>Ap\u00f3s o per\u00edodo de inscri\u00e7\u00f5es, dependendo do n\u00famero de inscritos, as eliminat\u00f3rias est\u00e3o programadas para os dias 17, 18, 24 e 25 de setembro, no Espa\u00e7o Viber. Os inscritos ser\u00e3o convocados para o sorteio de dia e ordem de apresenta\u00e7\u00e3o para as eliminat\u00f3rias.<\/p>\n\n\n\n<p>A classifica\u00e7\u00e3o das m\u00fasicas e a atribui\u00e7\u00e3o de pr\u00eamios ficar\u00e1 a cargo da Comiss\u00e3o Julgadora, composta por tr\u00eas profissionais ligados \u00e0 m\u00fasica escolhidos pela Comiss\u00e3o Organizadora. Para a final, ser\u00e3o selecionados os dez melhores pontuados na classifica\u00e7\u00e3o geral, que ser\u00e3o divulgados ao t\u00e9rmino da \u00faltima eliminat\u00f3ria.<\/p>\n\n\n\n<p>Os crit\u00e9rios de avalia\u00e7\u00e3o ser\u00e3o: Interpreta\u00e7\u00e3o (express\u00e3o musical, afina\u00e7\u00e3o, dic\u00e7\u00e3o e presen\u00e7a de palco), Composi\u00e7\u00e3o (letra, estrutura po\u00e9tica, pros\u00f3dia musical e contexto da obra) e Desempenho Musical (criatividade, arranjo, t\u00e9cnica e entrosamento). Cada crit\u00e9rio receber\u00e1 notas de 0 a 10, que poder\u00e3o ser fracionadas.<\/p>\n\n\n\n<p>A banda Insone foi a vencedora do Festival de Rock Virtual de Indaiatuba 2021. A Triunfo ficou em segundo lugar, seguido pela Cries for Help. O pr\u00eamio de Melhor Composi\u00e7\u00e3o foi para a Black Mapache e de Melhor Int\u00e9rprete, para a Triunfo.\u00a0Mais informa\u00e7\u00f5es pelos telefones (19) 3875-8383 ou 3875-6144 ou pelo e-mail\u00a0<a href=\"mailto:cultura.festivalderock@indaiatuba.sp.gov.br\">cultura.festivalderock@indaiatuba.sp.gov.br<\/a>.<\/p>\n\n\n\n<p><\/p>\n","protected":false},"excerpt":{"rendered":"<p>Eliminat\u00f3rias est\u00e3o programados para setembro e final para outubro A Prefeitura de Indaiatuba, por meio da Secretaria Municipal de Cultura, apresenta Edital para Participa\u00e7\u00e3o no 20\u00ba Festival de Rock de Indaiatuba, que compreender\u00e1 as seguintes etapas: Inscri\u00e7\u00e3o, Eliminat\u00f3ria, Final e Premia\u00e7\u00e3o. Os interessados devem acessar o site da Prefeitura e preencher a ficha de inscri\u00e7\u00e3o [&hellip;]<\/p>\n","protected":false},"author":8,"featured_media":7787,"comment_status":"closed","ping_status":"open","sticky":false,"template":"","format":"standard","meta":{"rop_custom_images_group":[],"rop_custom_messages_group":[],"rop_publish_now":"initial","rop_publish_now_accounts":[],"rop_publish_now_history":[],"rop_publish_now_status":"pending","footnotes":""},"categories":[188],"tags":[73],"class_list":["post-7786","post","type-post","status-publish","format-standard","has-post-thumbnail","hentry","category-indaiatuba","tag-featured"],"amp_enabled":true,"_links":{"self":[{"href":"https:\/\/imais.online\/portal\/wp-json\/wp\/v2\/posts\/7786","targetHints":{"allow":["GET"]}}],"collection":[{"href":"https:\/\/imais.online\/portal\/wp-json\/wp\/v2\/posts"}],"about":[{"href":"https:\/\/imais.online\/portal\/wp-json\/wp\/v2\/types\/post"}],"author":[{"embeddable":true,"href":"https:\/\/imais.online\/portal\/wp-json\/wp\/v2\/users\/8"}],"replies":[{"embeddable":true,"href":"https:\/\/imais.online\/portal\/wp-json\/wp\/v2\/comments?post=7786"}],"version-history":[{"count":1,"href":"https:\/\/imais.online\/portal\/wp-json\/wp\/v2\/posts\/7786\/revisions"}],"predecessor-version":[{"id":7788,"href":"https:\/\/imais.online\/portal\/wp-json\/wp\/v2\/posts\/7786\/revisions\/7788"}],"wp:featuredmedia":[{"embeddable":true,"href":"https:\/\/imais.online\/portal\/wp-json\/wp\/v2\/media\/7787"}],"wp:attachment":[{"href":"https:\/\/imais.online\/portal\/wp-json\/wp\/v2\/media?parent=7786"}],"wp:term":[{"taxonomy":"category","embeddable":true,"href":"https:\/\/imais.online\/portal\/wp-json\/wp\/v2\/categories?post=7786"},{"taxonomy":"post_tag","embeddable":true,"href":"https:\/\/imais.online\/portal\/wp-json\/wp\/v2\/tags?post=7786"}],"curies":[{"name":"wp","href":"https:\/\/api.w.org\/{rel}","templated":true}]}}