{"id":7789,"date":"2022-07-06T14:45:24","date_gmt":"2022-07-06T17:45:24","guid":{"rendered":"https:\/\/imais.online\/portal\/?p=7789"},"modified":"2022-07-06T14:45:25","modified_gmt":"2022-07-06T17:45:25","slug":"prefeitura-de-indaiatuba-forma-mais-60-pessoas-no-projeto-educacao-alimentar-do-cresans","status":"publish","type":"post","link":"https:\/\/imais.online\/portal\/prefeitura-de-indaiatuba-forma-mais-60-pessoas-no-projeto-educacao-alimentar-do-cresans\/","title":{"rendered":"Prefeitura de Indaiatuba forma mais 60 pessoas no Projeto Educa\u00e7\u00e3o Alimentar do Cresans"},"content":{"rendered":"<div class=\"imais-before-content-placement\" id=\"imais-2465254944\"><script async src=\"\/\/pagead2.googlesyndication.com\/pagead\/js\/adsbygoogle.js?client=ca-pub-8787528412751566\" crossorigin=\"anonymous\"><\/script><ins class=\"adsbygoogle\" style=\"display:block;\" data-ad-client=\"ca-pub-8787528412751566\" \ndata-ad-slot=\"\" \ndata-ad-format=\"auto\"><\/ins>\n<script> \n(adsbygoogle = window.adsbygoogle || []).push({}); \n<\/script>\n<\/div>\n<p><strong><em>Cerim\u00f4nia foi realizada no Audit\u00f3rio da Prefeitura na ter\u00e7a-feira (5) e contou com a presen\u00e7a do prefeito Nilson Gaspar<\/em><\/strong><\/p>\n\n\n\n<p>A Prefeitura de Indaiatuba promoveu em seu audit\u00f3rio na tarde desta ter\u00e7a-feira (5), a formatura de 60 alunos do Projeto Educa\u00e7\u00e3o Alimentar, realizado pelo Cresans (Centro de Refer\u00eancia em Seguran\u00e7a Alimentar e Nutricional Sustent\u00e1vel). O evento contou com a participa\u00e7\u00e3o do prefeito Nilson Gaspar, do secret\u00e1rio de Assist\u00eancia Social D\u00e9cio Rocha e do vereador Arthur Sp\u00edndola.<\/p>\n\n\n\n<p>O Projeto Educa\u00e7\u00e3o Alimentar tem a dura\u00e7\u00e3o de quatro meses sendo realizadas aulas semanais, nos per\u00edodos manh\u00e3 ou tarde. Os participantes recebem avalia\u00e7\u00e3o f\u00edsica e nutricional, an\u00e1lise dos exames bioqu\u00edmicos e elabora\u00e7\u00e3o de um plano alimentar em grupo, al\u00e9m de aulas em grupo na cozinha experimental. O Projeto tem como objetivo, a preven\u00e7\u00e3o e o tratamento das doen\u00e7as cr\u00f4nicas, promovendo a mudan\u00e7a de h\u00e1bitos alimentares, atrav\u00e9s de orienta\u00e7\u00f5es nutricionais, te\u00f3ricas e pr\u00e1ticas na cozinha experimental do Cresans, onde s\u00e3o indicadas formas de preparo e consumo correto dos alimentos da cesta b\u00e1sica, assim como frutas, verduras e legumes de \u00e9poca e cortes de carnes, caf\u00e9s da manh\u00e3 e lanches entre as refei\u00e7\u00f5es.<\/p>\n\n\n\n<p>O diretor do Cresans Victor Bonequini, reiterou que o projeto n\u00e3o tem como objetivo a perda de peso. \u201cN\u00e3o \u00e9 dieta e sim aprender a comer com variedade os alimentos, sem deixar de comer ou beber o que mais gosta!\u201d, lembrou. \u201cEntre os resultados obtidos, a melhora na gastrite, refluxo, fun\u00e7\u00e3o intestinal, controle da press\u00e3o arterial, redu\u00e7\u00e3o nos n\u00edveis de colesterol, triglic\u00e9rides, gordura no f\u00edgado, glicemia, depress\u00e3o e ins\u00f4nia. Ainda no c\u00e2ncer, indica\u00e7\u00f5es de alimentos que favorecem o paladar do paciente na fase de tratamento quimioter\u00e1pico. A perda de peso \u00e9 simplesmente resultado da ades\u00e3o do participante \u00e0s orienta\u00e7\u00f5es nutricionais recebidas e postas em pr\u00e1tica ao longo do Projeto\u201d, concluiu Bonequini.<\/p>\n\n\n\n<p>Os novos interessados em participar dos pr\u00f3ximos projetos devem manifestar interesse atrav\u00e9s do telefone (19) 3834-4104.<\/p>\n","protected":false},"excerpt":{"rendered":"<p>Cerim\u00f4nia foi realizada no Audit\u00f3rio da Prefeitura na ter\u00e7a-feira (5) e contou com a presen\u00e7a do prefeito Nilson Gaspar A Prefeitura de Indaiatuba promoveu em seu audit\u00f3rio na tarde desta ter\u00e7a-feira (5), a formatura de 60 alunos do Projeto Educa\u00e7\u00e3o Alimentar, realizado pelo Cresans (Centro de Refer\u00eancia em Seguran\u00e7a Alimentar e Nutricional Sustent\u00e1vel). O evento [&hellip;]<\/p>\n","protected":false},"author":8,"featured_media":7790,"comment_status":"closed","ping_status":"open","sticky":false,"template":"","format":"standard","meta":{"rop_custom_images_group":[],"rop_custom_messages_group":[],"rop_publish_now":"initial","rop_publish_now_accounts":[],"rop_publish_now_history":[],"rop_publish_now_status":"pending","footnotes":""},"categories":[188],"tags":[],"class_list":["post-7789","post","type-post","status-publish","format-standard","has-post-thumbnail","hentry","category-indaiatuba"],"amp_enabled":true,"_links":{"self":[{"href":"https:\/\/imais.online\/portal\/wp-json\/wp\/v2\/posts\/7789","targetHints":{"allow":["GET"]}}],"collection":[{"href":"https:\/\/imais.online\/portal\/wp-json\/wp\/v2\/posts"}],"about":[{"href":"https:\/\/imais.online\/portal\/wp-json\/wp\/v2\/types\/post"}],"author":[{"embeddable":true,"href":"https:\/\/imais.online\/portal\/wp-json\/wp\/v2\/users\/8"}],"replies":[{"embeddable":true,"href":"https:\/\/imais.online\/portal\/wp-json\/wp\/v2\/comments?post=7789"}],"version-history":[{"count":1,"href":"https:\/\/imais.online\/portal\/wp-json\/wp\/v2\/posts\/7789\/revisions"}],"predecessor-version":[{"id":7791,"href":"https:\/\/imais.online\/portal\/wp-json\/wp\/v2\/posts\/7789\/revisions\/7791"}],"wp:featuredmedia":[{"embeddable":true,"href":"https:\/\/imais.online\/portal\/wp-json\/wp\/v2\/media\/7790"}],"wp:attachment":[{"href":"https:\/\/imais.online\/portal\/wp-json\/wp\/v2\/media?parent=7789"}],"wp:term":[{"taxonomy":"category","embeddable":true,"href":"https:\/\/imais.online\/portal\/wp-json\/wp\/v2\/categories?post=7789"},{"taxonomy":"post_tag","embeddable":true,"href":"https:\/\/imais.online\/portal\/wp-json\/wp\/v2\/tags?post=7789"}],"curies":[{"name":"wp","href":"https:\/\/api.w.org\/{rel}","templated":true}]}}