{"id":7793,"date":"2022-07-06T15:25:06","date_gmt":"2022-07-06T18:25:06","guid":{"rendered":"https:\/\/imais.online\/portal\/?p=7793"},"modified":"2022-07-06T15:25:07","modified_gmt":"2022-07-06T18:25:07","slug":"governo-estima-queda-de-r-155-na-gasolina-e-r-031-no-etanol","status":"publish","type":"post","link":"https:\/\/imais.online\/portal\/governo-estima-queda-de-r-155-na-gasolina-e-r-031-no-etanol\/","title":{"rendered":"Governo estima queda de R$ 1,55 na gasolina e R$ 0,31 no etanol"},"content":{"rendered":"<div class=\"imais-before-content-placement\" id=\"imais-3914975146\"><script async src=\"\/\/pagead2.googlesyndication.com\/pagead\/js\/adsbygoogle.js?client=ca-pub-8787528412751566\" crossorigin=\"anonymous\"><\/script><ins class=\"adsbygoogle\" style=\"display:block;\" data-ad-client=\"ca-pub-8787528412751566\" \ndata-ad-slot=\"\" \ndata-ad-format=\"auto\"><\/ins>\n<script> \n(adsbygoogle = window.adsbygoogle || []).push({}); \n<\/script>\n<\/div>\n<h2 class=\"wp-block-heading\">C\u00e1lculo foi feito pelo Minist\u00e9rio de Minas e Energia e leva em considera\u00e7\u00e3o as medidas que reduziram tributos dos combust\u00edveis<\/h2>\n\n\n\n<p>Com as propostas do Executivo e a decis\u00e3o do Judici\u00e1rio relativas \u00e0 redu\u00e7\u00e3o dos\u00a0tributos no pre\u00e7o dos combust\u00edveis no pa\u00eds, o governo federal estima que a gasolina tenha queda de R$ 1,55 por litro, e o etanol, de R$ 0,31, tamb\u00e9m por litro. O c\u00e1lculo foi\u00a0divulgado nesta quarta-feira (6).<\/p>\n\n\n\n<p>&#8220;Estima-se um potencial de redu\u00e7\u00e3o dos pre\u00e7os dos combust\u00edveis ao consumidor, com rela\u00e7\u00e3o aos pre\u00e7os praticados na semana de 19 a 26 de junho de 2022, de R$ 1,55\/litro na gasolina (-21%) e R$ 0,31\/litro no etanol hidratado (-6,3%)&#8221;, diz o comunicado.<\/p>\n\n\n\n<p>O c\u00e1lculo foi feito pelo Minist\u00e9rio de Minas e Energia levando em considera\u00e7\u00e3o a\u00a0decis\u00e3o do ministro Andr\u00e9 Mendon\u00e7a,\u00a0do Supremo Tribunal Federal (STF), que atendeu o governo e derrubou pol\u00edticas estaduais de Imposto sobre Circula\u00e7\u00e3o de Mercadorias e Servi\u00e7os (ICMS), al\u00e9m da\u00a0Lei Complementar n\u00ba\u00a0194\/2022,\u00a0que obrigou os estados a aplicar um teto para derivados de petr\u00f3leo.<\/p>\n\n\n\n<p>Com a mudan\u00e7a, os itens diesel, gasolina, energia el\u00e9trica, comunica\u00e7\u00f5es e transporte p\u00fablico passaram a ser considerados &#8220;essenciais e indispens\u00e1veis&#8221;. Antes da mudan\u00e7a, eram classificados como &#8220;sup\u00e9rfluos&#8221;, o que permitia que os estados aplicassem al\u00edquotas acima dos 30% ao valor dos produtos.<\/p>\n\n\n\n<p>Ao menos\u00a019 estados e o Distrito Federal\u00a0limitaram a al\u00edquota do ICMS que incide sobre os combust\u00edveis \u00e0 taxa m\u00e1xima de 18%. S\u00e3o eles: Amap\u00e1, Amazonas, Bahia, Goi\u00e1s, Maranh\u00e3o, Minas Gerais, Par\u00e1, Para\u00edba, Paran\u00e1, Rio de Janeiro, Rio Grande do Norte, Rio Grande do Sul, Rond\u00f4nia, Roraima, Santa Catarina, S\u00e3o Paulo, Sergipe e Alagoas.<\/p>\n\n\n\n<p>Apesar de acatarem a determina\u00e7\u00e3o, o\u00a0DF e 11 estados questionam a validade da lei junto ao STF\u00a0e pedem que a norma seja declarada inconstitucional. A a\u00e7\u00e3o \u00e9 assinada por Pernambuco, Maranh\u00e3o, Para\u00edba, Piau\u00ed, Bahia, Mato Grosso do Sul, Rio Grande do Sul, Sergipe, Rio Grande do Norte, Alagoas, Cear\u00e1 e Distrito Federal. Nenhum estado da regi\u00e3o Sudeste assinou o documento.<\/p>\n\n\n\n<p>Na a\u00e7\u00e3o, os governadores argumentam que se trata de um &#8220;intervencionismo sem precedentes da Uni\u00e3o&#8221;. &#8220;O governo federal pretende resolver a espiral inflacion\u00e1ria. O truque a ser tirado da cartola n\u00e3o \u00e9 um coelho, mas uma bomba prestes a explodir no colo de estados, DF e munic\u00edpios&#8221;, afirmam.<\/p>\n\n\n\n<p>Estados e munic\u00edpios contestam as contas do governo e dizem que as\u00a0perdas com o pacote est\u00e3o em R$ 115 bilh\u00f5es.\u00a0Desse total, R$ 27 bilh\u00f5es seriam perda de receita para as prefeituras, segundo a CNM (Confedera\u00e7\u00e3o Nacional de Munic\u00edpios).\u00a0<\/p>\n\n\n\n<p>Fonte R7<\/p>\n","protected":false},"excerpt":{"rendered":"<p>C\u00e1lculo foi feito pelo Minist\u00e9rio de Minas e Energia e leva em considera\u00e7\u00e3o as medidas que reduziram tributos dos combust\u00edveis Com as propostas do Executivo e a decis\u00e3o do Judici\u00e1rio relativas \u00e0 redu\u00e7\u00e3o dos\u00a0tributos no pre\u00e7o dos combust\u00edveis no pa\u00eds, o governo federal estima que a gasolina tenha queda de R$ 1,55 por litro, e [&hellip;]<\/p>\n","protected":false},"author":8,"featured_media":7794,"comment_status":"closed","ping_status":"open","sticky":false,"template":"","format":"standard","meta":{"rop_custom_images_group":[],"rop_custom_messages_group":[],"rop_publish_now":"initial","rop_publish_now_accounts":[],"rop_publish_now_history":[],"rop_publish_now_status":"pending","footnotes":""},"categories":[192],"tags":[],"class_list":["post-7793","post","type-post","status-publish","format-standard","has-post-thumbnail","hentry","category-economia"],"amp_enabled":true,"_links":{"self":[{"href":"https:\/\/imais.online\/portal\/wp-json\/wp\/v2\/posts\/7793","targetHints":{"allow":["GET"]}}],"collection":[{"href":"https:\/\/imais.online\/portal\/wp-json\/wp\/v2\/posts"}],"about":[{"href":"https:\/\/imais.online\/portal\/wp-json\/wp\/v2\/types\/post"}],"author":[{"embeddable":true,"href":"https:\/\/imais.online\/portal\/wp-json\/wp\/v2\/users\/8"}],"replies":[{"embeddable":true,"href":"https:\/\/imais.online\/portal\/wp-json\/wp\/v2\/comments?post=7793"}],"version-history":[{"count":1,"href":"https:\/\/imais.online\/portal\/wp-json\/wp\/v2\/posts\/7793\/revisions"}],"predecessor-version":[{"id":7795,"href":"https:\/\/imais.online\/portal\/wp-json\/wp\/v2\/posts\/7793\/revisions\/7795"}],"wp:featuredmedia":[{"embeddable":true,"href":"https:\/\/imais.online\/portal\/wp-json\/wp\/v2\/media\/7794"}],"wp:attachment":[{"href":"https:\/\/imais.online\/portal\/wp-json\/wp\/v2\/media?parent=7793"}],"wp:term":[{"taxonomy":"category","embeddable":true,"href":"https:\/\/imais.online\/portal\/wp-json\/wp\/v2\/categories?post=7793"},{"taxonomy":"post_tag","embeddable":true,"href":"https:\/\/imais.online\/portal\/wp-json\/wp\/v2\/tags?post=7793"}],"curies":[{"name":"wp","href":"https:\/\/api.w.org\/{rel}","templated":true}]}}