{"id":7799,"date":"2022-07-06T15:54:28","date_gmt":"2022-07-06T18:54:28","guid":{"rendered":"https:\/\/imais.online\/portal\/?p=7799"},"modified":"2022-07-06T15:54:30","modified_gmt":"2022-07-06T18:54:30","slug":"professor-de-escola-publica-na-zona-sul-de-sp-faz-danca-sensual-em-festa-junina","status":"publish","type":"post","link":"https:\/\/imais.online\/portal\/professor-de-escola-publica-na-zona-sul-de-sp-faz-danca-sensual-em-festa-junina\/","title":{"rendered":"Professor de escola p\u00fablica na zona sul de SP faz dan\u00e7a sensual em festa junina"},"content":{"rendered":"<div class=\"imais-before-content-placement\" id=\"imais-1384280495\"><script async src=\"\/\/pagead2.googlesyndication.com\/pagead\/js\/adsbygoogle.js?client=ca-pub-8787528412751566\" crossorigin=\"anonymous\"><\/script><ins class=\"adsbygoogle\" style=\"display:block;\" data-ad-client=\"ca-pub-8787528412751566\" \ndata-ad-slot=\"\" \ndata-ad-format=\"auto\"><\/ins>\n<script> \n(adsbygoogle = window.adsbygoogle || []).push({}); \n<\/script>\n<\/div>\n<h2 class=\"wp-block-heading\">Pais n\u00e3o gostaram da atitude; segundo Secretaria de Educa\u00e7\u00e3o, o educador foi advertido pela dire\u00e7\u00e3o do col\u00e9gio<\/h2>\n\n\n\n<p>Uma grava\u00e7\u00e3o realizada durante uma festa junina na escola estadual Prof\u00ba Lauro Pereira Travassos, na zona sul de S\u00e3o Paulo, tem causado grande repercuss\u00e3o. Nas imagens um professor sobe ao palco e come\u00e7a a dan\u00e7ar de forma sensual para as crian\u00e7as do ensino fundamental.<\/p>\n\n\n\n<p>A festa junina corria normalmente e ap\u00f3s a tradicional quadrilha, o professor subiu ao palco e come\u00e7ou a dan\u00e7ar. Alguns alunos passaram a imitar os passos do educador. Os pais que estavam ali n\u00e3o gostaram do que viram, alguns consideraram que houve uma exposi\u00e7\u00e3o das crian\u00e7as \u00e0 sensualidade precoce.<\/p>\n\n\n\n<p>Por meio de nota, a Seduc (Secretaria da Educa\u00e7\u00e3o do Estado de S\u00e3o Paulo) informou que &#8220;a manifesta\u00e7\u00e3o n\u00e3o fazia parte das apresenta\u00e7\u00f5es juninas previstas para ocasi\u00e3o e foi prontamente interrompida pela dire\u00e7\u00e3o da unidade. O professor respons\u00e1vel foi advertido e reorientado pela dire\u00e7\u00e3o da escola. A Diretoria da Ensino e a Unidade Escolar est\u00e3o \u00e0 disposi\u00e7\u00e3o para esclarecimentos.&#8221;<\/p>\n\n\n\n<p>No Twitter os internautas tamb\u00e9m se mostram indignados com a atitude do professor. Uma enquete realizada pelo&nbsp;<strong>Balan\u00e7o Geral<\/strong>&nbsp;mostrou que a maioria dos internautas respondeu que a atitude do professor foi inadequada.&nbsp;<\/p>\n\n\n\n<p><\/p>\n\n\n<blockquote class=\"twitter-tweet\">\n<p lang=\"pt\" dir=\"ltr\"><a href=\"https:\/\/twitter.com\/hashtag\/Balan%C3%A7oGeral?src=hash&amp;ref_src=twsrc%5Etfw\">#Balan\u00e7oGeral<\/a>: professor faz dan\u00e7a sensual na escola em festa para crian\u00e7as. Voc\u00ea acha que:<\/p>\n<p>\u2014 Balan\u00e7o Geral (@balancogeral) <a href=\"https:\/\/twitter.com\/balancogeral\/status\/1544338433958625287?ref_src=twsrc%5Etfw\">July 5, 2022<\/a><\/p><\/blockquote>\n<p> <script async=\"\" src=\"https:\/\/platform.twitter.com\/widgets.js\" charset=\"utf-8\"><\/script><\/p>\n\n\n<p>Fonte R7<\/p>\n","protected":false},"excerpt":{"rendered":"<p>Pais n\u00e3o gostaram da atitude; segundo Secretaria de Educa\u00e7\u00e3o, o educador foi advertido pela dire\u00e7\u00e3o do col\u00e9gio Uma grava\u00e7\u00e3o realizada durante uma festa junina na escola estadual Prof\u00ba Lauro Pereira Travassos, na zona sul de S\u00e3o Paulo, tem causado grande repercuss\u00e3o. Nas imagens um professor sobe ao palco e come\u00e7a a dan\u00e7ar de forma sensual [&hellip;]<\/p>\n","protected":false},"author":8,"featured_media":7800,"comment_status":"closed","ping_status":"open","sticky":false,"template":"","format":"standard","meta":{"rop_custom_images_group":[],"rop_custom_messages_group":[],"rop_publish_now":"initial","rop_publish_now_accounts":[],"rop_publish_now_history":[],"rop_publish_now_status":"pending","footnotes":""},"categories":[195],"tags":[],"class_list":["post-7799","post","type-post","status-publish","format-standard","has-post-thumbnail","hentry","category-sao-paulo"],"amp_enabled":true,"_links":{"self":[{"href":"https:\/\/imais.online\/portal\/wp-json\/wp\/v2\/posts\/7799","targetHints":{"allow":["GET"]}}],"collection":[{"href":"https:\/\/imais.online\/portal\/wp-json\/wp\/v2\/posts"}],"about":[{"href":"https:\/\/imais.online\/portal\/wp-json\/wp\/v2\/types\/post"}],"author":[{"embeddable":true,"href":"https:\/\/imais.online\/portal\/wp-json\/wp\/v2\/users\/8"}],"replies":[{"embeddable":true,"href":"https:\/\/imais.online\/portal\/wp-json\/wp\/v2\/comments?post=7799"}],"version-history":[{"count":1,"href":"https:\/\/imais.online\/portal\/wp-json\/wp\/v2\/posts\/7799\/revisions"}],"predecessor-version":[{"id":7801,"href":"https:\/\/imais.online\/portal\/wp-json\/wp\/v2\/posts\/7799\/revisions\/7801"}],"wp:featuredmedia":[{"embeddable":true,"href":"https:\/\/imais.online\/portal\/wp-json\/wp\/v2\/media\/7800"}],"wp:attachment":[{"href":"https:\/\/imais.online\/portal\/wp-json\/wp\/v2\/media?parent=7799"}],"wp:term":[{"taxonomy":"category","embeddable":true,"href":"https:\/\/imais.online\/portal\/wp-json\/wp\/v2\/categories?post=7799"},{"taxonomy":"post_tag","embeddable":true,"href":"https:\/\/imais.online\/portal\/wp-json\/wp\/v2\/tags?post=7799"}],"curies":[{"name":"wp","href":"https:\/\/api.w.org\/{rel}","templated":true}]}}