{"id":780,"date":"2021-08-17T17:36:20","date_gmt":"2021-08-17T20:36:20","guid":{"rendered":"https:\/\/imais.online\/portal\/?p=780"},"modified":"2021-08-17T17:36:22","modified_gmt":"2021-08-17T20:36:22","slug":"enem-2021-esta-marcado-para-21-e-28-de-novembro","status":"publish","type":"post","link":"https:\/\/imais.online\/portal\/enem-2021-esta-marcado-para-21-e-28-de-novembro\/","title":{"rendered":"Enem 2021 est\u00e1 marcado para 21 e 28 de novembro"},"content":{"rendered":"<div class=\"imais-before-content-placement\" id=\"imais-3860372143\"><script async src=\"\/\/pagead2.googlesyndication.com\/pagead\/js\/adsbygoogle.js?client=ca-pub-8787528412751566\" crossorigin=\"anonymous\"><\/script><ins class=\"adsbygoogle\" style=\"display:block;\" data-ad-client=\"ca-pub-8787528412751566\" \ndata-ad-slot=\"\" \ndata-ad-format=\"auto\"><\/ins>\n<script> \n(adsbygoogle = window.adsbygoogle || []).push({}); \n<\/script>\n<\/div>\n<p class=\"has-text-align-center\">Vers\u00f5es impressa e digital do exame ser\u00e3o realizadas na mesma data<\/p>\n\n\n\n<p>O ministro da Educa\u00e7\u00e3o, Milton Ribeiro, anunciou as datas das provas do Exame Nacional do Ensino M\u00e9dio (Enem)&nbsp;de 2021. Pelo Twitter, ele informou que as provas ser\u00e3o aplicadas nos dias 21 e&nbsp;28 de novembro, para as vers\u00f5es impressa e digital.<br><br>&#8220;Conforme eu j\u00e1 havia anunciado dias atr\u00e1s, o Enem 2021 acontecer\u00e1 e ser\u00e1 aplicado neste ano. As provas ser\u00e3o aplicadas nos dias 21 e&nbsp;28 de novembro, para as vers\u00f5es impressa e digital. \u00c9 isso mesmo! A mesma prova, nas mesmas datas, para as duas modalidades&#8221;, postou o ministro na rede social.<img decoding=\"async\" src=\"https:\/\/agenciabrasil.ebc.com.br\/ebc.png?id=1411319&amp;o=node\"><img decoding=\"async\" src=\"https:\/\/agenciabrasil.ebc.com.br\/ebc.gif?id=1411319&amp;o=node\"><\/p>\n\n\n\n<p>Realizado anualmente, o Enem \u00e9 o maior exame para ingresso no ensino superior do pa\u00eds, contando com milh\u00f5es de inscri\u00e7\u00f5es em todo o territ\u00f3rio nacional. As notas do Enem podem ser usadas para participar de programas como o Sistema de Sele\u00e7\u00e3o Unificada (Sisu), o Programa Universidade para Todos (ProUni) e o Fundo de Financiamento Estudantil (Fies).<\/p>\n","protected":false},"excerpt":{"rendered":"<p>Vers\u00f5es impressa e digital do exame ser\u00e3o realizadas na mesma data O ministro da Educa\u00e7\u00e3o, Milton Ribeiro, anunciou as datas das provas do Exame Nacional do Ensino M\u00e9dio (Enem)&nbsp;de 2021. Pelo Twitter, ele informou que as provas ser\u00e3o aplicadas nos dias 21 e&nbsp;28 de novembro, para as vers\u00f5es impressa e digital. &#8220;Conforme eu j\u00e1 havia [&hellip;]<\/p>\n","protected":false},"author":6,"featured_media":784,"comment_status":"closed","ping_status":"open","sticky":false,"template":"","format":"standard","meta":{"rop_custom_images_group":[],"rop_custom_messages_group":[],"rop_publish_now":"initial","rop_publish_now_accounts":[],"rop_publish_now_history":[],"rop_publish_now_status":"pending","footnotes":""},"categories":[189],"tags":[],"class_list":["post-780","post","type-post","status-publish","format-standard","has-post-thumbnail","hentry","category-brasil"],"amp_enabled":true,"_links":{"self":[{"href":"https:\/\/imais.online\/portal\/wp-json\/wp\/v2\/posts\/780","targetHints":{"allow":["GET"]}}],"collection":[{"href":"https:\/\/imais.online\/portal\/wp-json\/wp\/v2\/posts"}],"about":[{"href":"https:\/\/imais.online\/portal\/wp-json\/wp\/v2\/types\/post"}],"author":[{"embeddable":true,"href":"https:\/\/imais.online\/portal\/wp-json\/wp\/v2\/users\/6"}],"replies":[{"embeddable":true,"href":"https:\/\/imais.online\/portal\/wp-json\/wp\/v2\/comments?post=780"}],"version-history":[{"count":1,"href":"https:\/\/imais.online\/portal\/wp-json\/wp\/v2\/posts\/780\/revisions"}],"predecessor-version":[{"id":785,"href":"https:\/\/imais.online\/portal\/wp-json\/wp\/v2\/posts\/780\/revisions\/785"}],"wp:featuredmedia":[{"embeddable":true,"href":"https:\/\/imais.online\/portal\/wp-json\/wp\/v2\/media\/784"}],"wp:attachment":[{"href":"https:\/\/imais.online\/portal\/wp-json\/wp\/v2\/media?parent=780"}],"wp:term":[{"taxonomy":"category","embeddable":true,"href":"https:\/\/imais.online\/portal\/wp-json\/wp\/v2\/categories?post=780"},{"taxonomy":"post_tag","embeddable":true,"href":"https:\/\/imais.online\/portal\/wp-json\/wp\/v2\/tags?post=780"}],"curies":[{"name":"wp","href":"https:\/\/api.w.org\/{rel}","templated":true}]}}