{"id":7882,"date":"2022-07-09T13:59:57","date_gmt":"2022-07-09T16:59:57","guid":{"rendered":"https:\/\/imais.online\/portal\/?p=7882"},"modified":"2022-07-09T13:59:59","modified_gmt":"2022-07-09T16:59:59","slug":"prefeitura-de-indaiatuba-capacita-profissionais-de-saude-para-abordagem-ao-tabagista","status":"publish","type":"post","link":"https:\/\/imais.online\/portal\/prefeitura-de-indaiatuba-capacita-profissionais-de-saude-para-abordagem-ao-tabagista\/","title":{"rendered":"Prefeitura de Indaiatuba capacita profissionais de sa\u00fade para abordagem ao tabagista"},"content":{"rendered":"<div class=\"imais-before-content-placement\" id=\"imais-2361388503\"><script async src=\"\/\/pagead2.googlesyndication.com\/pagead\/js\/adsbygoogle.js?client=ca-pub-8787528412751566\" crossorigin=\"anonymous\"><\/script><ins class=\"adsbygoogle\" style=\"display:block;\" data-ad-client=\"ca-pub-8787528412751566\" \ndata-ad-slot=\"\" \ndata-ad-format=\"auto\"><\/ins>\n<script> \n(adsbygoogle = window.adsbygoogle || []).push({}); \n<\/script>\n<\/div>\n<p><strong><em>Evento reuniu 42 profissionais das 17 unidades de sa\u00fade e Centro de Aten\u00e7\u00e3o Psicosocial<\/em><\/strong><\/p>\n\n\n\n<p>A Secretaria de Sa\u00fade de Indaiatuba promoveu nesta quinta (7) e sexta-feira (8) uma capacita\u00e7\u00e3o para 42 profissionais de sa\u00fade do munic\u00edpio com ensino superior. O evento foi trabalhado em cima do tema: abordagem ao tabagista &#8211; seguindo recomenda\u00e7\u00e3o da Secretaria Estadual de Sa\u00fade. Profissionais de 17 UBS (unidades b\u00e1sicas de sa\u00fade) mais o Centro de Aten\u00e7\u00e3o Psicosocial da cidade participaram.<\/p>\n\n\n\n<p>O objetivo desta capacita\u00e7\u00e3o \u00e9 a retomada do projeto de aten\u00e7\u00e3o ao tabagista que j\u00e1 existe em Indaiatuba. Nos dois dias foram discutidos os seguintes assuntos: Programa Nacional de Controle de Tabagismo, Apoio Medicamentoso, Doen\u00e7as Tabaco-Relacionadas, Tabagismo como Depend\u00eancia, Fatores dificultadores para cessa\u00e7\u00e3o do Tabagismo, Tabagismo e popula\u00e7\u00e3o psiqui\u00e1trica, Entrevista Motivacional, Est\u00e1gios Motivacionais Instrumentos para Avalia\u00e7\u00e3o Inicial, Pol\u00edtica Nacional e Gest\u00e3o Estadual.<\/p>\n\n\n\n<p>Agora os profissionais de Indaiatuba desenvolver\u00e3o um planejamento estrat\u00e9gico para retomar o projeto que cuida das pessoas tabagistas no munic\u00edpio que tem como meta parar de fumar.<\/p>\n","protected":false},"excerpt":{"rendered":"<p>Evento reuniu 42 profissionais das 17 unidades de sa\u00fade e Centro de Aten\u00e7\u00e3o Psicosocial A Secretaria de Sa\u00fade de Indaiatuba promoveu nesta quinta (7) e sexta-feira (8) uma capacita\u00e7\u00e3o para 42 profissionais de sa\u00fade do munic\u00edpio com ensino superior. O evento foi trabalhado em cima do tema: abordagem ao tabagista &#8211; seguindo recomenda\u00e7\u00e3o da Secretaria [&hellip;]<\/p>\n","protected":false},"author":8,"featured_media":7883,"comment_status":"closed","ping_status":"open","sticky":false,"template":"","format":"standard","meta":{"rop_custom_images_group":[],"rop_custom_messages_group":[],"rop_publish_now":"initial","rop_publish_now_accounts":[],"rop_publish_now_history":[],"rop_publish_now_status":"pending","footnotes":""},"categories":[188],"tags":[],"class_list":["post-7882","post","type-post","status-publish","format-standard","has-post-thumbnail","hentry","category-indaiatuba"],"amp_enabled":true,"_links":{"self":[{"href":"https:\/\/imais.online\/portal\/wp-json\/wp\/v2\/posts\/7882","targetHints":{"allow":["GET"]}}],"collection":[{"href":"https:\/\/imais.online\/portal\/wp-json\/wp\/v2\/posts"}],"about":[{"href":"https:\/\/imais.online\/portal\/wp-json\/wp\/v2\/types\/post"}],"author":[{"embeddable":true,"href":"https:\/\/imais.online\/portal\/wp-json\/wp\/v2\/users\/8"}],"replies":[{"embeddable":true,"href":"https:\/\/imais.online\/portal\/wp-json\/wp\/v2\/comments?post=7882"}],"version-history":[{"count":1,"href":"https:\/\/imais.online\/portal\/wp-json\/wp\/v2\/posts\/7882\/revisions"}],"predecessor-version":[{"id":7884,"href":"https:\/\/imais.online\/portal\/wp-json\/wp\/v2\/posts\/7882\/revisions\/7884"}],"wp:featuredmedia":[{"embeddable":true,"href":"https:\/\/imais.online\/portal\/wp-json\/wp\/v2\/media\/7883"}],"wp:attachment":[{"href":"https:\/\/imais.online\/portal\/wp-json\/wp\/v2\/media?parent=7882"}],"wp:term":[{"taxonomy":"category","embeddable":true,"href":"https:\/\/imais.online\/portal\/wp-json\/wp\/v2\/categories?post=7882"},{"taxonomy":"post_tag","embeddable":true,"href":"https:\/\/imais.online\/portal\/wp-json\/wp\/v2\/tags?post=7882"}],"curies":[{"name":"wp","href":"https:\/\/api.w.org\/{rel}","templated":true}]}}