{"id":7935,"date":"2022-07-11T14:23:49","date_gmt":"2022-07-11T17:23:49","guid":{"rendered":"https:\/\/imais.online\/portal\/?p=7935"},"modified":"2022-07-11T14:23:50","modified_gmt":"2022-07-11T17:23:50","slug":"secretaria-de-saude-vacina-mais-de-duas-mil-pessoas-contra-gripe-e-covid-19-neste-final-de-semana","status":"publish","type":"post","link":"https:\/\/imais.online\/portal\/secretaria-de-saude-vacina-mais-de-duas-mil-pessoas-contra-gripe-e-covid-19-neste-final-de-semana\/","title":{"rendered":"Secretaria de Sa\u00fade vacina mais de duas mil pessoas contra gripe e covid-19 neste final de semana"},"content":{"rendered":"<div class=\"imais-before-content-placement\" id=\"imais-600513130\"><script async src=\"\/\/pagead2.googlesyndication.com\/pagead\/js\/adsbygoogle.js?client=ca-pub-8787528412751566\" crossorigin=\"anonymous\"><\/script><ins class=\"adsbygoogle\" style=\"display:block;\" data-ad-client=\"ca-pub-8787528412751566\" \ndata-ad-slot=\"\" \ndata-ad-format=\"auto\"><\/ins>\n<script> \n(adsbygoogle = window.adsbygoogle || []).push({}); \n<\/script>\n<\/div>\n<p><strong><em>Centro Esportivo e Festival de Inverno receberam as equipes de sa\u00fade com o objetivo de ampliar a cobertura vacinal<\/em><\/strong><strong><em><\/em><\/strong><\/p>\n\n\n\n<p>A Secretaria de Sa\u00fade de Indaiatuba vacinou 2.399 pessoas neste fim de semana. 1.616 pessoas foram vacinadas contra a covid-19 no s\u00e1bado (9) no Centro Esportivo e 783 contra a gripe no Festival de Inverno, realizado no s\u00e1bado e domingo (10) no Parque Ecol\u00f3gico.<\/p>\n\n\n\n<p>Graziela Garcia, secret\u00e1ria de Sa\u00fade, comemorou a participa\u00e7\u00e3o dos profissionais da sa\u00fade no Festival de Inverno \u201cquase duas mil pessoas foram vacinadas contra gripe nos dois finais de semana. S\u00e3o duas mil pessoas que neste inverno se protegem, s\u00e3o duas mil pessoas que evitam a transmiss\u00e3o da gripe e consequentemente duas mil pessoas que podem evitar o deslocamento at\u00e9 um servi\u00e7o de sa\u00fade, em decorr\u00eancia a esta doen\u00e7a. A Secretaria de Sa\u00fade vai continuar participando desses eventos sempre que poss\u00edvel para que a gente consiga ampliar nossa cobertura vacinal protegendo nossa popula\u00e7\u00e3o\u201d, comentou Garcia.<\/p>\n\n\n\n<p>A vacina\u00e7\u00e3o contra covid-19 segue no Centro Esportivo nesta semana das 13h \u00e0s 18h.<\/p>\n\n\n\n<p>A vacina contra gripe, liberada para toda a popula\u00e7\u00e3o desde o meio de junho, ainda est\u00e1 dispon\u00edvel em todas unidades b\u00e1sicas de sa\u00fade (UBS) das 7h30 \u00e0s 16h30 para o p\u00fablico a partir de seis meses. Como n\u00e3o h\u00e1 previs\u00e3o pare o recebimento de nova grade, a Secretaria de Sa\u00fade afirmou que esse estoque pode acabar a qualquer momento.<\/p>\n","protected":false},"excerpt":{"rendered":"<p>Centro Esportivo e Festival de Inverno receberam as equipes de sa\u00fade com o objetivo de ampliar a cobertura vacinal A Secretaria de Sa\u00fade de Indaiatuba vacinou 2.399 pessoas neste fim de semana. 1.616 pessoas foram vacinadas contra a covid-19 no s\u00e1bado (9) no Centro Esportivo e 783 contra a gripe no Festival de Inverno, realizado [&hellip;]<\/p>\n","protected":false},"author":8,"featured_media":7936,"comment_status":"closed","ping_status":"open","sticky":false,"template":"","format":"standard","meta":{"rop_custom_images_group":[],"rop_custom_messages_group":[],"rop_publish_now":"initial","rop_publish_now_accounts":[],"rop_publish_now_history":[],"rop_publish_now_status":"pending","footnotes":""},"categories":[188],"tags":[],"class_list":["post-7935","post","type-post","status-publish","format-standard","has-post-thumbnail","hentry","category-indaiatuba"],"amp_enabled":true,"_links":{"self":[{"href":"https:\/\/imais.online\/portal\/wp-json\/wp\/v2\/posts\/7935","targetHints":{"allow":["GET"]}}],"collection":[{"href":"https:\/\/imais.online\/portal\/wp-json\/wp\/v2\/posts"}],"about":[{"href":"https:\/\/imais.online\/portal\/wp-json\/wp\/v2\/types\/post"}],"author":[{"embeddable":true,"href":"https:\/\/imais.online\/portal\/wp-json\/wp\/v2\/users\/8"}],"replies":[{"embeddable":true,"href":"https:\/\/imais.online\/portal\/wp-json\/wp\/v2\/comments?post=7935"}],"version-history":[{"count":1,"href":"https:\/\/imais.online\/portal\/wp-json\/wp\/v2\/posts\/7935\/revisions"}],"predecessor-version":[{"id":7937,"href":"https:\/\/imais.online\/portal\/wp-json\/wp\/v2\/posts\/7935\/revisions\/7937"}],"wp:featuredmedia":[{"embeddable":true,"href":"https:\/\/imais.online\/portal\/wp-json\/wp\/v2\/media\/7936"}],"wp:attachment":[{"href":"https:\/\/imais.online\/portal\/wp-json\/wp\/v2\/media?parent=7935"}],"wp:term":[{"taxonomy":"category","embeddable":true,"href":"https:\/\/imais.online\/portal\/wp-json\/wp\/v2\/categories?post=7935"},{"taxonomy":"post_tag","embeddable":true,"href":"https:\/\/imais.online\/portal\/wp-json\/wp\/v2\/tags?post=7935"}],"curies":[{"name":"wp","href":"https:\/\/api.w.org\/{rel}","templated":true}]}}