{"id":7938,"date":"2022-07-11T14:29:43","date_gmt":"2022-07-11T17:29:43","guid":{"rendered":"https:\/\/imais.online\/portal\/?p=7938"},"modified":"2022-07-11T14:56:37","modified_gmt":"2022-07-11T17:56:37","slug":"inscricoes-para-o-programa-de-inclusao-digital-comecam-na-proxima-segunda-dia-18","status":"publish","type":"post","link":"https:\/\/imais.online\/portal\/inscricoes-para-o-programa-de-inclusao-digital-comecam-na-proxima-segunda-dia-18\/","title":{"rendered":"Inscri\u00e7\u00f5es para o Programa de Inclus\u00e3o Digital come\u00e7am na pr\u00f3xima segunda dia 18"},"content":{"rendered":"<div class=\"imais-before-content-placement\" id=\"imais-1466558535\"><script async src=\"\/\/pagead2.googlesyndication.com\/pagead\/js\/adsbygoogle.js?client=ca-pub-8787528412751566\" crossorigin=\"anonymous\"><\/script><ins class=\"adsbygoogle\" style=\"display:block;\" data-ad-client=\"ca-pub-8787528412751566\" \ndata-ad-slot=\"\" \ndata-ad-format=\"auto\"><\/ins>\n<script> \n(adsbygoogle = window.adsbygoogle || []).push({}); \n<\/script>\n<\/div>\n<p>A Prefeitura de Indaiatuba, atrav\u00e9s da Funda\u00e7\u00e3o Indaiatubana de Educa\u00e7\u00e3o e Cultura (Fiec), informa que, as inscri\u00e7\u00f5es para os cursos de inform\u00e1tica&nbsp;nos n\u00edveis B\u00e1sico, Intermedi\u00e1rio e Avan\u00e7ado&nbsp;do Programa de Inclus\u00e3o Digital,&nbsp;poder\u00e3o ser realizadas no per\u00edodo de 18 a 29 de julho de 2022.<\/p>\n\n\n\n<p>As inscri\u00e7\u00f5es s\u00e3o para os p\u00f3los da Fiec 1 e 2,\u00a0e,\u00a0 Centro de Esportes e Artes Unificados (CEU),e devem ser realizadas online atrav\u00e9s do link\u00a0http:\/\/infobasica.fiecdev.com.br\/#\/home\u00a0\u00a0ou presencialmente na Fiec 2, localizada a Rua Alberto Santos Dumont, n\u00b01.849, no bairro Cidade Nova, das 8h \u00e0s 17h, munidos das c\u00f3pias dos seguintes documentos: RG, CPF e c\u00f3pia de um comprovante de endere\u00e7o com o Cep da rua.<\/p>\n\n\n\n<p>Menores de idade devem estar acompanhados do respons\u00e1vel e caso n\u00e3o possuam RG, dever\u00e3o apresentar c\u00f3pia da Certid\u00e3o de Nascimento.<\/p>\n\n\n\n<p>Os interessados nos n\u00edveis Intermedi\u00e1rio e Avan\u00e7ado, dever\u00e3o apresentar a certifica\u00e7\u00e3o que comprove a forma\u00e7\u00e3o nos n\u00edveis anteriores.<\/p>\n\n\n\n<p>Os cursos s\u00e3o gratuitos e cada m\u00f3dulo t\u00eam dura\u00e7\u00e3o de dois meses. Os alunos aprendem fundamentos b\u00e1sicos, intermedi\u00e1rio e avan\u00e7ado de programas como: Word, Excel, PowerPoint e Internet. As aulas s\u00e3o ministradas por estagi\u00e1rios da Fiec.<\/p>\n\n\n\n<p>Mais informa\u00e7\u00f5es atrav\u00e9s do telefone (19) 3816-7534, com a coordenadora do Programa, Maria Celine Luz.<\/p>\n\n\n\n<p><\/p>\n","protected":false},"excerpt":{"rendered":"<p>A Prefeitura de Indaiatuba, atrav\u00e9s da Funda\u00e7\u00e3o Indaiatubana de Educa\u00e7\u00e3o e Cultura (Fiec), informa que, as inscri\u00e7\u00f5es para os cursos de inform\u00e1tica&nbsp;nos n\u00edveis B\u00e1sico, Intermedi\u00e1rio e Avan\u00e7ado&nbsp;do Programa de Inclus\u00e3o Digital,&nbsp;poder\u00e3o ser realizadas no per\u00edodo de 18 a 29 de julho de 2022. As inscri\u00e7\u00f5es s\u00e3o para os p\u00f3los da Fiec 1 e 2,\u00a0e,\u00a0 Centro [&hellip;]<\/p>\n","protected":false},"author":8,"featured_media":7939,"comment_status":"closed","ping_status":"open","sticky":false,"template":"","format":"standard","meta":{"rop_custom_images_group":[],"rop_custom_messages_group":[],"rop_publish_now":"initial","rop_publish_now_accounts":[],"rop_publish_now_history":[],"rop_publish_now_status":"pending","footnotes":""},"categories":[188],"tags":[],"class_list":["post-7938","post","type-post","status-publish","format-standard","has-post-thumbnail","hentry","category-indaiatuba"],"amp_enabled":true,"_links":{"self":[{"href":"https:\/\/imais.online\/portal\/wp-json\/wp\/v2\/posts\/7938","targetHints":{"allow":["GET"]}}],"collection":[{"href":"https:\/\/imais.online\/portal\/wp-json\/wp\/v2\/posts"}],"about":[{"href":"https:\/\/imais.online\/portal\/wp-json\/wp\/v2\/types\/post"}],"author":[{"embeddable":true,"href":"https:\/\/imais.online\/portal\/wp-json\/wp\/v2\/users\/8"}],"replies":[{"embeddable":true,"href":"https:\/\/imais.online\/portal\/wp-json\/wp\/v2\/comments?post=7938"}],"version-history":[{"count":2,"href":"https:\/\/imais.online\/portal\/wp-json\/wp\/v2\/posts\/7938\/revisions"}],"predecessor-version":[{"id":7941,"href":"https:\/\/imais.online\/portal\/wp-json\/wp\/v2\/posts\/7938\/revisions\/7941"}],"wp:featuredmedia":[{"embeddable":true,"href":"https:\/\/imais.online\/portal\/wp-json\/wp\/v2\/media\/7939"}],"wp:attachment":[{"href":"https:\/\/imais.online\/portal\/wp-json\/wp\/v2\/media?parent=7938"}],"wp:term":[{"taxonomy":"category","embeddable":true,"href":"https:\/\/imais.online\/portal\/wp-json\/wp\/v2\/categories?post=7938"},{"taxonomy":"post_tag","embeddable":true,"href":"https:\/\/imais.online\/portal\/wp-json\/wp\/v2\/tags?post=7938"}],"curies":[{"name":"wp","href":"https:\/\/api.w.org\/{rel}","templated":true}]}}