{"id":7951,"date":"2022-07-12T08:49:59","date_gmt":"2022-07-12T11:49:59","guid":{"rendered":"https:\/\/imais.online\/portal\/?p=7951"},"modified":"2022-07-12T08:50:01","modified_gmt":"2022-07-12T11:50:01","slug":"saae-ressalta-a-importancia-da-economia-de-agua-em-tempos-de-estiagem","status":"publish","type":"post","link":"https:\/\/imais.online\/portal\/saae-ressalta-a-importancia-da-economia-de-agua-em-tempos-de-estiagem\/","title":{"rendered":"Saae ressalta a import\u00e2ncia da economia de \u00e1gua em tempos de estiagem"},"content":{"rendered":"<div class=\"imais-before-content-placement\" id=\"imais-1586558265\"><script async src=\"\/\/pagead2.googlesyndication.com\/pagead\/js\/adsbygoogle.js?client=ca-pub-8787528412751566\" crossorigin=\"anonymous\"><\/script><ins class=\"adsbygoogle\" style=\"display:block;\" data-ad-client=\"ca-pub-8787528412751566\" \ndata-ad-slot=\"\" \ndata-ad-format=\"auto\"><\/ins>\n<script> \n(adsbygoogle = window.adsbygoogle || []).push({}); \n<\/script>\n<\/div>\n<p class=\"has-text-align-center\"><strong><em>O consumo de \u00e1gua tratada de forma consciente minimiza os problemas com a escassez h\u00eddrica e aumenta a vida \u00fatil dos mananciais<\/em><\/strong><\/p>\n\n\n\n<p>O munic\u00edpio de Indaiatuba n\u00e3o tem uma chuva expressiva h\u00e1 mais de 40 dias, quando o pluvi\u00f4metro instalado na Esta\u00e7\u00e3o de Tratamento de \u00c1gua, ETA III no bairro Pimenta, marcou no dia 01 de junho uma precipita\u00e7\u00e3o de 26,6 mil\u00edmetros. A somat\u00f3ria do m\u00eas de junho teve um \u00edndice de precipita\u00e7\u00e3o muito baixa, 39,7 mil\u00edmetros, 50% abaixo da m\u00e9dia dos \u00faltimos 10 anos.<\/p>\n\n\n\n<p>Apesar de ter chovido um pouco mais que em 2021, quando tivemos um dos anos mais secos registrados, os \u00edndices de precipita\u00e7\u00e3o mensais este ano foram baixos, comparando a m\u00e9dia com os anos anteriores. O que refor\u00e7a a import\u00e2ncia do planejamento a longo prazo para se ter um sistema de abastecimento que possa manter a popula\u00e7\u00e3o abastecida com \u00e1gua pot\u00e1vel e minimizar os efeitos das mudan\u00e7as clim\u00e1ticas que tem se acentuado.<\/p>\n\n\n\n<p>O Cons\u00f3rcio PCJ (Cons\u00f3rcio formado pelos munic\u00edpios das bacias dos rios Piracicaba, Capivari e Jundia\u00ed) tem alertado de que a estiagem ser\u00e1 ainda muito severa, e para minimizar os problemas de abastecimento que possam ocorrer, o Saae enfatiza as campanhas que est\u00e3o sendo realizadas: \u201cValorizar a \u00c1gua \u00e9 Preservar a Vida\u201d com dicas de economia de \u00e1gua e \u201cCada Gota faz diferen\u00e7a. Economize \u00e1gua\u201d que alerta para o per\u00edodo de estiagem. Ambas t\u00eam como objetivo conscientizar a popula\u00e7\u00e3o sobre a import\u00e2ncia do uso respons\u00e1vel da \u00e1gua, principalmente no per\u00edodo de seca.<\/p>\n\n\n\n<p>Indaiatuba \u00e9 uma cidade privilegiada porque conta com a Barragem do Rio Capivari-Mirim, em funcionamento desde 2015, e regulariza a vaz\u00e3o do Rio Capivari-Mirim, um importante manancial que abastece 80% da regi\u00e3o Norte da cidade. A barragem deu origem a uma represa com capacidade para armazenar 1,3 bilh\u00e3o de litros, permitindo sua capta\u00e7\u00e3o durante todo ano, inclusive nos per\u00edodos de estiagem prolongada.<\/p>\n\n\n\n<p>E j\u00e1 antevendo a possibilidade dos per\u00edodos de estiagem se tornarem comum e prevendo o crescimento populacional do munic\u00edpio, Indaiatuba tem em seu planejamento para dar in\u00edcio esse ano em obras importantes como a Constru\u00e7\u00e3o de uma nova Esta\u00e7\u00e3o de Tratamento de \u00c1gua no Bairro Tombadouro, novos reservat\u00f3rios de \u00e1gua tratada e a constru\u00e7\u00e3o da Barragem do Pira\u00ed que ser\u00e1 constru\u00edda atrav\u00e9s do Cons\u00f3rcio Intermunicipal do Ribeir\u00e3o Pira\u00ed (CONIRPI), junto com Cabre\u00fava, Itu e Salto, dando ainda mais seguran\u00e7a h\u00eddrica ao nosso munic\u00edpio, regularizando sua vaz\u00e3o, com capacidade de armazenamento de 9,7 bilh\u00f5es de litros.<\/p>\n\n\n\n<p>Mesmo com a estrutura que temos em nosso munic\u00edpio, durante o per\u00edodo de estiagem, o superintendente do Saae, Eng. Pedro Claudio Salla, pede a colabora\u00e7\u00e3o e a aten\u00e7\u00e3o da popula\u00e7\u00e3o quanto ao uso consciente da \u00e1gua. \u201cPara evitar que os n\u00edveis dos reservat\u00f3rios fiquem abaixo do esperado, \u00e9 importante que todos colaborem e usem a \u00e1gua de forma consciente para que seja poss\u00edvel manter o abastecimento da cidade constante\u201d, alerta o superintendente.<\/p>\n\n\n\n<p>A economia no consumo de \u00e1gua tratada minimiza os problemas com a escassez h\u00eddrica, aumentando a vida \u00fatil dos mananciais, uma vez que se reduz o volume de \u00e1gua a ser captada e tratada, o volume de esgotos a serem coletados e tratados e o consumo de energia el\u00e9trica e produtos qu\u00edmicos.<\/p>\n\n\n\n<p><strong>DICAS PARA ECONOMIZAR \u00c1GUA<\/strong><\/p>\n\n\n\n<p>&#8211; Use vassoura e balde para lavar \u00e1reas comuns: tamb\u00e9m diminua o n\u00famero de limpezas.<\/p>\n\n\n\n<p>&#8211; Feche as torneiras para escovar os dentes e se barbear<\/p>\n\n\n\n<p>&#8211; N\u00e3o d\u00ea descarga \u00e0 toa \u2013 n\u00e3o utilize o sanit\u00e1rio como lixeira.<\/p>\n\n\n\n<p>&#8211; Diminua o tempo do banho: na ducha<\/p>\n\n\n\n<p>&#8211; Lave o carro com balde e n\u00e3o com mangueira<\/p>\n\n\n\n<p>&#8211; Molhe plantas pela manh\u00e3 ou \u00e0 noite: Nos hor\u00e1rios mais quentes as plantas absorvem mais \u00e1gua. Troque a mangueira pelo regador.<\/p>\n\n\n\n<p>&#8211; Ao lavar a lou\u00e7a: deixe a lou\u00e7a de molho antes de lavar. Feche a torneira enquanto ensaboa a lou\u00e7a e deixe para enxaguar tudo no final.<\/p>\n\n\n\n<p>&#8211; N\u00e3o jogue \u00f3leo na pia: Um litro de \u00f3leo contamina at\u00e9 400 mil litros de \u00e1gua.<\/p>\n\n\n\n<p>&#8211; Descongele alimentos na geladeira: n\u00e3o use \u00e1gua corrente.<\/p>\n\n\n\n<p>&#8211; Cozinhe legumes em pouca \u00e1gua: dessa forma vai ferver mais r\u00e1pido e voc\u00ea economiza g\u00e1s tamb\u00e9m.<\/p>\n\n\n\n<p><strong>Vazamentos<\/strong>: fique muito atento, pois pode passar despercebido e \u00e9 um dos grandes vil\u00f5es do desperd\u00edcio<strong>.<\/strong><\/p>\n","protected":false},"excerpt":{"rendered":"<p>O consumo de \u00e1gua tratada de forma consciente minimiza os problemas com a escassez h\u00eddrica e aumenta a vida \u00fatil dos mananciais O munic\u00edpio de Indaiatuba n\u00e3o tem uma chuva expressiva h\u00e1 mais de 40 dias, quando o pluvi\u00f4metro instalado na Esta\u00e7\u00e3o de Tratamento de \u00c1gua, ETA III no bairro Pimenta, marcou no dia 01 [&hellip;]<\/p>\n","protected":false},"author":7,"featured_media":7952,"comment_status":"closed","ping_status":"open","sticky":false,"template":"","format":"standard","meta":{"rop_custom_images_group":[],"rop_custom_messages_group":[],"rop_publish_now":"initial","rop_publish_now_accounts":[],"rop_publish_now_history":[],"rop_publish_now_status":"pending","footnotes":""},"categories":[188],"tags":[73],"class_list":["post-7951","post","type-post","status-publish","format-standard","has-post-thumbnail","hentry","category-indaiatuba","tag-featured"],"amp_enabled":true,"_links":{"self":[{"href":"https:\/\/imais.online\/portal\/wp-json\/wp\/v2\/posts\/7951","targetHints":{"allow":["GET"]}}],"collection":[{"href":"https:\/\/imais.online\/portal\/wp-json\/wp\/v2\/posts"}],"about":[{"href":"https:\/\/imais.online\/portal\/wp-json\/wp\/v2\/types\/post"}],"author":[{"embeddable":true,"href":"https:\/\/imais.online\/portal\/wp-json\/wp\/v2\/users\/7"}],"replies":[{"embeddable":true,"href":"https:\/\/imais.online\/portal\/wp-json\/wp\/v2\/comments?post=7951"}],"version-history":[{"count":1,"href":"https:\/\/imais.online\/portal\/wp-json\/wp\/v2\/posts\/7951\/revisions"}],"predecessor-version":[{"id":7953,"href":"https:\/\/imais.online\/portal\/wp-json\/wp\/v2\/posts\/7951\/revisions\/7953"}],"wp:featuredmedia":[{"embeddable":true,"href":"https:\/\/imais.online\/portal\/wp-json\/wp\/v2\/media\/7952"}],"wp:attachment":[{"href":"https:\/\/imais.online\/portal\/wp-json\/wp\/v2\/media?parent=7951"}],"wp:term":[{"taxonomy":"category","embeddable":true,"href":"https:\/\/imais.online\/portal\/wp-json\/wp\/v2\/categories?post=7951"},{"taxonomy":"post_tag","embeddable":true,"href":"https:\/\/imais.online\/portal\/wp-json\/wp\/v2\/tags?post=7951"}],"curies":[{"name":"wp","href":"https:\/\/api.w.org\/{rel}","templated":true}]}}